{"id":1041047,"date":"2026-05-23T15:13:52","date_gmt":"2026-05-23T15:13:52","guid":{"rendered":"https:\/\/www.europesays.com\/de\/1041047\/"},"modified":"2026-05-23T15:13:52","modified_gmt":"2026-05-23T15:13:52","slug":"lets-dance-2026-anna-carina-woitschack-lueftet-ihr-sixpack-geheimnis","status":"publish","type":"post","link":"https:\/\/www.europesays.com\/de\/1041047\/","title":{"rendered":"Let\u2019s Dance 2026: Anna-Carina Woitschack l\u00fcftet ihr Sixpack-Geheimnis"},"content":{"rendered":"<p class=\"AnnotatedMarkup_paragraph__IUT9l\"><strong>Wow, das kann sich sehen lassen!<\/strong><br \/>Nach dem \u201eLet\u2019s Dance\u201d-Halbfinale staunen Anna-Carina Woitschack und Evgeny Vinokurov selbst \u00fcber das, was die vergangenen Trainingswochen mit ihr gemacht haben. Denn bei der S\u00e4ngerin hat sich nicht etwa Verzicht bemerkbar gemacht, sondern knallhartes Tanzpensum. Das Ergebnis zeigt sie uns direkt im Video: ein sexy Sixpack.<\/p>\n<p>Normalerweise klingt ein Sixpack nach Fitnessplan, Disziplin beim Essen und sehr viel Verzicht. Bei <a href=\"https:\/\/www.rtl.de\/themen\/personen\/anna-carina-woitschack-t7656.html\" target=\"_self\" rel=\"nofollow noopener\">Anna-Carina Woitschack<\/a> lief das offenbar anders. Sie erz\u00e4hlt uns, dass sie w\u00e4hrend ihrer Zeit bei \u201eLet\u2019s Dance\u201d so viel gegessen habe wie nie zuvor.<strong> \u201eIch knall wirklich 500 g Nudeln weg mit Bolognese\u201d<\/strong>, verr\u00e4t sie.<\/p>\n<p>Doch nicht nur Pasta stand auf ihrem Tagesplan! \u201eTats\u00e4chlich? Ich habe noch nie so viel gegessen wie bei ,Let\u2019s Dance\u2019 und zwar richtig viel S\u00fc\u00dfkram\u201d, verr\u00e4t sie. <a href=\"https:\/\/www.rtl.de\/themen\/personen\/evgeny-vinokurov-t11092.html\" target=\"_self\" rel=\"nofollow noopener\">Evgeny Vinokurov<\/a> k\u00f6nne das nur best\u00e4tigen. \u201eIch esse viel mehr als er\u201d, sagt sie \u00fcber sich und ihren Tanzpartner.<\/p>\n<p>Trotzdem sei durch die vielen Trainingseinheiten \u201ewirklich sehr viel Fett verloren gegangen\u201d. Das Ergebnis bringt Anna-Carina selbst auf den Punkt: <strong>\u201eIch habe wirklich ein Sixpack und mache daf\u00fcr eigentlich gar nichts au\u00dfer tanzen.\u201d<\/strong><\/p>\n<p>Dass Anna-Carina trotz gro\u00dfer Portionen k\u00f6rperlich so eine Ver\u00e4nderung bemerkt, liegt f\u00fcr Evgeny ziemlich klar auf der Hand. Sein scherzhafter Profi-Tipp: <strong>Wer abnehmen will, soll tanzen<\/strong>. Aber bitte nicht nur ein bisschen im Wohnzimmer.<\/p>\n<p>\u201eFangen Sie mit Tanzen an, acht Stunden pro Tag, vier Mal die Woche plus Probentag und dann ,Let\u2019s Dance\u2019\u201d, witzelt er. Klingt nach Spa\u00df, aber eben auch nach Muskelkater-Garantie. Und falls jemand noch pers\u00f6nliche Beratung braucht, hat Evgeny schon die passende Idee: \u201eSie k\u00f6nnen mich buchen. Als Ern\u00e4hrungsberater und Fitnessberater.\u201d<\/p>\n","protected":false},"excerpt":{"rendered":"Wow, das kann sich sehen lassen!Nach dem \u201eLet\u2019s Dance\u201d-Halbfinale staunen Anna-Carina Woitschack und Evgeny Vinokurov selbst \u00fcber das,&hellip;\n","protected":false},"author":2,"featured_media":1041048,"comment_status":"","ping_status":"","sticky":false,"template":"","format":"standard","meta":{"footnotes":"","_share_on_mastodon":"0"},"categories":[1773],"tags":[3537,29,214,30,639,171330,171329,471,1780,641,684,215,3538],"class_list":["post-1041047","post","type-post","status-publish","format-standard","has-post-thumbnail","category-serien","tag-daniel-hartwich","tag-deutschland","tag-entertainment","tag-germany","tag-lets-dance","tag-lets-dance-19-staffel","tag-lets-dance-2026","tag-serien","tag-series","tag-tanzshow","tag-tv","tag-unterhaltung","tag-victoria-swarovski"],"share_on_mastodon":{"url":"https:\/\/pubeurope.com\/@de\/116624547263436904","error":""},"_links":{"self":[{"href":"https:\/\/www.europesays.com\/de\/wp-json\/wp\/v2\/posts\/1041047","targetHints":{"allow":["GET"]}}],"collection":[{"href":"https:\/\/www.europesays.com\/de\/wp-json\/wp\/v2\/posts"}],"about":[{"href":"https:\/\/www.europesays.com\/de\/wp-json\/wp\/v2\/types\/post"}],"author":[{"embeddable":true,"href":"https:\/\/www.europesays.com\/de\/wp-json\/wp\/v2\/users\/2"}],"replies":[{"embeddable":true,"href":"https:\/\/www.europesays.com\/de\/wp-json\/wp\/v2\/comments?post=1041047"}],"version-history":[{"count":0,"href":"https:\/\/www.europesays.com\/de\/wp-json\/wp\/v2\/posts\/1041047\/revisions"}],"wp:featuredmedia":[{"embeddable":true,"href":"https:\/\/www.europesays.com\/de\/wp-json\/wp\/v2\/media\/1041048"}],"wp:attachment":[{"href":"https:\/\/www.europesays.com\/de\/wp-json\/wp\/v2\/media?parent=1041047"}],"wp:term":[{"taxonomy":"category","embeddable":true,"href":"https:\/\/www.europesays.com\/de\/wp-json\/wp\/v2\/categories?post=1041047"},{"taxonomy":"post_tag","embeddable":true,"href":"https:\/\/www.europesays.com\/de\/wp-json\/wp\/v2\/tags?post=1041047"}],"curies":[{"name":"wp","href":"https:\/\/api.w.org\/{rel}","templated":true}]}}