{"id":1041088,"date":"2026-05-23T15:35:20","date_gmt":"2026-05-23T15:35:20","guid":{"rendered":"https:\/\/www.europesays.com\/de\/1041088\/"},"modified":"2026-05-23T15:35:20","modified_gmt":"2026-05-23T15:35:20","slug":"druckerbrand-in-knielingen-zwingt-feuerwehr-zu-grossaufgebot-im-einsatz","status":"publish","type":"post","link":"https:\/\/www.europesays.com\/de\/1041088\/","title":{"rendered":"Druckerbrand in Knielingen zwingt Feuerwehr zu Gro\u00dfaufgebot im Einsatz"},"content":{"rendered":"<p class=\"mb-6 text-xs md:text-m lg:text-l font-serif group-[.font-sans]:font-sans \">\n    Am Nachmittag um 14.44 Uhr wurde die Feuerwehr <a href=\"https:\/\/www.ka-news.de\/karlsruhe\" target=\"_self\" class=\"underline \" rel=\"nofollow noopener\">Karlsruhe<\/a> zu einer Rauchentwicklung in einem Geb\u00e4ude in der Egon-Eiermann-Allee alarmiert. Beim Eintreffen der Einsatzkr\u00e4fte wenige Minuten sp\u00e4ter drang bereits dichter Rauch aus einem Verkaufsraum im ersten und zweiten Obergeschoss.\n  <\/p>\n<p>            Drucker verursacht Rauchentwicklung im Geb\u00e4ude<\/p>\n<p class=\"mb-6 text-xs md:text-m lg:text-l font-serif group-[.font-sans]:font-sans \">\n    Der Ausl\u00f6ser der Rauchentwicklung war laut Branddirektion ein Drucker, der zuvor Feuer gefangen hatte, beim Eintreffen der Feuerwehr jedoch bereits erloschen war. Trotz des bereits gel\u00f6schten Brandes waren beide Etagen erheblich verraucht. Eine Evakuierung des Geb\u00e4udes sei nach Angaben der Feuerwehr nicht notwendig gewesen. Personen kamen  bei dem Vorfall nicht zu Schaden.\n  <\/p>\n<p class=\"mb-6 text-xs md:text-m lg:text-l font-serif group-[.font-sans]:font-sans \">\n    Die Einsatzkr\u00e4fte kontrollierten die betroffenen Bereiche unter Atemschutz und begannen anschlie\u00dfend mit umfangreichen L\u00fcftungsma\u00dfnahmen. Mithilfe von L\u00fcftern wurde der Rauch aus den betroffenen Geschossen entfernt.\n  <\/p>\n<p>            Rettungsdienst und Polizei unterst\u00fctzen Feuerwehr<\/p>\n<p class=\"mb-6 text-xs md:text-m lg:text-l font-serif group-[.font-sans]:font-sans \">\n    Insgesamt waren 25 Kr\u00e4fte der Berufs- und Freiwilligen Feuerwehr Karlsruhe im Einsatz, darunter auch die Abteilung Knielingen. Zudem waren Polizei und Rettungsdienst vor Ort. Verkehrsbehinderungen habe es infolge des Einsatzes nicht gegeben.<br \/>\nDer Einsatz war laut Feuerwehr gegen 14.55 Uhr unter Kontrolle.\n  <\/p>\n","protected":false},"excerpt":{"rendered":"Am Nachmittag um 14.44 Uhr wurde die Feuerwehr Karlsruhe zu einer Rauchentwicklung in einem Geb\u00e4ude in der Egon-Eiermann-Allee&hellip;\n","protected":false},"author":2,"featured_media":1041089,"comment_status":"","ping_status":"","sticky":false,"template":"","format":"standard","meta":{"footnotes":"","_share_on_mastodon":"0"},"categories":[1844],"tags":[48335,1634,3364,29,223124,6308,985,30,8903,120735,121,3787,34171,2843],"class_list":["post-1041088","post","type-post","status-publish","format-standard","has-post-thumbnail","category-karlsruhe","tag-alarmbereitschaft","tag-baden-wuerttemberg","tag-de","tag-deutschland","tag-druckerbrand","tag-evakuierung","tag-feuerwehr","tag-germany","tag-karlsruhe","tag-knielingen","tag-polizei","tag-rauchentwicklung","tag-rauchwolke","tag-rettungskraft"],"share_on_mastodon":{"url":"https:\/\/pubeurope.com\/@de\/116624629918813827","error":""},"_links":{"self":[{"href":"https:\/\/www.europesays.com\/de\/wp-json\/wp\/v2\/posts\/1041088","targetHints":{"allow":["GET"]}}],"collection":[{"href":"https:\/\/www.europesays.com\/de\/wp-json\/wp\/v2\/posts"}],"about":[{"href":"https:\/\/www.europesays.com\/de\/wp-json\/wp\/v2\/types\/post"}],"author":[{"embeddable":true,"href":"https:\/\/www.europesays.com\/de\/wp-json\/wp\/v2\/users\/2"}],"replies":[{"embeddable":true,"href":"https:\/\/www.europesays.com\/de\/wp-json\/wp\/v2\/comments?post=1041088"}],"version-history":[{"count":0,"href":"https:\/\/www.europesays.com\/de\/wp-json\/wp\/v2\/posts\/1041088\/revisions"}],"wp:featuredmedia":[{"embeddable":true,"href":"https:\/\/www.europesays.com\/de\/wp-json\/wp\/v2\/media\/1041089"}],"wp:attachment":[{"href":"https:\/\/www.europesays.com\/de\/wp-json\/wp\/v2\/media?parent=1041088"}],"wp:term":[{"taxonomy":"category","embeddable":true,"href":"https:\/\/www.europesays.com\/de\/wp-json\/wp\/v2\/categories?post=1041088"},{"taxonomy":"post_tag","embeddable":true,"href":"https:\/\/www.europesays.com\/de\/wp-json\/wp\/v2\/tags?post=1041088"}],"curies":[{"name":"wp","href":"https:\/\/api.w.org\/{rel}","templated":true}]}}