{"id":1041130,"date":"2026-05-23T16:00:22","date_gmt":"2026-05-23T16:00:22","guid":{"rendered":"https:\/\/www.europesays.com\/de\/1041130\/"},"modified":"2026-05-23T16:00:22","modified_gmt":"2026-05-23T16:00:22","slug":"schon-mehr-als-400-marathons-duisburger-pater-laeuft-fuer-spendengelder-regional","status":"publish","type":"post","link":"https:\/\/www.europesays.com\/de\/1041130\/","title":{"rendered":"Schon mehr als 400 Marathons: Duisburger Pater l\u00e4uft f\u00fcr Spendengelder | Regional"},"content":{"rendered":"<p><a class=\"skip-content skip-content--link\" href=\"#in-content-skip-link-target-v-0-0\">TTS-Player \u00fcberspringen\u21b5<\/a><a id=\"in-content-skip-link-target-v-0-0\" class=\"skip-content--target-link-hidden skip-content skip-content--target-link\" href=\"#in-content-skip-link-target-v-0-0\">Artikel weiterlesen<\/a><\/p>\n<p data-780e759e=\"0-720\">Duisburg (Nordrhein-Westfalen) \u2013 <b>Sonntags fr\u00fch aufstehen, 42 Kilometer laufen, dann die Messe halten \u2013 f\u00fcr Tobias Breer ist das keine Ausnahme, sondern Alltag. Der 62-j\u00e4hrige Ordenspriester aus der Herz-Jesu-Gemeinde in Duisburg-Neum\u00fchl hat schon mehr als 400 Marathons auf sieben Kontinenten absolviert. Dabei hat er etwas geschafft, das kaum ein Sportler von sich sagen kann: 2,2 Millionen Euro Spendengelder f\u00fcr Kinder in Not gesammelt.<\/b><\/p>\n<p data-780e759e=\"0-720\">Der \u201eL\u00e4ufer im Auftrag des Herrn\u201c begann vor 20 Jahren, seine Marathon-Leidenschaft mit seinen sozialen Initiativen in Duisburg (<a href=\"https:\/\/www.bild.de\/regional\/nordrhein-westfalen\/home-npIP0qL0giWP1ZFIOHn2\" class=\"text-link\" rel=\"nofollow noopener\" target=\"_blank\">Nordrhein-Westfalen<\/a>) zu verbinden. Seitdem macht er an jedem Start Werbung f\u00fcr seine Projekte, gewinnt Geldgeber. \u201eUnter den Folgen von Armut leiden vor allem Kinder. Ihre Zukunft, Gesundheit und Bildung stehen f\u00fcr mich im Mittelpunkt\u201c, sagt der durchtrainierte <a href=\"https:\/\/www.bild.de\/themen\/organisationen\/christentum\/weltreligion-news-fotos-videos-22941902.bild.html\" class=\"text-link\" rel=\"nofollow noopener\" target=\"_blank\">Gottesmann<\/a>.<\/p>\n<p><img decoding=\"async\" width=\"992\" height=\"558\" alt=\"Pater Tobias (62) beim Hochamt am Altar seiner Duisburger Gemeinde\" src=\"https:\/\/www.europesays.com\/de\/wp-content\/uploads\/2026\/05\/5aeab0a4919853933e8c7496b513f572,6dad0759.jpeg\"   class=\"landscape\" loading=\"lazy\"\/><\/p>\n<p class=\"fig__caption__text\">Pater Tobias (62) bei der Sonntagsmesse am Altar seiner Duisburger Gemeinde<\/p>\n<p>Foto: Tim Foltin<\/p>\n<p>\u201eWer etwas bewegen will, muss sich bewegen\u201c<\/p>\n<p data-780e759e=\"721-1440\">Schwimmkurse, Kinder-Kochschule, Reittherapie und die Gr\u00fcndung der Sozialeinrichtung LebensWert gGmbH wurden durch seine mehr als 400\u00a0Langstreckenl\u00e4ufe erst m\u00f6glich. Sponsorengelder sichern drei Stellen in der Gemeinde. \u201eWer etwas bewegen will, muss sich bewegen\u201c, sagt <a href=\"https:\/\/www.pater-tobias.de\/\" target=\"_blank\" rel=\"nofollow noopener\" class=\"text-link\">Pater Tobias<\/a>. <\/p>\n<p data-780e759e=\"721-1440\">Die Zahlen hinter diesem Leben sind kaum zu fassen. 104 <a href=\"https:\/\/www.bild.de\/themen\/specials\/joggen\/joggen-laufen-sie-sich-gluecklich-2-42319672.bild.html\" class=\"text-link\" rel=\"nofollow noopener\" target=\"_blank\">Marathons<\/a> allein im vergangenen Jahr, insgesamt mehr als 400 Marathon- und Extremrennen. Nach eigenen Angaben ist er insgesamt bereits mehr als 60.000\u00a0Kilometer gerannt \u2013 bei Temperaturen zwischen -27\u00a0Grad (Antarktis-Halbmarathon) und 40 Grad (Kamerun-Lauf). Die l\u00e4ngste Distanz f\u00fchrte ihn 172\u00a0Kilometer durch die W\u00fcste (Oman-Ultramarathon). Nach sechs Tagen kam er ins Ziel. <\/p>\n<p><img decoding=\"async\" width=\"992\" height=\"649\" alt=\"Tobias Breer (62) mit der Six Star Finisher Medaille, einer der h\u00f6chsten Auszeichnungen f\u00fcr Hobbyathleten\" src=\"https:\/\/www.europesays.com\/de\/wp-content\/uploads\/2026\/05\/140cbc8078abe1b204e5ea8e85de0f0f,faa2a195.jpeg\"   class=\"dynamic\" loading=\"lazy\"\/><\/p>\n<p class=\"fig__caption__text\">Tobias Breer (62) mit der Six-Star-Finisher-Medaille, einer der h\u00f6chsten Auszeichnungen f\u00fcr Hobbyathleten<\/p>\n<p>Foto: Tim Foltin<\/p>\n<p>\u00dcber 400 Marathons und Extreml\u00e4ufe auf 7 Kontinenten<\/p>\n<p data-780e759e=\"1441-2160\">F\u00fcr ein Herzensprojekt ist er gerade den <a href=\"https:\/\/www.pater-tobias.de\/marathon-des-royaumes-aneho-togo-2023\" target=\"_blank\" rel=\"nofollow noopener\" class=\"text-link\">Marathon in Togo<\/a> gelaufen. Die Spenden flie\u00dfen unter anderem in einen Kindergarten-Neubau. Es ist schon die vierte Kita in Togo, die durch den deutschen Leistungssportler realisiert werden kann. <\/p>\n<p data-780e759e=\"1441-2160\">Wichtigste Challenge dabei: Die Lauftermine mit den Aufgaben als Gemeindepriester zu koordinieren. Denn Taufen, Hochzeiten, Beerdigungen und Messen h\u00e4lt er nat\u00fcrlich auch ab. \u201eViele Predigten verfasse ich beim Laufen. Da habe ich Zeit, ohne Ablenkung fokussiert nachzudenken\u201c, erkl\u00e4rt er.<\/p>\n<p><img decoding=\"async\" width=\"992\" height=\"558\" alt=\"Der Duisburger Pater (62) mit Brigitta Trzeczak und Hannah Siemes vom Verein Togo-Projekte e.V. und den afrikanischen Kita-Kindern\" src=\"https:\/\/www.europesays.com\/de\/wp-content\/uploads\/2026\/05\/0f9227b3c9a1a0e0520d0d040a37e260,8fe01fc9.jpeg\"   class=\"landscape\" loading=\"lazy\"\/><\/p>\n<p class=\"fig__caption__text\">Der Duisburger Pater (62) mit Brigitta Trzeczak und Hannah Siemes vom Verein Togo-Projekte e.V. und den afrikanischen Kita-Kindern<\/p>\n<p>Foto: Privat<\/p>\n<p> An dieser Stelle findest du Inhalte aus Instagram <\/p>\n<p> Um mit Inhalten aus Instagram und anderen sozialen Netzwerken zu interagieren oder diese darzustellen, brauchen wir deine Zustimmung. <\/p>\n<p> soziale Netzwerke aktivieren  Um eingebettete Inhalte anzuzeigen, ist Ihre jederzeit widerrufliche Einwilligung (\u00fcber den Schalter oder \u00fcber &#8220; <a class=\"embed-placeholder__text-link\" href=\"#\" rel=\"noopener noreferrer\" title=\"Tracking widerrufen\"> Widerruf Tracking und Cookies<\/a> &#8220; am Seitenende) zur Verarbeitung personenbezogener Daten n\u00f6tig.  Dabei k\u00f6nnen Daten in Drittl\u00e4nder wie die USA \u00fcbermittelt werden (Art. 49 Abs. 1 lit. a DSGVO). Mit dem Aktivieren des Inhalts stimmen Sie zu. Weitere Infos finden Sie <a class=\"embed-placeholder__text-link\" href=\"#\" rel=\"noopener noreferrer\" title=\"Zu den Privatsph\u00e4re Einstellungen\"> hier<\/a>. Teils f\u00fcnfstellige Summen pro Lauf<\/p>\n<p data-780e759e=\"2161-2881\">L\u00e4ngst ist der \u201eL\u00e4ufer im Auftrag des Herrn\u201c auch als <a href=\"https:\/\/www.bild.de\/themen\/personen\/influencer-aktuelle-news-und-videos-LWyZkd3M9dJ5aZ93lRGq\" class=\"text-link\" rel=\"nofollow noopener\" target=\"_blank\">Influencer<\/a> fit. Zehntausende Follower bei Instagram, YouTube und Tiktok liken Glaubensinhalte und Sporterfolge, wie Pater Tobias\u2019 Aufnahme ins \u201eWorld Megamarathon-Ranking 300+\u201c, die Weltrangliste der L\u00e4ufer mit mehr als 300 Langstreckenerfolgen.<\/p>\n<p data-780e759e=\"2161-2881\">Pro absolviertem Lauf landen teils f\u00fcnfstellige Summen auf dem Konto. Geld, ohne das das Leben in der Neum\u00fchler Herz-Jesu-Gemeinde ein schlechteres w\u00e4re. Der Gedanke ans Aufh\u00f6ren ist deshalb noch ganz weit weg. \u201eJeder Kilometer ist Hoffnung. Ich tr\u00e4ume davon, an meinem 84. Geburtstag den letzten Marathon zu laufen\u201c, lacht der Duisburger.<\/p>\n","protected":false},"excerpt":{"rendered":"TTS-Player \u00fcberspringen\u21b5Artikel weiterlesen Duisburg (Nordrhein-Westfalen) \u2013 Sonntags fr\u00fch aufstehen, 42 Kilometer laufen, dann die Messe halten \u2013 f\u00fcr&hellip;\n","protected":false},"author":2,"featured_media":1041131,"comment_status":"","ping_status":"","sticky":false,"template":"","format":"standard","meta":{"footnotes":"","_share_on_mastodon":"0"},"categories":[1838],"tags":[25593,3364,181674,29,3715,30,6590,4082,1209,6857,47260],"class_list":["post-1041130","post","type-post","status-publish","format-standard","has-post-thumbnail","category-duisburg","tag-arm","tag-de","tag-deep-news","tag-deutschland","tag-duisburg","tag-germany","tag-katholische-kirche","tag-marathon","tag-nordrhein-westfalen","tag-spenden","tag-togo"],"share_on_mastodon":{"url":"https:\/\/pubeurope.com\/@de\/116624729798547462","error":""},"_links":{"self":[{"href":"https:\/\/www.europesays.com\/de\/wp-json\/wp\/v2\/posts\/1041130","targetHints":{"allow":["GET"]}}],"collection":[{"href":"https:\/\/www.europesays.com\/de\/wp-json\/wp\/v2\/posts"}],"about":[{"href":"https:\/\/www.europesays.com\/de\/wp-json\/wp\/v2\/types\/post"}],"author":[{"embeddable":true,"href":"https:\/\/www.europesays.com\/de\/wp-json\/wp\/v2\/users\/2"}],"replies":[{"embeddable":true,"href":"https:\/\/www.europesays.com\/de\/wp-json\/wp\/v2\/comments?post=1041130"}],"version-history":[{"count":0,"href":"https:\/\/www.europesays.com\/de\/wp-json\/wp\/v2\/posts\/1041130\/revisions"}],"wp:featuredmedia":[{"embeddable":true,"href":"https:\/\/www.europesays.com\/de\/wp-json\/wp\/v2\/media\/1041131"}],"wp:attachment":[{"href":"https:\/\/www.europesays.com\/de\/wp-json\/wp\/v2\/media?parent=1041130"}],"wp:term":[{"taxonomy":"category","embeddable":true,"href":"https:\/\/www.europesays.com\/de\/wp-json\/wp\/v2\/categories?post=1041130"},{"taxonomy":"post_tag","embeddable":true,"href":"https:\/\/www.europesays.com\/de\/wp-json\/wp\/v2\/tags?post=1041130"}],"curies":[{"name":"wp","href":"https:\/\/api.w.org\/{rel}","templated":true}]}}