{"id":1041139,"date":"2026-05-23T16:05:41","date_gmt":"2026-05-23T16:05:41","guid":{"rendered":"https:\/\/www.europesays.com\/de\/1041139\/"},"modified":"2026-05-23T16:05:41","modified_gmt":"2026-05-23T16:05:41","slug":"chaos-in-hannover-bahnsteige-waren-wegen-ueberfuellung-gesperrt-2","status":"publish","type":"post","link":"https:\/\/www.europesays.com\/de\/1041139\/","title":{"rendered":"Chaos in Hannover: Bahnsteige waren wegen \u00dcberf\u00fcllung gesperrt"},"content":{"rendered":"<p>\n                Stand: 23.05.2026 11:59 Uhr<\/p>\n<p class=\"preface\">Am Hauptbahnhof Hannover hatten am Freitag zeitweise fast alle Regional- und Fernz\u00fcge Versp\u00e4tung. Schuld war der Deutschen Bahn zufolge eine Weichenst\u00f6rung bei Laatzen. Der Verband &#8222;Die G\u00fcterbahnen&#8220; \u00fcbt massive Kritik.<\/p>\n<p class=\"textauthor\">von Gino Egbers und Janine Klemmt<\/p>\n<p class=\"\">Neben Laatzen hatte es auch in Seelze (Region Hannover) und Hamburg Probleme gegeben. Eine Bahnsprecherin teilte dem NDR Niedersachsen am Samstag mit, die St\u00f6rungen seien behoben. &#8222;Der Zugverkehr hat sich normalisiert,&#8220; sagte die Sprecherin. Reisende sollten jedoch beachten, dass wegen des langen Pfingstwochenendes mehr Menschen in den Z\u00fcgen sowie an Bahnsteigen unterwegs seien. Es k\u00f6nne also voll werden an diesem Wochenende.<\/p>\n<p>    Menschenmassen auf Bahnsteigen und Treppen<\/p>\n<p>                    <a href=\"https:\/\/www.europesays.com\/de\/wp-content\/uploads\/2026\/05\/bahn-1174.webp\" class=\"zoomimage\" title=\"Bild vergr\u00f6\u00dfern\"><\/p>\n<p>        <img decoding=\"async\" src=\"https:\/\/www.europesays.com\/de\/wp-content\/uploads\/2026\/05\/bahn-1174.webp\" alt=\"Menschenmassen am Hauptbahnhof Hannover. Der Zugverkehr war extrem gest\u00f6rt.\" title=\"Nichts geht mehr: Am Hauptbahnhof Hannover waren Bahngleise v\u00f6llig \u00fcberf\u00fcllt. | NDR\" class=\"responsive\" loading=\"lazy\"\/><\/p>\n<p>                    <\/a><\/p>\n<p>                    Nichts geht mehr: Am Hauptbahnhof Hannover waren Bahngleise v\u00f6llig \u00fcberf\u00fcllt.<\/p>\n<p class=\"\">Am Freitagnachmittag war es am Hauptbahnhof Hannover zu \u00fcberf\u00fcllten Bahnh\u00f6fen gekommen. Auf den Bahnsteigen und Treppen dr\u00e4ngten sich die Menschen. F\u00fcr sie gab es oft weder Vor noch Zur\u00fcck. Fast alle Regional- und Fernz\u00fcge hatten Versp\u00e4tung, teils 100 Minuten. Es kam zu R\u00fcckstaus unter anderem von G\u00fcterz\u00fcgen, auf den Bahnh\u00f6fen mussten Bahnsteige wegen \u00dcberf\u00fcllung geschlossen werden.<\/p>\n<blockquote><p>\n        Der ganze Bahnhof ist \u00fcberf\u00fcllt. Ich wei\u00df jetzt nicht, was ich tun soll. Ich schau in die App. Und auch in der App wird das jetzt nicht richtig angezeigt<\/p>\n<p>                Reisender am Bahnhof Hannover<\/p>\n<\/blockquote>\n<p>    G\u00fcterz\u00fcg-Verband: &#8222;Kontrollverlust mit Ansage&#8220;<\/p>\n<p class=\"\">Als ein grunds\u00e4tzliches Problem sieht das der Verband f\u00fcr G\u00fcterz\u00fcge &#8222;Die G\u00fcterbahnen&#8220; &#8211; er spricht von &#8222;Kontrollverlust mit Ansage&#8220;. Das Schienennetz sei durch die vielen Baustellen &#8211; vor allem die zwischen <a href=\"https:\/\/www.ndr.de\/nachrichten\/niedersachsen\/lueneburg_heide_unterelbe\/bahnstrecke-hamburg-hannover-bauarbeiten-liegen-im-zeitplan,bahnsanierung-136.html\" title=\"Bahnstrecke Hamburg-Hannover: Bauarbeiten liegen im Zeitplan\" rel=\"nofollow noopener\" target=\"_blank\">Hannover und Hamburg<\/a> &#8211; \u00fcberlastet. &#8222;Wenn das Wetter gut ist und kein Zug Versp\u00e4tung hat, klappt alles. Sobald es aber eine kleine St\u00f6rung gibt, kommt es zum Stillstand&#8220;, sagt Roger Mahler von &#8222;Die G\u00fcterbahnen&#8220;.<\/p>\n<p>        <img decoding=\"async\" src=\"https:\/\/www.europesays.com\/de\/wp-content\/uploads\/2026\/05\/screenshot-170082.webp\" alt=\"Ein rotes Bahnsignal.\" title=\"Ein rotes Bahnsignal. | Screenshot\" class=\"responsive\" loading=\"lazy\"\/><\/p>\n<p>Der Grund: Die Bahn hat momentan zwei Hauptstrecken gesperrt \u2013 zwischen Hamburg und Berlin sowie zwischen Hamburg und Hannover.<\/p>\n<p>    Verband: Eisenbahnunternehmen droht Insolvenz<\/p>\n<p class=\"\">Gerade die Strecke zum Hamburger Hafen ist von G\u00fcterz\u00fcgen viel befahren und wirtschaftlich von bundesweiter Bedeutung. &#8222;Viele Lokf\u00fchrer sitzen hier in den letzten Tagen ihre komplette Schicht in ihrer Lok und bewegen sich keinen Meter&#8220;, erz\u00e4hlt Mahler. Sollten die Probleme nicht schnell behoben werden, drohe vielen Eisenbahnunternehmen die Insolvenz, hei\u00dft es von dem Verband.<\/p>\n<p>        <img decoding=\"async\" src=\"https:\/\/www.europesays.com\/de\/wp-content\/uploads\/2026\/04\/gleise138.webp\" alt=\"ICE-Trasse mit Gleisbett\" title=\"ICE-Trasse mit Gleisbett | NDR, Julius Matuschik\" class=\"responsive\" loading=\"lazy\"\/><\/p>\n<p>Die Strecke zwischen Hamburg und Schwerin ist fertig. Ab Mitte Juni fahren die Z\u00fcge dann wieder bis Berlin durch. Zwischen Hamburg und Hannover laufen auch Bauarbeiten.<\/p>\n<p>    Politische Aufarbeitung gefordert<\/p>\n<p class=\"\">Auch das Unternehmen Metronom beklagt die vielen Baustellen auf den Strecken. Vor allem zwischen Hannover und G\u00f6ttingen sowie Hannover und Sarstedt komme es regelm\u00e4\u00dfig zu Verz\u00f6gerungen und Ausf\u00e4llen, teilte das private Eisenbahnunternehmen mit. Um die Probleme auf den Schienen zu l\u00f6sen, fordert der Verband &#8222;Die G\u00fcterbahnen&#8220; unter anderem bessere Baustellen-\u00dcberleitungskonzepte und eine politische Aufarbeitung der aktuellen Vorg\u00e4nge. Au\u00dferdem sollten Bauma\u00dfnahmen, die nicht dringend notwendig sind, vor\u00fcbergehend gestoppt werden, hie\u00df es. Die Deutsche Bahn \u00e4u\u00dferte sich zu den von &#8222;Die G\u00fcterbahnen&#8220; geschilderten Problemen auf NDR Anfrage bisher nicht.<\/p>\n<p>        <img decoding=\"async\" src=\"https:\/\/www.europesays.com\/de\/wp-content\/uploads\/2026\/05\/1779363084_554_ice646.webp\" alt=\"Ein ICE der Deutschen Bahn f\u00e4hrt auf einem Gleis.\" title=\"Ein ICE der Deutschen Bahn f\u00e4hrt auf einem Gleis. | picture alliance\/Panama Pictures\/Christoph Hardt, Christoph Hardt\" class=\"responsive\" loading=\"lazy\"\/><\/p>\n<p>Im Bundestag wird aktuell \u00fcber eine neue Bahntrasse verhandelt. Seit Jahrzehnten wird \u00fcber Aus- oder Neubau gestritten.<\/p>\n<p>        <img decoding=\"async\" src=\"https:\/\/www.europesays.com\/de\/wp-content\/uploads\/2026\/04\/1777532005_258_bahngleise-110.webp\" alt=\"Mit schwerer Technik wird auf einem Teilst\u00fcck der Bahnstrecke Hamburg-Berlin die vor Jahrzehnten angelegte feste Fahrbahn aus Beton abgebaut. (Themenbild)\" title=\"Mit schwerer Technik wird auf einem Teilst\u00fcck der Bahnstrecke Hamburg-Berlin die vor Jahrzehnten angelegte feste Fahrbahn aus Beton abgebaut. (Themenbild) | picture alliance\/dpa | Jens B\u00fcttner\" class=\"responsive\" loading=\"lazy\"\/><\/p>\n<p>Am 1. Mai hat die Sanierung begonnen. Die Strecke ist teilweise gesperrt. Der Fernverkehr wird bis 10. Juli umgeleitet.<\/p>\n","protected":false},"excerpt":{"rendered":"Stand: 23.05.2026 11:59 Uhr Am Hauptbahnhof Hannover hatten am Freitag zeitweise fast alle Regional- und Fernz\u00fcge Versp\u00e4tung. Schuld&hellip;\n","protected":false},"author":2,"featured_media":1040546,"comment_status":"","ping_status":"","sticky":false,"template":"","format":"standard","meta":{"footnotes":"","_share_on_mastodon":"0"},"categories":[1836],"tags":[1739,2037,157625,2227,2461,3364,29,223011,30,223010,46,1317,1411,4042],"class_list":["post-1041139","post","type-post","status-publish","format-standard","has-post-thumbnail","category-hannover","tag-bahn","tag-bahnhof","tag-bahnunternehmen","tag-bahnverkehr","tag-baustelle","tag-de","tag-deutschland","tag-die-gueterbahnen","tag-germany","tag-hamburg-laatzen","tag-hannover","tag-insolvenzen","tag-niedersachsen","tag-verzoegerungen"],"share_on_mastodon":{"url":"https:\/\/pubeurope.com\/@de\/116624749722703979","error":""},"_links":{"self":[{"href":"https:\/\/www.europesays.com\/de\/wp-json\/wp\/v2\/posts\/1041139","targetHints":{"allow":["GET"]}}],"collection":[{"href":"https:\/\/www.europesays.com\/de\/wp-json\/wp\/v2\/posts"}],"about":[{"href":"https:\/\/www.europesays.com\/de\/wp-json\/wp\/v2\/types\/post"}],"author":[{"embeddable":true,"href":"https:\/\/www.europesays.com\/de\/wp-json\/wp\/v2\/users\/2"}],"replies":[{"embeddable":true,"href":"https:\/\/www.europesays.com\/de\/wp-json\/wp\/v2\/comments?post=1041139"}],"version-history":[{"count":0,"href":"https:\/\/www.europesays.com\/de\/wp-json\/wp\/v2\/posts\/1041139\/revisions"}],"wp:featuredmedia":[{"embeddable":true,"href":"https:\/\/www.europesays.com\/de\/wp-json\/wp\/v2\/media\/1040546"}],"wp:attachment":[{"href":"https:\/\/www.europesays.com\/de\/wp-json\/wp\/v2\/media?parent=1041139"}],"wp:term":[{"taxonomy":"category","embeddable":true,"href":"https:\/\/www.europesays.com\/de\/wp-json\/wp\/v2\/categories?post=1041139"},{"taxonomy":"post_tag","embeddable":true,"href":"https:\/\/www.europesays.com\/de\/wp-json\/wp\/v2\/tags?post=1041139"}],"curies":[{"name":"wp","href":"https:\/\/api.w.org\/{rel}","templated":true}]}}