{"id":1041164,"date":"2026-05-23T16:20:47","date_gmt":"2026-05-23T16:20:47","guid":{"rendered":"https:\/\/www.europesays.com\/de\/1041164\/"},"modified":"2026-05-23T16:20:47","modified_gmt":"2026-05-23T16:20:47","slug":"swr-sommerfestival-tatort-premiere-auf-dem-schlossplatz-zieht-zahlreiche-krimifans-an","status":"publish","type":"post","link":"https:\/\/www.europesays.com\/de\/1041164\/","title":{"rendered":"SWR Sommerfestival: Tatort-Premiere auf dem Schlossplatz zieht zahlreiche Krimifans an"},"content":{"rendered":"<p>\t\t\t\t\t\t\t\t\t\t\t\t\t\t\t\t\t\t\t\t\t\t\t\t\t\t\t\t      \t\t            \t\t             \t\t\t\t   \t\t\t\t\t   <img decoding=\"async\" id=\"article-image\" fetchpriority=\"high\" alt=\"SWR Sommerfestival: Tatort-Premiere auf dem Schlossplatz zieht zahlreiche Krimifans an\" onclick=\"var pA=document.createElement('a');pA.setAttribute('href','https:\/\/www.stuttgarter-nachrichten.de\/gallery.swr-sommerfestival-tatort-premiere-auf-dem-schlossplatz-zieht-zahlreiche-krimifans-an.e7cb494e-f223-49c1-a8b8-66f870f8f85b.html'),pA.click();\" title=\"SWR Sommerfestival: Tatort-Premiere auf dem Schlossplatz zieht zahlreiche Krimifans an\" src=\"https:\/\/www.europesays.com\/de\/wp-content\/uploads\/2026\/05\/media.media.c97c7c1f-1450-418f-a431-a955c1702d82.16x9_700.jpg\" data-linkto=\"https:\/\/www.stuttgarter-nachrichten.de\/gallery.swr-sommerfestival-tatort-premiere-auf-dem-schlossplatz-zieht-zahlreiche-krimifans-an.e7cb494e-f223-49c1-a8b8-66f870f8f85b.html\"\/>\t\t\t\t\t\t\t\t\t\t\t\t\t\t\t\t\t\t\t\t\t\t\t\tBestes Wetter lockte die Stuttgarter am Freitagabend zur Tatort-Premiere.\u00a0Foto: Ferdinando Iannone\t\t\t<\/p>\n<p>Am Freitagabend verwandelte sich der Stuttgarter Schlossplatz in ein gro\u00dfes Open-Air-Kino mitten in der Stadt. Wir waren bei der Tatort-Premiere auf dem SWR Sommerfestival dabei.<\/p>\n<p>Milde Temperaturen, ein wolkenloser Himmel und beste Open-Air-Stimmung: Zur Premiere des neuen <a href=\"https:\/\/www.stuttgarter-nachrichten.de\/thema\/Stuttgart\" title=\"Stuttgart\" class=\"art_thema\" rel=\"nofollow noopener\" target=\"_blank\">Stuttgart<\/a>-Tatorts \u201eLucys Geburtstag\u201c zieht es am Freitagabend zahlreiche Besucher auf den <a href=\"https:\/\/www.stuttgarter-nachrichten.de\/thema\/Schlossplatz\" title=\"Schlossplatz\" class=\"art_thema\" rel=\"nofollow noopener\" target=\"_blank\">Schlossplatz<\/a>. Der <a href=\"https:\/\/www.stuttgarter-nachrichten.de\/thema\/SWR\" title=\"S\u00fcdwestrundfunk\" class=\"art_thema\" rel=\"nofollow noopener\" target=\"_blank\">S\u00fcdwestrundfunk<\/a> er\u00f6ffnet damit traditionell das <a href=\"https:\/\/www.stuttgarter-nachrichten.de\/inhalt.schlossplatz-stuttgart-alles-was-sie-ueber-das-swr-sommerfestival-wissen-muessen.f3fc1bf9-06cc-4d2a-82f7-127919d7d197.html\" target=\"_blank\" rel=\"nofollow noopener\">SWR Sommerfestival<\/a> vor der Kulisse des Neuen Schlosses.<\/p>\n<p>Schon lange vor Beginn f\u00fcllt sich am Freitag der Schlosshof. Besucherinnen und Besucher stehen mit Getr\u00e4nken zusammen, schlemmen sich durch die verschiedenen Foodtrucks oder machen Fotos mit lebensgro\u00dfen Pappaufstellern der beiden Stuttgarter Kommissare Lannert und Bootz. Die Sitzpl\u00e4tze waren bereits im Vorfeld ausverkauft, an der Abendkasse k\u00f6nnen noch Karten f\u00fcr verbliebene Stehpl\u00e4tze f\u00fcr jeweils zw\u00f6lf Euro gekauft werden. Anders als noch vor zwei Jahren, als Dauerregen die Zuschauer bis zum Schluss durchn\u00e4sst, zeigt sich das Wetter von seiner sommerlichen Seite. Kapuzenjacken und Regenponchos k\u00f6nnen zuhause bleiben, Regenschirme sind auf dem Gel\u00e4nde ohnehin nicht erlaubt.<\/p>\n<p>  Felix Klare alias Sebastian Bootz zu Gast auf dem Schlossplatz <\/p>\n<p>Um 20.30 Uhr er\u00f6ffnet Moderatorin Stephanie Haiber den Abend. Gemeinsam mit SWR-Intendant Kai Gniffke schw\u00e4rmt sie von der Fernsehreihe <a href=\"https:\/\/www.stuttgarter-nachrichten.de\/thema\/Tatort\" title=\"Tatort\" class=\"art_thema\" rel=\"nofollow noopener\" target=\"_blank\">Tatort<\/a> als einem der letzten Lagerfeuer, um das sich sonntags die ganze Familie schart. Gniffke sagt: \u201eDie Leute gucken das, weil es ihre Heimat abbildet.\u201c Anschlie\u00dfend betreten Felix Klare, der im Stuttgart-Tatort Kommissar Sebastian Bootz spielt, sowie J\u00fcrgen Hartmann alias Rechtsmediziner Dr. Vogt die B\u00fchne. Das Publikum applaudiert, als Hartmann erz\u00e4hlt, dass er ein Schwabe aus Stuttgart sei, und erneut, als er erg\u00e4nzt, dass er aus Bad Cannstatt kommt. Felix Klare will nicht zu viel \u00fcber den neuen Fall verraten, verspricht aber \u201eeine feinf\u00fchlige und ber\u00fchrende Geschichte.\u201c<\/p>\n<p>  <img decoding=\"async\" loading=\"lazy\" src=\"https:\/\/www.europesays.com\/de\/wp-content\/uploads\/2026\/05\/media.media.11c51d64-561f-475f-a4df-b0b134807258.original1024.media.jpeg\"\/>     Felix Klare will nicht zu viel \u00fcber den neuen Fall verraten.    Foto: Lichtgut\/Ferdinando Iannone    <\/p>\n<p>Als die Schauspieler die B\u00fchne verlassen und die bekannte Titelmusik \u00fcber den Schlossplatz hallt, wird es ruhig vor der Leinwand, volle Konzentration f\u00fcr den <a href=\"https:\/\/www.stuttgarter-nachrichten.de\/thema\/Film\" title=\"Film\" class=\"art_thema\" rel=\"nofollow noopener\" target=\"_blank\">Film<\/a>: Im neuen Fall \u201eLucys Geburtstag\u201c ermitteln die Kommissare Thorsten Lannert und Sebastian Bootz nach dem Fund einer Leiche in einem Steinbruch. Parallel erz\u00e4hlt der Film von der neuen Freundschaft der beiden jungen Frauen Lucy und H\u00fcmeyra. Erst die Verkn\u00fcpfung beider Geschichten bringt in \u201eLucys Geburtstag\u201c Licht ins Dunkel um den unbekannten Toten. Der Fall wird im Dezember 2026 im TV ausgestrahlt.<\/p>\n<p> Vier Tage volles Programm auf dem Schlossplatz <\/p>\n<p>Mit der Tatort-Premiere beginnt zugleich das viert\u00e4gige <a href=\"https:\/\/www.stuttgarter-nachrichten.de\/thema\/SWR_Sommerfestival\" title=\"SWR Sommerfestival\" class=\"art_thema\" rel=\"nofollow noopener\" target=\"_blank\">SWR Sommerfestival<\/a>. <a href=\"https:\/\/www.stuttgarter-nachrichten.de\/inhalt.pokalfinale-und-sommerfestival-liveblog-volles-programm-in-stuttgart-am-wochenende.70b28124-893d-41cb-832c-f9673e8a59cd.html\" target=\"_blank\" rel=\"nofollow noopener\">Am Samstag<\/a> feiert das <a href=\"https:\/\/www.stuttgarter-nachrichten.de\/inhalt.pfingsten-in-stuttgart-pokalfinale-trifft-auf-30-jahre-0711-diese-grossen-events-stehen-an.5a393e2f-c064-4a95-85d8-c14ebb31cdf2.html\" target=\"_blank\" rel=\"nofollow noopener\">erste deutsche Hip-Hop-Startup 0711 Geburtstag<\/a>, dessen Erfolgsgeschichte vor 30 Jahren mit der Ver\u00f6ffentlichung des Albums <a href=\"https:\/\/www.stuttgarter-nachrichten.de\/inhalt.mutterstadt-frueher-und-heute-hip-hop-in-stuttgart-geht-da-noch-was.02adf196-9632-4e4a-b2cc-39507097c5cb.html\" target=\"_blank\" rel=\"nofollow noopener\">\u201eKopfnicker\u201c der Stuttgarter Band Massive T\u00f6ne beginnt<\/a>. Auf der G\u00e4steliste stehen neben den Massiven T\u00f6nen Afrob, Clueso, Cora E, Das Bo, Harris, Jan Delay, Marteria, Max Herre, Stieber Twins, Toni L und die Stuttgarter Newcomerin Lucy Duffner. Die Veranstaltung beginnt am Abend um 19.30 Uhr. Das Konzert ist allerdings bereits ausverkauft. <\/p>\n<p>Am Pfingstsonntag bietet das <a href=\"https:\/\/www.stuttgarter-nachrichten.de\/thema\/Festival\" title=\"Festival\" class=\"art_thema\" rel=\"nofollow noopener\" target=\"_blank\">Festival<\/a> gleich zwei gro\u00dfe B\u00fchnenveranstaltungen. Am Vormittag findet das Benefizkonzert des Bundespr\u00e4sidenten statt \u2013 mit der SWR Big Band sowie G\u00e4sten wie Max Mutzke, Joo Kraus, Jakob Manz oder Fola Dada. Abends folgt \u201eSWR1 Pop &amp; Poesie in Concert\u201c. Zum Abschluss geh\u00f6rt der Schlossplatz den Familien. Beim ARD-Familientag am Montag stehen Kinder- und Mitmachangebote im Mittelpunkt.<\/p>\n","protected":false},"excerpt":{"rendered":"Bestes Wetter lockte die Stuttgarter am Freitagabend zur Tatort-Premiere.\u00a0Foto: Ferdinando Iannone Am Freitagabend verwandelte sich der Stuttgarter Schlossplatz&hellip;\n","protected":false},"author":2,"featured_media":1041165,"comment_status":"","ping_status":"","sticky":false,"template":"","format":"standard","meta":{"footnotes":"","_share_on_mastodon":"0"},"categories":[1830],"tags":[4657,1634,3364,29,5561,92,30,80,56791,14655,1441,1755,223137,218],"class_list":["post-1041164","post","type-post","status-publish","format-standard","has-post-thumbnail","category-stuttgart","tag-stadtreporter","tag-baden-wuerttemberg","tag-de","tag-deutschland","tag-festival","tag-film","tag-germany","tag-kultur","tag-open-air-kino","tag-schlossplatz","tag-stuttgart","tag-swr","tag-swr-sommerfestival","tag-tatort"],"share_on_mastodon":{"url":"https:\/\/pubeurope.com\/@de\/116624808416908122","error":""},"_links":{"self":[{"href":"https:\/\/www.europesays.com\/de\/wp-json\/wp\/v2\/posts\/1041164","targetHints":{"allow":["GET"]}}],"collection":[{"href":"https:\/\/www.europesays.com\/de\/wp-json\/wp\/v2\/posts"}],"about":[{"href":"https:\/\/www.europesays.com\/de\/wp-json\/wp\/v2\/types\/post"}],"author":[{"embeddable":true,"href":"https:\/\/www.europesays.com\/de\/wp-json\/wp\/v2\/users\/2"}],"replies":[{"embeddable":true,"href":"https:\/\/www.europesays.com\/de\/wp-json\/wp\/v2\/comments?post=1041164"}],"version-history":[{"count":0,"href":"https:\/\/www.europesays.com\/de\/wp-json\/wp\/v2\/posts\/1041164\/revisions"}],"wp:featuredmedia":[{"embeddable":true,"href":"https:\/\/www.europesays.com\/de\/wp-json\/wp\/v2\/media\/1041165"}],"wp:attachment":[{"href":"https:\/\/www.europesays.com\/de\/wp-json\/wp\/v2\/media?parent=1041164"}],"wp:term":[{"taxonomy":"category","embeddable":true,"href":"https:\/\/www.europesays.com\/de\/wp-json\/wp\/v2\/categories?post=1041164"},{"taxonomy":"post_tag","embeddable":true,"href":"https:\/\/www.europesays.com\/de\/wp-json\/wp\/v2\/tags?post=1041164"}],"curies":[{"name":"wp","href":"https:\/\/api.w.org\/{rel}","templated":true}]}}