{"id":1041166,"date":"2026-05-23T16:21:33","date_gmt":"2026-05-23T16:21:33","guid":{"rendered":"https:\/\/www.europesays.com\/de\/1041166\/"},"modified":"2026-05-23T16:21:33","modified_gmt":"2026-05-23T16:21:33","slug":"dfb-pokalfinale-heute-fc-bayern-vfb-stuttgart-im-live-ticker-fussball","status":"publish","type":"post","link":"https:\/\/www.europesays.com\/de\/1041166\/","title":{"rendered":"DFB-Pokalfinale heute: FC Bayern \u2013 VfB Stuttgart im Live-Ticker | Fu\u00dfball"},"content":{"rendered":"<p><img loading=\"lazy\" decoding=\"async\" src=\"https:\/\/www.europesays.com\/de\/wp-content\/uploads\/2026\/05\/vgzm.2150080-6a0d7a89f0f7eb608db77d59.gif\" width=\"1\" height=\"1\" alt=\"\" class=\"vgwort-pixel\"\/>DFB-Pokalfinale heute: FC Bayern \u2013\u00a0VfB Stuttgart im Live-Ticker<img fetchpriority=\"high\" decoding=\"async\" width=\"992\" height=\"647\" alt=\"Kann der VfB Stuttgart den Titel verteidigen?\" src=\"https:\/\/www.europesays.com\/de\/wp-content\/uploads\/2026\/05\/48801d52bc4a13bdeb25af56d09d200f,56066ce8.jpeg\"   class=\"dynamic\" loading=\"eager\"\/><\/p>\n<p class=\"fig__caption__text\">Kann der VfB Stuttgart den Titel verteidigen?<\/p>\n<p>Foto: Tom Weller\/dpa<\/p>\n<p>23.05.2026 &#8211; 18:00 Uhr <a class=\"skip-content skip-content--link\" href=\"#in-content-skip-link-target-v-0-0\">TTS-Player \u00fcberspringen\u21b5<\/a><a id=\"in-content-skip-link-target-v-0-0\" class=\"skip-content--target-link-hidden skip-content skip-content--target-link\" href=\"#in-content-skip-link-target-v-0-0\">Artikel weiterlesen<\/a><\/p>\n<p><b>Heute treffen der FC Bayern M\u00fcnchen und der VfB Stuttgart im Berliner Olympiastadion aufeinander, um den DFB-Pokalsieger zu k\u00fcren. Los geht&#8217;s um 20 Uhr, hier gibt&#8217;s die Partie im Live-Ticker. <\/b><\/p>\n<p>F\u00fcr die M\u00fcnchener ist es eine besondere Partie. Das erste Mal seit sechs Jahren steht der Rekordpokalsieger wieder einmal im Finale. Dazwischen gab es mehrere blamable Ausscheiden, unter anderem gegen Holstein Kiel und Saarbr\u00fccken. Diesmal ist die Chance auf das Double wieder zum Greifen nah. <\/p>\n<p>Doch der VfB Stuttgart hat etwas dagegen. Der amtierende Pokalsieger w\u00fcrde den Titel gerne verteidigen und die starke Saison mit einem Titel kr\u00f6nen. Diesmal erwartet die Schwaben jedoch ein anderes Kaliber im Endspiel. W\u00e4hrend letztes Jahr noch der damalige Drittligist Arminia Bielefeld wartete, geht es nun gegen die Tormaschine aus M\u00fcnchen. Klare Underdog-Rolle f\u00fcr die Stuttgarter. <\/p>\n<p>DFB-Pokal: FC Bayern gegen VfB Stuttgart im Live-Ticker<\/p>\n<p class=\"article-content-user-report\"><a href=\"https:\/\/sportbild.bild.de\/fussball\/2024\/fussball\/fussball-heute-live-alle-spiele-im-tv-stream-auf-einen-blick-87263610.sport.html\" target=\"_blank\" rel=\"noopener nofollow\" class=\"anchor anchor--external\">TV-Programm: So sehen Sie Fu\u00dfball heute live im TV<\/a><\/p>\n","protected":false},"excerpt":{"rendered":"DFB-Pokalfinale heute: FC Bayern \u2013\u00a0VfB Stuttgart im Live-Ticker Kann der VfB Stuttgart den Titel verteidigen? Foto: Tom Weller\/dpa&hellip;\n","protected":false},"author":2,"featured_media":1041167,"comment_status":"","ping_status":"","sticky":false,"template":"","format":"standard","meta":{"footnotes":"","_share_on_mastodon":"0"},"categories":[1830],"tags":[1634,3364,29,1264,4273,458,30,5426,7721,4277,62906,1927,1441,2915],"class_list":["post-1041166","post","type-post","status-publish","format-standard","has-post-thumbnail","category-stuttgart","tag-baden-wuerttemberg","tag-de","tag-deutschland","tag-dfb-pokal","tag-dfb-pokal-finale","tag-fc-bayern-muenchen","tag-germany","tag-live-ticker","tag-nofeed","tag-olympiastadion-berlin","tag-spobi-fussball","tag-sport-standard","tag-stuttgart","tag-vfb-stuttgart"],"share_on_mastodon":{"url":"https:\/\/pubeurope.com\/@de\/116624810834071097","error":""},"_links":{"self":[{"href":"https:\/\/www.europesays.com\/de\/wp-json\/wp\/v2\/posts\/1041166","targetHints":{"allow":["GET"]}}],"collection":[{"href":"https:\/\/www.europesays.com\/de\/wp-json\/wp\/v2\/posts"}],"about":[{"href":"https:\/\/www.europesays.com\/de\/wp-json\/wp\/v2\/types\/post"}],"author":[{"embeddable":true,"href":"https:\/\/www.europesays.com\/de\/wp-json\/wp\/v2\/users\/2"}],"replies":[{"embeddable":true,"href":"https:\/\/www.europesays.com\/de\/wp-json\/wp\/v2\/comments?post=1041166"}],"version-history":[{"count":0,"href":"https:\/\/www.europesays.com\/de\/wp-json\/wp\/v2\/posts\/1041166\/revisions"}],"wp:featuredmedia":[{"embeddable":true,"href":"https:\/\/www.europesays.com\/de\/wp-json\/wp\/v2\/media\/1041167"}],"wp:attachment":[{"href":"https:\/\/www.europesays.com\/de\/wp-json\/wp\/v2\/media?parent=1041166"}],"wp:term":[{"taxonomy":"category","embeddable":true,"href":"https:\/\/www.europesays.com\/de\/wp-json\/wp\/v2\/categories?post=1041166"},{"taxonomy":"post_tag","embeddable":true,"href":"https:\/\/www.europesays.com\/de\/wp-json\/wp\/v2\/tags?post=1041166"}],"curies":[{"name":"wp","href":"https:\/\/api.w.org\/{rel}","templated":true}]}}