{"id":1041226,"date":"2026-05-23T16:56:02","date_gmt":"2026-05-23T16:56:02","guid":{"rendered":"https:\/\/www.europesays.com\/de\/1041226\/"},"modified":"2026-05-23T16:56:02","modified_gmt":"2026-05-23T16:56:02","slug":"rueckkehr-landkreis-wolfenbuettel-raeumt-fehler-bei-abschiebung-ein","status":"publish","type":"post","link":"https:\/\/www.europesays.com\/de\/1041226\/","title":{"rendered":"R\u00fcckkehr: Landkreis Wolfenb\u00fcttel r\u00e4umt Fehler bei Abschiebung ein"},"content":{"rendered":"<p>\n                Stand: 22.05.2026 15:19 Uhr<\/p>\n<p>                    <a href=\"https:\/\/www.europesays.com\/de\/wp-content\/uploads\/2026\/05\/innenministerium134.webp\" class=\"zoomimage\" title=\"Bild vergr\u00f6\u00dfern\"><\/p>\n<p>        <img decoding=\"async\" src=\"https:\/\/www.europesays.com\/de\/wp-content\/uploads\/2026\/05\/innenministerium134.webp\" alt=\"Vor einem Geb\u00e4ude steht ein Schild mit der Aufschrift Nieders\u00e4chsisches Innenministerium.\" title=\"Das Nieders\u00e4chsische Ministerium f\u00fcr Inneres und Sport hatte angeordnet die Abschiebung der Familie auszusetzen. (Themenbild) | NDR, Julius Matuschik\" class=\"responsive\" loading=\"lazy\"\/><\/p>\n<p>                    <\/a><\/p>\n<p>                    Das Nieders\u00e4chsische Ministerium f\u00fcr Inneres und Sport hatte angeordnet die Abschiebung der Familie auszusetzen. (Themenbild)<\/p>\n<p class=\"\">Einer abgeschobenen Familie aus Georgien wird die R\u00fcckkehr in den <a href=\"https:\/\/www.ndr.de\/nachrichten\/ndrdata\/zensus-landkreiswolfenbuettel-bevoelkerung-wohnungen-familie-heizung,zensus372.html\" title=\"Zensus-Daten f\u00fcr den Landkreis Wolfenb\u00fcttel\" rel=\"nofollow noopener\" target=\"_blank\">Landkreis Wolfenb\u00fcttel<\/a> erm\u00f6glicht. Die alleinerziehende Mutter war Ende April mit ihren drei Kindern au\u00dfer Landes gebracht worden, trotz eines laufenden H\u00e4rtefallverfahrens und einer Anordnung des Innenministeriums, die Abschiebung auszusetzen. Landr\u00e4tin Christiana Steinbr\u00fcgge (SPD) sagte nun, sie bedauere den Fehler ausdr\u00fccklich. &#8222;Die Rechtm\u00e4\u00dfigkeit der Abschiebung besteht, allerdings h\u00e4tte diese zu diesem Zeitpunkt nicht vollzogen werden d\u00fcrfen&#8220;, so Steinbr\u00fcgge. Personelle Engp\u00e4sse und eine hohe Arbeitsbelastung h\u00e4tten zu dem Fehler gef\u00fchrt. Zuvor hatte der Fl\u00fcchtlingsrat Niedersachsen den Fall \u00f6ffentlich gemacht.<\/p>\n<p>        <img decoding=\"async\" src=\"https:\/\/www.europesays.com\/de\/wp-content\/uploads\/2026\/05\/abschiebung1036.webp\" alt=\"Symbolfoto zum Thema Abschiebung, Abschiebefluege (Abschiebefl\u00fcge), ein Flugzeug startet auf dem Flughafen\" title=\"Symbolfoto zum Thema Abschiebung, Abschiebefluege (Abschiebefl\u00fcge), ein Flugzeug startet auf dem Flughafen | picture alliance \/ Daniel Kubirski | Daniel Kubirski\" class=\"responsive\" loading=\"lazy\"\/><\/p>\n<p>Ausl\u00e4nder ohne g\u00fcltigen Aufenthaltstitel in Deutschland k\u00f6nnen abgeschoben werden. Aber was passiert rund um eine Abschiebung? Fragen und Antworten bei NDR.de.<\/p>\n","protected":false},"excerpt":{"rendered":"Stand: 22.05.2026 15:19 Uhr Das Nieders\u00e4chsische Ministerium f\u00fcr Inneres und Sport hatte angeordnet die Abschiebung der Familie auszusetzen.&hellip;\n","protected":false},"author":2,"featured_media":1041227,"comment_status":"","ping_status":"","sticky":false,"template":"","format":"standard","meta":{"footnotes":"","_share_on_mastodon":"0"},"categories":[1850],"tags":[414,590,6429,3364,29,548,663,3934,13538,30,13,1114,2225,981,14,15,1411,12,18738],"class_list":["post-1041226","post","type-post","status-publish","format-standard","has-post-thumbnail","category-braunschweig","tag-abschiebung","tag-aktuell","tag-braunschweig","tag-de","tag-deutschland","tag-eu","tag-europa","tag-europe","tag-georgien","tag-germany","tag-headlines","tag-kinder","tag-landkreis","tag-mutter","tag-nachrichten","tag-news","tag-niedersachsen","tag-schlagzeilen","tag-wolfenbuettel"],"share_on_mastodon":{"url":"https:\/\/pubeurope.com\/@de\/116624949879703643","error":""},"_links":{"self":[{"href":"https:\/\/www.europesays.com\/de\/wp-json\/wp\/v2\/posts\/1041226","targetHints":{"allow":["GET"]}}],"collection":[{"href":"https:\/\/www.europesays.com\/de\/wp-json\/wp\/v2\/posts"}],"about":[{"href":"https:\/\/www.europesays.com\/de\/wp-json\/wp\/v2\/types\/post"}],"author":[{"embeddable":true,"href":"https:\/\/www.europesays.com\/de\/wp-json\/wp\/v2\/users\/2"}],"replies":[{"embeddable":true,"href":"https:\/\/www.europesays.com\/de\/wp-json\/wp\/v2\/comments?post=1041226"}],"version-history":[{"count":0,"href":"https:\/\/www.europesays.com\/de\/wp-json\/wp\/v2\/posts\/1041226\/revisions"}],"wp:featuredmedia":[{"embeddable":true,"href":"https:\/\/www.europesays.com\/de\/wp-json\/wp\/v2\/media\/1041227"}],"wp:attachment":[{"href":"https:\/\/www.europesays.com\/de\/wp-json\/wp\/v2\/media?parent=1041226"}],"wp:term":[{"taxonomy":"category","embeddable":true,"href":"https:\/\/www.europesays.com\/de\/wp-json\/wp\/v2\/categories?post=1041226"},{"taxonomy":"post_tag","embeddable":true,"href":"https:\/\/www.europesays.com\/de\/wp-json\/wp\/v2\/tags?post=1041226"}],"curies":[{"name":"wp","href":"https:\/\/api.w.org\/{rel}","templated":true}]}}