{"id":1041318,"date":"2026-05-23T17:50:24","date_gmt":"2026-05-23T17:50:24","guid":{"rendered":"https:\/\/www.europesays.com\/de\/1041318\/"},"modified":"2026-05-23T17:50:24","modified_gmt":"2026-05-23T17:50:24","slug":"graefenberg-zoologe-dr-fritz-jantschke-erzaehlt-von-uganda-und-seinen-berg-gorillas","status":"publish","type":"post","link":"https:\/\/www.europesays.com\/de\/1041318\/","title":{"rendered":"Gr\u00e4fenberg: Zoologe Dr. Fritz Jantschke erz\u00e4hlt von Uganda und seinen Berg-Gorillas"},"content":{"rendered":"<p><a href=\"https:\/\/www.wiesentbote.de\/wb\/wp-content\/uploads\/2026\/05\/Jantschke-mit-Matze-von-Florian-Dittert-Graefenberg.jpg\" rel=\"lightbox[380972] nofollow noopener\" target=\"_blank\"><img fetchpriority=\"high\" decoding=\"async\" aria-describedby=\"caption-attachment-380973\" class=\"size-medium wp-image-380973 lazy\" src=\"data:image\/svg+xml,%3Csvg%20xmlns=\" http:=\"\" data-src=\"https:\/\/www.europesays.com\/de\/wp-content\/uploads\/2026\/05\/Jantschke-mit-Matze-von-Florian-Dittert-Graefenberg-250x250.jpg\" alt=\"Fritz Jantschke mit der Frankfurter Weber-B\u00fcste von Gorilla \u201eMatze&quot;.\u00a9 Florian Dittert\u00a0\" width=\"250\" height=\"250\" data- data-\/><\/a><\/p>\n<p id=\"caption-attachment-380973\" class=\"wp-caption-text\">Fritz Jantschke mit der Frankfurter Weber-B\u00fcste von Gorilla \u201eMatze\u201c.\u00a9 Florian Dittert<\/p>\n<p>Als \u201ePerle Afrikas\u201c bezeichnete Winston Churchill einst Uganda. Dr. Fritz Jantschke, Zoologe und Reiseleiter aus Leidenschaft, hat in dem Land am Victoriasee\u00a0\u00fcber Schimpansen- und Elefanten-Projekte\u00a0zwei TV-Filme f\u00fcr die VOX-Sendereihe \u201eTierzeit\u201c gedreht und viele Reisegruppen durch\u00a0ber\u00fchmte Nationalparks wie Murchison Falls, Queen Elizabeth und Kibale\u00a0gef\u00fchrt. Dar\u00fcber berichtet der Referent, einst Mitarbeiter des Frankfurter Zoo-Direktors Bernhard Grzimek und N\u00fcrnberger Schulfreund von Heidi Schweidler, in der popul\u00e4rwissenschaftlichen Vortragsreihe des Gr\u00e4fenberger Kulturvereins mit Dia-Projektionen.\u00a0Ein besonderer Schwerpunkt seines Berichts sind die im Bwindi-Nationalpark lebenden Berg-Gorillas. Die Menschenaffen stehen ihm fast noch n\u00e4her als die Orang-Utans, \u00fcber die er seine Doktorarbeit machte. Er durfte nicht nur \u201eSchorsch\u201c, den ersten Gorilla im N\u00fcrnberger Tiergarten, eingew\u00f6hnen, sondern war auch mit dem Gorilla \u201eMatze\u201c im Frankfurter Zoo befreundet. Im Zoo Berlin konnte er erste Erfahrungen mit diesen\u00a0engsten Verwandten des Menschen sammeln. \u201eFatou\u201c lebt dort immer noch und ist mit inzwischen rund 68 Jahren der weltweit \u00e4lteste bekannte Gorilla.<\/p>\n<p>Wann: Freitag, 12. Juni 2026, 19 Uhr<\/p>\n<p>Wo: B\u00fcrgerhaus Gr\u00e4fenberg, 2. Stock, Am Gesteiger 8<\/p>\n<p>\u2013 Eintritt frei \u2013<\/p>\n<p>Das k\u00f6nnte Sie ebenfalls interessieren:<\/p>\n","protected":false},"excerpt":{"rendered":"Fritz Jantschke mit der Frankfurter Weber-B\u00fcste von Gorilla \u201eMatze\u201c.\u00a9 Florian Dittert Als \u201ePerle Afrikas\u201c bezeichnete Winston Churchill einst&hellip;\n","protected":false},"author":2,"featured_media":1041319,"comment_status":"","ping_status":"","sticky":false,"template":"","format":"standard","meta":{"footnotes":"","_share_on_mastodon":"0"},"categories":[1829],"tags":[29,2050,2051,30,14472,2052,52311],"class_list":["post-1041318","post","type-post","status-publish","format-standard","has-post-thumbnail","category-frankfurt-am-main","tag-deutschland","tag-frankfurt","tag-frankfurt-am-main","tag-germany","tag-grafenberg","tag-hessen","tag-landkreis-forchheim"],"share_on_mastodon":{"url":"https:\/\/pubeurope.com\/@de\/116625160882954509","error":""},"_links":{"self":[{"href":"https:\/\/www.europesays.com\/de\/wp-json\/wp\/v2\/posts\/1041318","targetHints":{"allow":["GET"]}}],"collection":[{"href":"https:\/\/www.europesays.com\/de\/wp-json\/wp\/v2\/posts"}],"about":[{"href":"https:\/\/www.europesays.com\/de\/wp-json\/wp\/v2\/types\/post"}],"author":[{"embeddable":true,"href":"https:\/\/www.europesays.com\/de\/wp-json\/wp\/v2\/users\/2"}],"replies":[{"embeddable":true,"href":"https:\/\/www.europesays.com\/de\/wp-json\/wp\/v2\/comments?post=1041318"}],"version-history":[{"count":0,"href":"https:\/\/www.europesays.com\/de\/wp-json\/wp\/v2\/posts\/1041318\/revisions"}],"wp:featuredmedia":[{"embeddable":true,"href":"https:\/\/www.europesays.com\/de\/wp-json\/wp\/v2\/media\/1041319"}],"wp:attachment":[{"href":"https:\/\/www.europesays.com\/de\/wp-json\/wp\/v2\/media?parent=1041318"}],"wp:term":[{"taxonomy":"category","embeddable":true,"href":"https:\/\/www.europesays.com\/de\/wp-json\/wp\/v2\/categories?post=1041318"},{"taxonomy":"post_tag","embeddable":true,"href":"https:\/\/www.europesays.com\/de\/wp-json\/wp\/v2\/tags?post=1041318"}],"curies":[{"name":"wp","href":"https:\/\/api.w.org\/{rel}","templated":true}]}}