{"id":1041602,"date":"2026-05-23T21:16:21","date_gmt":"2026-05-23T21:16:21","guid":{"rendered":"https:\/\/www.europesays.com\/de\/1041602\/"},"modified":"2026-05-23T21:16:21","modified_gmt":"2026-05-23T21:16:21","slug":"frankfurt-eintracht-lied-schwarz-weiss-wie-schnee-bei-metallica-show","status":"publish","type":"post","link":"https:\/\/www.europesays.com\/de\/1041602\/","title":{"rendered":"Frankfurt: Eintracht-Lied &#8222;Schwarz Wei\u00df wie Schnee&#8220; bei Metallica-Show"},"content":{"rendered":"<p>Heavy Metal trifft Fu\u00dfball <\/p>\n<p>Eintracht-Hymne erklingt bei Metallica-Show<\/p>\n<p>23.05.2026 &#8211; 14:21 UhrLesedauer: 1 Min.<\/p>\n<p><a href=\"#focus-0\" class=\"transition-colors duration-200 block text-current relative\" data-sctrack=\"FocusGalleryImage.Reference\"><img fetchpriority=\"high\" data-testid=\"Opener.Image\"   loading=\"eager\" src=\"https:\/\/www.europesays.com\/de\/wp-content\/uploads\/2026\/05\/saenger-james-hetfield-von-der-band-metallica-singt-auf-der-buehne-im-volksparkstadion-metallica-hat.jpeg\" alt=\"S\u00e4nger James Hetfield von der Band Metallica singt auf der B\u00fchne im Volksparkstadion: Metallica hat sein erstes von zwei Hamburg-Konzerten gespielt.\" title=\"S\u00e4nger James Hetfield von der Band Metallica singt auf der B\u00fchne im Volksparkstadion: Metallica hat sein erstes von zwei Hamburg-Konzerten gespielt.\" width=\"2048\" height=\"1152\" class=\"bg-[url:var(--lqipURL)] bg-cover bg-center flex h-full w-full max-w-full\" style=\"--lqipURL:url('https:\/\/images.t-online.de\/2023\/05\/7uifm5AA910x\/0x143:2048x1152\/fit-in\/150x0\/filters:blur(25)\/saenger-james-hetfield-von-der-band-metallica-singt-auf-der-buehne-im-volksparkstadion-metallica-hat-sein-erstes-von-zwei-hamburg-konzerten-gespielt.jpg')\" decoding=\"async\"\/><img loading=\"lazy\" src=\"https:\/\/frankfurt.t-online.de\/s\/paper\/_next\/static\/media\/zoom-in.f7dae02f.svg\" alt=\"Vergr\u00f6\u00dfern des Bildes\" title=\"Vergr\u00f6\u00dfern des Bildes\" class=\"block h-[calc(var(--height)_\/_16_*_1rem)] w-[calc(var(--width)_\/_16_*_1rem)] max-w-none absolute bottom-8 right-8 rounded-4 bg-snow p-8\" style=\"--width:32;--height:32\" decoding=\"async\"\/><\/a><\/p>\n<p>S\u00e4nger James Hetfield von der Band Metallica (Archivbild) singt auf der B\u00fchne: Am Freitagabend kam es in Frankfurt zu einem Hommage an alle Eintracht-Fans. (Quelle: Marcus Brandt\/dpa)<\/p>\n<p><img loading=\"lazy\" src=\"https:\/\/frankfurt.t-online.de\/s\/paper\/_next\/static\/media\/audio-volume.6689034c.svg\" alt=\"\" title=\"\" class=\"block h-[calc(var(--height)_\/_16_*_1rem)] w-[calc(var(--width)_\/_16_*_1rem)] max-w-none group-hover:brightness-0 group-hover:invert\" style=\"--width:16;--height:16\" decoding=\"async\"\/>Vorlesen<\/p>\n<p>Aktuelle Zeit:0:00Gesamtdauer:0:00<\/p>\n<p>1x<\/p>\n<p class=\"text-center\">Jetzt neu bei t-online:<\/p>\n<p class=\"text-center\">Schriftgr\u00f6\u00dfe anpassen!<\/p>\n<p><img loading=\"lazy\" src=\"https:\/\/frankfurt.t-online.de\/s\/paper\/_next\/static\/media\/font-sizes.32942e33.svg\" alt=\"\" title=\"\" class=\"block h-[calc(var(--height)_\/_16_*_1rem)] w-[calc(var(--width)_\/_16_*_1rem)] max-w-none group-hover:hidden group-aria-expanded:hidden\" style=\"--width:16;--height:16\" decoding=\"async\"\/><img loading=\"lazy\" src=\"https:\/\/frankfurt.t-online.de\/s\/paper\/_next\/static\/media\/font-sizes-dark-mode.e382645c.svg\" alt=\"\" title=\"\" class=\"block h-[calc(var(--height)_\/_16_*_1rem)] w-[calc(var(--width)_\/_16_*_1rem)] max-w-none hidden group-hover:block group-aria-expanded:block\" style=\"--width:16;--height:16\" decoding=\"async\"\/><img loading=\"lazy\" src=\"https:\/\/frankfurt.t-online.de\/s\/paper\/_next\/static\/media\/sharing-menu-icon.1eb71368.svg\" alt=\"\" title=\"\" class=\"block h-[calc(var(--height)_\/_16_*_1rem)] w-[calc(var(--width)_\/_16_*_1rem)] max-w-none group-hover:brightness-0 group-hover:invert\" style=\"--width:16;--height:16\" decoding=\"async\"\/>Artikel teilen<\/p>\n<p class=\"font-bold text-18 leading-17 user-text-lg:text-22 user-text-xl:text-24\">Beim ersten von zwei Metallica-Abenden im Deutsche Bank Park gab es nicht nur eine neue Stadionshow, sondern auch eine \u00dcberraschung. Am Sonntag gibt es eine Fortsetzung.<\/p>\n<p class=\"text-18 leading-17 user-text-lg:text-22 user-text-xl:text-24\">Die Heavy-Metal-Legenden Metallica k\u00f6nnen bei ihren Konzerten aus etlichen Liedern vergangener Jahrzehnten sch\u00f6pfen. F\u00fcr \u00dcberraschungen ist die US-Band trotzdem immer wieder gut. So auch beim ersten Konzert der &#8222;M72 World Tour&#8220; im Deutsche Bank Park in Frankfurt am Freitagabend. Da erklang pl\u00f6tzlich der Eintracht-Frankfurt-Fangesang &#8222;Schwarz Wei\u00df wie Schnee&#8220; \u2013 mitten in der Metallica-Show. Der Moment ist auf einem Instagram-Post des Stadions dokumentiert.<\/p>\n<p class=\"text-18 leading-17 user-text-lg:text-22 user-text-xl:text-24\">Im selben Stadion, in dem <a class=\"transition-colors duration-200 cursor-pointer text-inherit no-underline text-salemsfur md:hover:text-magenta md:hover:border-magenta md:focus:text-magenta border-current border-b border-solid break-words\" data-tracking=\"{&quot;action&quot;:&quot;click&quot;,&quot;category&quot;:&quot;intextLink&quot;,&quot;label&quot;:&quot;https:\/\/www.t-online.de\/themen\/eintracht-frankfurt\/&quot;}\" href=\"https:\/\/www.t-online.de\/themen\/eintracht-frankfurt\/\" data-sctrack=\"BodyAnchor\" rel=\"nofollow noopener\" target=\"_blank\">Eintracht Frankfurt<\/a> seine Heimspiele bestreitet, erklang der Fanklassiker w\u00e4hrend eines der gr\u00f6\u00dften Metal-Konzerte des Jahres. Ein Konzertbesucher schrieb in der Kommentarspalte des Stadion-Posts: &#8222;Das war genauso absurd, wie es gro\u00dfartig war.&#8220; Auch Nicht-Eintracht-Fans zeigten sich in den Kommentaren begeistert.<\/p>\n<p>Auf einer 360-Grad-B\u00fchne<\/p>\n<p class=\"text-18 leading-17 user-text-lg:text-22 user-text-xl:text-24\">Die Band spielte auf einer 360-Grad-B\u00fchne, die mittig im Stadion aufgebaut war. Begleitet wurde die Show von einer Licht- und Pyroshow.<\/p>\n<p class=\"text-18 leading-17 user-text-lg:text-22 user-text-xl:text-24\">Das Frankfurter Doppelkonzert ist Teil des sogenannten No-Repeat-Weekends: An beiden Abenden spielt Metallica eine vollst\u00e4ndig andere Setlist \u2013 kein Song wird wiederholt. Das zweite Konzert im Deutsche Bank Park ist f\u00fcr Sonntag angek\u00fcndigt.<\/p>\n","protected":false},"excerpt":{"rendered":"Heavy Metal trifft Fu\u00dfball Eintracht-Hymne erklingt bei Metallica-Show 23.05.2026 &#8211; 14:21 UhrLesedauer: 1 Min. S\u00e4nger James Hetfield von&hellip;\n","protected":false},"author":2,"featured_media":1041603,"comment_status":"","ping_status":"","sticky":false,"template":"","format":"standard","meta":{"footnotes":"","_share_on_mastodon":"0"},"categories":[1829],"tags":[722,17161,2294,3307,29,2050,2051,347,30,18664,2052,152,30292,12190,9647,105118],"class_list":["post-1041602","post","type-post","status-publish","format-standard","has-post-thumbnail","category-frankfurt-am-main","tag-722","tag-17161","tag-bank","tag-deutsche-bank","tag-deutschland","tag-frankfurt","tag-frankfurt-am-main","tag-fussball","tag-germany","tag-heavy-metal","tag-hessen","tag-instagram","tag-james-hetfield","tag-metallica","tag-rockband","tag-stadionshow"],"share_on_mastodon":{"url":"","error":""},"_links":{"self":[{"href":"https:\/\/www.europesays.com\/de\/wp-json\/wp\/v2\/posts\/1041602","targetHints":{"allow":["GET"]}}],"collection":[{"href":"https:\/\/www.europesays.com\/de\/wp-json\/wp\/v2\/posts"}],"about":[{"href":"https:\/\/www.europesays.com\/de\/wp-json\/wp\/v2\/types\/post"}],"author":[{"embeddable":true,"href":"https:\/\/www.europesays.com\/de\/wp-json\/wp\/v2\/users\/2"}],"replies":[{"embeddable":true,"href":"https:\/\/www.europesays.com\/de\/wp-json\/wp\/v2\/comments?post=1041602"}],"version-history":[{"count":0,"href":"https:\/\/www.europesays.com\/de\/wp-json\/wp\/v2\/posts\/1041602\/revisions"}],"wp:featuredmedia":[{"embeddable":true,"href":"https:\/\/www.europesays.com\/de\/wp-json\/wp\/v2\/media\/1041603"}],"wp:attachment":[{"href":"https:\/\/www.europesays.com\/de\/wp-json\/wp\/v2\/media?parent=1041602"}],"wp:term":[{"taxonomy":"category","embeddable":true,"href":"https:\/\/www.europesays.com\/de\/wp-json\/wp\/v2\/categories?post=1041602"},{"taxonomy":"post_tag","embeddable":true,"href":"https:\/\/www.europesays.com\/de\/wp-json\/wp\/v2\/tags?post=1041602"}],"curies":[{"name":"wp","href":"https:\/\/api.w.org\/{rel}","templated":true}]}}