{"id":1041704,"date":"2026-05-23T22:22:20","date_gmt":"2026-05-23T22:22:20","guid":{"rendered":"https:\/\/www.europesays.com\/de\/1041704\/"},"modified":"2026-05-23T22:22:20","modified_gmt":"2026-05-23T22:22:20","slug":"eishockey-wm-lukas-reichel-beschert-deb-team-endspiel-ums-viertelfinale","status":"publish","type":"post","link":"https:\/\/www.europesays.com\/de\/1041704\/","title":{"rendered":"Eishockey-WM: Lukas Reichel beschert DEB-Team Endspiel ums Viertelfinale"},"content":{"rendered":"<p>            <img loading=\"lazy\" decoding=\"async\" class=\"ts-image\" src=\"https:\/\/www.europesays.com\/de\/wp-content\/uploads\/2026\/05\/lukas-reichel-jubel-100.jpg\" alt=\"Jubel von Lukas Reichel\" title=\"Jubel von Lukas Reichel | REUTERS\/Denis Balibouse\"\/><\/p>\n<p class=\"metatextline\">Stand: 23.05.2026 \u2022 23:38 Uhr<\/p>\n<p class=\"article-head__shorttext\">\n        <strong>Zweite Top-Leistung in Folge &#8211; aber reicht das noch? Nach Ungarn hat die deutsche Eishockey-Nationalmannschaft bei der WM auch \u00d6sterreich bezwungen, der Weg ins Viertelfinale bleibt nach dem 6:2 (0:0, 2:1, 4:1), f\u00fcr das Dreifach-Torsch\u00fctze Lukas Reichel hauptverantwortlich war, aber weit.<\/strong>\n    <\/p>\n<p>                                    <a class=\"authorline__link\" href=\"https:\/\/www.sportschau.de\/sendung\/reporter\/sebastian-hochrainer,autor-sebastian-hochrainer-100.html\" rel=\"nofollow noopener\" target=\"_blank\"><br \/>\n                                        <img decoding=\"async\" class=\"authorline__img\" alt=\"Sebastian Hochrainer\" src=\"https:\/\/www.europesays.com\/de\/wp-content\/uploads\/2026\/03\/sebastian-hochrainer-100.jpg\"\/><br \/>\n                                    <\/a><\/p>\n<p class=\"textabsatz m-ten m-offset-one l-eight l-offset-two columns twelve\">Nach dem \u00fcberzeugenden 6:2-Sieg gegen Ungarn hatten das DEB-Team direkt umgeschaltet auf die n\u00e4chste Chance, die Ausgangssituation im Kampf um das Viertelfinale zu verbessern. Mit drei Niederlagen war Deutschland gestartet, gegen die USA gab es den ersten Punkt, gegen Ungarn den ersten Sieg &#8211; aber es war allen bewusst, dass mit \u00d6sterreich ein ganz anderes Kaliber auf die Mannschaft von Trainer Harold Kreis zukommen w\u00fcrde.<\/p>\n<ul class=\"buttongroup buttongroup--copytext\">\n<li class=\"buttongroup__item\">\n<p>    <a class=\"btn btn--text btn--standard-secondary btn--fullwidth\" href=\"https:\/\/www.sportschau.de\/live-und-ergebnisse\/eishockey\/iihf-wm\/ma11560529\/oesterreich_deutschland\/liveticker\" rel=\"nofollow noopener\" target=\"_blank\"><br \/>\n        Live-Ticker zum Nachlesen<\/p>\n<p>  Pfeil rechts<\/p>\n<p>    <\/a>\n<\/li>\n<li class=\"buttongroup__item\">\n<p>    <a class=\"btn btn--text btn--standard-secondary btn--fullwidth\" href=\"https:\/\/www.sportschau.de\/live-und-ergebnisse\/eishockey\/iihf-wm\/se103745\/2026-schweiz\/rr\/gm6\/spiele-und-ergebnisse\" rel=\"nofollow noopener\" target=\"_blank\"><br \/>\n        6. Gruppenspieltag<\/p>\n<p>  Pfeil rechts<\/p>\n<p>    <\/a>\n<\/li>\n<\/ul>\n<p>    Torloses Drittel, dann zwei Tore in 66 Sekunden<\/p>\n<p class=\"textabsatz m-ten m-offset-one l-eight l-offset-two columns twelve\">Das best\u00e4tigte sich im vorletzten Gruppenspiel, von Beginn war die Partie extrem umk\u00e4mpft, es ging hin und her und war ganz weit entfernt von der Einseitigkeit des Vortages gegen Ungarn. Beide Mannschaften erspielten sich mehrere Gro\u00dfchancen, vor allem in den letzten f\u00fcnf Minuten des ersten Drittel standen die Goalies Philip Grubauer und Atte Tolvanen unter Dauerbeschuss &#8211; doch sie waren vorerst nicht zu bezwingen. Trotz bester Gelegenheit fiel in den ersten 20 Minuten kein Tor.<\/p>\n<p class=\"textabsatz m-ten m-offset-one l-eight l-offset-two columns twelve\">Das \u00e4nderte sich im zweiten Durchgang daf\u00fcr relativ schnell &#8211; zum Leidwesen der deutschen Mannschaft. Tim Harnisch brach \u00fcber die Seite durch und war nicht aufzuhalten, brachte den Puck in den Mitte, wo Leon Wallner die Kelle reinhielt und zum 1:0 traf (23.). Allerdings sch\u00fcttelte sich das DEB-Team und schlug direkt zur\u00fcck, Reichel glich in der 24. Minute aus &#8211; zwischen den beiden Treffern lagen nur 66 Sekunden.<\/p>\n<p>    Reichel zum zweiten und zum dritten<\/p>\n<p class=\"textabsatz m-ten m-offset-one l-eight l-offset-two columns twelve\">Ein Unentschieden reichte den Deutschen aber nicht, sie mussten auf Sieg spielen &#8211; und gingen dann tats\u00e4chlich durch ein herausragend herausgespieltes Tor in F\u00fchrung. Rund um das \u00f6sterreichische Tor kombinierte das DEB-Team und schlie\u00dflich vollendete Josh Samanski (34.), der das Viertelfinal-Ziel wieder ein St\u00fcck weit realistischer machte. F\u00fcr den brauchte es gegen \u00d6sterreich und am Montag zum Abschluss gegen Gro\u00dfbritannien (20.20 Uhr) zwei Siege sowie noch ein wenig Sch\u00fctzenhilfe.<\/p>\n<p class=\"textabsatz m-ten m-offset-one l-eight l-offset-two columns twelve\">Der erste Schritt nahm immer mehr Formen an, als Reichel im Schlussdrittel seinen zweiten Treffer erzielte &#8211; 3:1 (46.). Manuel Wiederer sorgte wenig sp\u00e4ter f\u00fcr die vermeintliche Vorentscheidung (49.), doch Vinzenz Rohrer brachte \u00d6sterreich praktish im Gegenzug schon wieder zur\u00fcck ins Spiel (49.). Reichel schlug aber kurz danach ein drittes Mal zu (52.), an diesem Abend lie\u00df sich Deutschland nicht mehr vom Weg abbringen &#8211; zumal Alexander Ehl per Empty-Net-Goal auf 6:2 erh\u00f6hte (55.).<\/p>\n<p class=\"textabsatz m-ten m-offset-one l-eight l-offset-two columns twelve\">Und trotzdem k\u00f6nnte der am Montag enden, weil nicht nur ein Sieg gegen das bisher punktlose Gro\u00dfbritannien reicht. Lettland und die USA d\u00fcrfen ihre letzten beiden Gruppenspiele jeweils nicht gewinnen, damit keiner der beiden das DEB-Team von Platz vier verdr\u00e4ngt. Sollte \u00d6sterreich die \u00fcbrigen beiden Partien gegen Finnland und die USA verlieren, k\u00f6nnte Deutschland aber auch noch am Gegner des Samstagabends vorbeiziehen. Der Traum vom Viertelfinale lebt.<\/p>\n<p>Hinweis<\/p>\n<p>            Bei Google erscheinen neben den Suchergebnissen h\u00e4ufig aktuelle News-Boxen. Wer die Sportschau als bevorzugte Quelle hinterlegt, bekommt dort h\u00e4ufiger unabh\u00e4ngigen, werbefreien und hintergr\u00fcndigen Sportjournalismus angezeigt. <a href=\"https:\/\/www.sportschau.de\/sportschau-als-bevorzugte-quelle-hinzufuegen,sportschau-als-bevorzugte-google-quelle-100.html\" title=\"Sportschau.de als &quot;Bevorzugte Quelle&quot; bei Google hinzuf\u00fcgen\" rel=\"nofollow noopener\" target=\"_blank\">Jetzt hier Sportschau als bevorzugte Quelle hinzuf\u00fcgen.<\/a><\/p>\n","protected":false},"excerpt":{"rendered":"Stand: 23.05.2026 \u2022 23:38 Uhr Zweite Top-Leistung in Folge &#8211; aber reicht das noch? Nach Ungarn hat die&hellip;\n","protected":false},"author":2,"featured_media":1041705,"comment_status":"","ping_status":"","sticky":false,"template":"","format":"standard","meta":{"footnotes":"","_share_on_mastodon":"0"},"categories":[5],"tags":[331,332,3364,39772,29,2100,23939,30,13,14,15,12,11404],"class_list":["post-1041704","post","type-post","status-publish","format-standard","has-post-thumbnail","category-nachrichten","tag-aktuelle-nachrichten","tag-aktuelle-news","tag-de","tag-deb-team","tag-deutschland","tag-eishockey","tag-eishockey-wm","tag-germany","tag-headlines","tag-nachrichten","tag-news","tag-schlagzeilen","tag-wm"],"share_on_mastodon":{"url":"https:\/\/pubeurope.com\/@de\/116626232101903025","error":""},"_links":{"self":[{"href":"https:\/\/www.europesays.com\/de\/wp-json\/wp\/v2\/posts\/1041704","targetHints":{"allow":["GET"]}}],"collection":[{"href":"https:\/\/www.europesays.com\/de\/wp-json\/wp\/v2\/posts"}],"about":[{"href":"https:\/\/www.europesays.com\/de\/wp-json\/wp\/v2\/types\/post"}],"author":[{"embeddable":true,"href":"https:\/\/www.europesays.com\/de\/wp-json\/wp\/v2\/users\/2"}],"replies":[{"embeddable":true,"href":"https:\/\/www.europesays.com\/de\/wp-json\/wp\/v2\/comments?post=1041704"}],"version-history":[{"count":0,"href":"https:\/\/www.europesays.com\/de\/wp-json\/wp\/v2\/posts\/1041704\/revisions"}],"wp:featuredmedia":[{"embeddable":true,"href":"https:\/\/www.europesays.com\/de\/wp-json\/wp\/v2\/media\/1041705"}],"wp:attachment":[{"href":"https:\/\/www.europesays.com\/de\/wp-json\/wp\/v2\/media?parent=1041704"}],"wp:term":[{"taxonomy":"category","embeddable":true,"href":"https:\/\/www.europesays.com\/de\/wp-json\/wp\/v2\/categories?post=1041704"},{"taxonomy":"post_tag","embeddable":true,"href":"https:\/\/www.europesays.com\/de\/wp-json\/wp\/v2\/tags?post=1041704"}],"curies":[{"name":"wp","href":"https:\/\/api.w.org\/{rel}","templated":true}]}}