{"id":1041755,"date":"2026-05-23T22:51:13","date_gmt":"2026-05-23T22:51:13","guid":{"rendered":"https:\/\/www.europesays.com\/de\/1041755\/"},"modified":"2026-05-23T22:51:13","modified_gmt":"2026-05-23T22:51:13","slug":"nachbarschaftstreff-au-computerhilfe-fuer-senioren","status":"publish","type":"post","link":"https:\/\/www.europesays.com\/de\/1041755\/","title":{"rendered":"Nachbarschaftstreff Au: Computerhilfe f\u00fcr Senioren"},"content":{"rendered":"<p class=\"article-text\">Alle Seniorinnen und Senioren, die Fragen rund um ihren Computer, das Internet oder ihr Smartphone haben, sind f\u00fcr Dienstag, 16. Juni, von 15 bis 17 Uhr zur Computerhilfe im Nachbarschaftstreff Au (Gebsattelstra\u00dfe 2) eingeladen. In entspannter Atmosph\u00e4re geht es um Themen wie Internet sicher nutzen, E-Mails schreiben und verwalten oder Grundlagen der Textverarbeitung. Ein Smartphone oder Laptop ist selbst mitzubringen. <\/p>\n","protected":false},"excerpt":{"rendered":"Alle Seniorinnen und Senioren, die Fragen rund um ihren Computer, das Internet oder ihr Smartphone haben, sind f\u00fcr&hellip;\n","protected":false},"author":2,"featured_media":36025,"comment_status":"","ping_status":"","sticky":false,"template":"","format":"standard","meta":{"footnotes":"","_share_on_mastodon":"0"},"categories":[1827],"tags":[25846,772,5308,29,30,2489,1268,6583],"class_list":["post-1041755","post","type-post","status-publish","format-standard","has-post-thumbnail","category-muenchen","tag-au-muenchen","tag-bayern","tag-computer","tag-deutschland","tag-germany","tag-kirche-gesellschaft","tag-muenchen","tag-senioren"],"share_on_mastodon":{"url":"https:\/\/pubeurope.com\/@de\/116626344394860263","error":""},"_links":{"self":[{"href":"https:\/\/www.europesays.com\/de\/wp-json\/wp\/v2\/posts\/1041755","targetHints":{"allow":["GET"]}}],"collection":[{"href":"https:\/\/www.europesays.com\/de\/wp-json\/wp\/v2\/posts"}],"about":[{"href":"https:\/\/www.europesays.com\/de\/wp-json\/wp\/v2\/types\/post"}],"author":[{"embeddable":true,"href":"https:\/\/www.europesays.com\/de\/wp-json\/wp\/v2\/users\/2"}],"replies":[{"embeddable":true,"href":"https:\/\/www.europesays.com\/de\/wp-json\/wp\/v2\/comments?post=1041755"}],"version-history":[{"count":0,"href":"https:\/\/www.europesays.com\/de\/wp-json\/wp\/v2\/posts\/1041755\/revisions"}],"wp:featuredmedia":[{"embeddable":true,"href":"https:\/\/www.europesays.com\/de\/wp-json\/wp\/v2\/media\/36025"}],"wp:attachment":[{"href":"https:\/\/www.europesays.com\/de\/wp-json\/wp\/v2\/media?parent=1041755"}],"wp:term":[{"taxonomy":"category","embeddable":true,"href":"https:\/\/www.europesays.com\/de\/wp-json\/wp\/v2\/categories?post=1041755"},{"taxonomy":"post_tag","embeddable":true,"href":"https:\/\/www.europesays.com\/de\/wp-json\/wp\/v2\/tags?post=1041755"}],"curies":[{"name":"wp","href":"https:\/\/api.w.org\/{rel}","templated":true}]}}