{"id":1041912,"date":"2026-05-24T00:24:14","date_gmt":"2026-05-24T00:24:14","guid":{"rendered":"https:\/\/www.europesays.com\/de\/1041912\/"},"modified":"2026-05-24T00:24:14","modified_gmt":"2026-05-24T00:24:14","slug":"pressestimmen-zum-dfb-pokal-harry-kane-fegt-wie-ein-wirbelwind-durch-berlin-fussball","status":"publish","type":"post","link":"https:\/\/www.europesays.com\/de\/1041912\/","title":{"rendered":"Pressestimmen zum DFB-Pokal: \u201eHarry Kane fegt wie ein Wirbelwind durch Berlin\u201c | Fu\u00dfball"},"content":{"rendered":"<p><a class=\"skip-content skip-content--link\" href=\"#in-content-skip-link-target-v-0-0\">TTS-Player \u00fcberspringen\u21b5<\/a><a id=\"in-content-skip-link-target-v-0-0\" class=\"skip-content--target-link-hidden skip-content skip-content--target-link\" href=\"#in-content-skip-link-target-v-0-0\">Artikel weiterlesen<\/a><\/p>\n<p><b>Bayerns Final-Flaute im Pokal ist beendet, gegen den VfB Stuttgart gewannen sie Samstagabend 3:0 \u2013 dank eines Dreierpacks von Harry Kane (32). So reagiert die internationale Presse auf das Double und den Kane-Dreierpack.<\/b><\/p>\n<p>Die englische Zeitung\u00a0\u201eThe Sun\u201c: \u201eDer Schiedsrichter musste das Spiel des <a href=\"https:\/\/sportbild.bild.de\/bundesliga\/vereine\/bayern-muenchen\/home-33283572.sport.html\" class=\"text-link\" rel=\"nofollow noopener\" target=\"_blank\">FC Bayern M\u00fcnchen <\/a>unterbrechen, als Harry Kanes Tor eine Rauchwolke ausl\u00f6ste, die das Olympiastadion f\u00fcllte.\u201c<\/p>\n<p>\u201eDaily Mail\u201c: \u201eHarry Kane kr\u00f6nte seine bemerkenswerte Vereinssaison auf perfekte Weise, als sein Hattrick dem FC Bayern M\u00fcnchen den DFB-Pokalsieg sicherte.\u201c Und: \u201eKane, der so lange wegen seiner sp\u00e4rlichen Troph\u00e4ensammlung verspottet wurde, hat nun auch den DFB-Pokal zu seinen beiden Bundesliga-Meisterschaftsmedaillen hinzugef\u00fcgt.\u201c<\/p>\n<p>\u201eESPN\u201c: \u201eHarry Kanes Hattrick sichert Bayern M\u00fcnchen den DFB-Pokalsieg.\u201c<\/p>\n<p>Mehr zum Thema<\/p>\n<p>\u201eBBC\u201c: \u201eKanes Pokalsiegtore kr\u00f6nen eine bemerkenswerte Saison bei Bayern, in der er unglaubliche 61 Tore in 51 Spielen erzielt. Nachdem Bayern Anfang Mai zum zweiten Mal in Folge den Bundesliga-Titel und im vergangenen August den deutschen Supercup gewonnen hatte, hat Kane seit seinem Wechsel zu den deutschen Giganten im Sommer 2023 nun vier Troph\u00e4en geholt.\u201c<\/p>\n<p>Die spanische Zeitung \u201eMarca\u201c: \u201eHarry Kane fegt wie ein Wirbelwind durch Berlin und holt den POKAL f\u00fcr Bayern zur\u00fcck.\u201c<\/p>\n<p>\u201eMundo Deportivo\u201c: \u201eHarry Kane f\u00fchrt Bayern mit einem Hattrick zum Double.\u201c<\/p>\n<p>\u201eAS\u201c: \u201eJos\u00e9 Mourinho war Ehrengast auf der Trib\u00fcne des Berliner Olympiastadions, wo der FC Bayern M\u00fcnchen den VfB Stuttgart mit 3:0 besiegte, den DFB-Pokal gewann und damit das Double perfekt machte. Die Agentur des portugiesischen Trainers pflegt enge Beziehungen zum schw\u00e4bischen Verein, der ihn zu einem Spiel in die deutsche Hauptstadt eingeladen hatte, das von einem Mann dominiert wurde: Harry Kane.\u201c<\/p>\n<p>\u201eSport\u201c: \u201eEin brandgef\u00e4hrlicher Kane beschert Bayern einen weiteren DFB-Pokal.\u201c<\/p>\n<p>Die italienische \u201eGazzetta dello Sport\u201c: \u201eKane ist \u00fcberragend.\u201c<\/p>\n","protected":false},"excerpt":{"rendered":"TTS-Player \u00fcberspringen\u21b5Artikel weiterlesen Bayerns Final-Flaute im Pokal ist beendet, gegen den VfB Stuttgart gewannen sie Samstagabend 3:0 \u2013&hellip;\n","protected":false},"author":2,"featured_media":1041913,"comment_status":"","ping_status":"","sticky":false,"template":"","format":"standard","meta":{"footnotes":"","_share_on_mastodon":"0"},"categories":[1825],"tags":[296,29,458,347,30,11709,6845],"class_list":["post-1041912","post","type-post","status-publish","format-standard","has-post-thumbnail","category-berlin","tag-berlin","tag-deutschland","tag-fc-bayern-muenchen","tag-fussball","tag-germany","tag-harry-kane","tag-pressestimmen"],"share_on_mastodon":{"url":"https:\/\/pubeurope.com\/@de\/116626710053365710","error":""},"_links":{"self":[{"href":"https:\/\/www.europesays.com\/de\/wp-json\/wp\/v2\/posts\/1041912","targetHints":{"allow":["GET"]}}],"collection":[{"href":"https:\/\/www.europesays.com\/de\/wp-json\/wp\/v2\/posts"}],"about":[{"href":"https:\/\/www.europesays.com\/de\/wp-json\/wp\/v2\/types\/post"}],"author":[{"embeddable":true,"href":"https:\/\/www.europesays.com\/de\/wp-json\/wp\/v2\/users\/2"}],"replies":[{"embeddable":true,"href":"https:\/\/www.europesays.com\/de\/wp-json\/wp\/v2\/comments?post=1041912"}],"version-history":[{"count":0,"href":"https:\/\/www.europesays.com\/de\/wp-json\/wp\/v2\/posts\/1041912\/revisions"}],"wp:featuredmedia":[{"embeddable":true,"href":"https:\/\/www.europesays.com\/de\/wp-json\/wp\/v2\/media\/1041913"}],"wp:attachment":[{"href":"https:\/\/www.europesays.com\/de\/wp-json\/wp\/v2\/media?parent=1041912"}],"wp:term":[{"taxonomy":"category","embeddable":true,"href":"https:\/\/www.europesays.com\/de\/wp-json\/wp\/v2\/categories?post=1041912"},{"taxonomy":"post_tag","embeddable":true,"href":"https:\/\/www.europesays.com\/de\/wp-json\/wp\/v2\/tags?post=1041912"}],"curies":[{"name":"wp","href":"https:\/\/api.w.org\/{rel}","templated":true}]}}