{"id":1041979,"date":"2026-05-24T01:11:36","date_gmt":"2026-05-24T01:11:36","guid":{"rendered":"https:\/\/www.europesays.com\/de\/1041979\/"},"modified":"2026-05-24T01:11:36","modified_gmt":"2026-05-24T01:11:36","slug":"tag-der-amateure-mattuschka-nach-vsg-pokalsieg-bin-da-oben-fast-gestorben","status":"publish","type":"post","link":"https:\/\/www.europesays.com\/de\/1041979\/","title":{"rendered":"Tag der Amateure: Mattuschka nach VSG-Pokalsieg: \u00abBin da oben fast gestorben\u00bb"},"content":{"rendered":"<p class=\"paragraph article__item\">Der Landespokal-Triumph der VSG Altglienicke verlangte auch dem sportlichen Leiter Torsten Mattuschka alles ab. \u00abIch bin da oben fast gestorben\u00bb, sagte der Ex-Profi dem rbb nach dem 2:1 des Regionalligisten gegen den <a class=\"rtr-entity\" href=\"https:\/\/www.zeit.de\/thema\/bfc-dynamo\" rel=\"nofollow noopener\" target=\"_blank\">BFC Dynamo<\/a> \u00fcber sein Mitleiden auf der Trib\u00fcne.\u00a0\n<\/p>\n<p>Aktuelles<\/p>\n<p>                <a href=\"https:\/\/www.zeit.de\/sport\/2026-05\/spiesen-elversberg-fussball-bundesliga-sv-elversberg-kommune\" data-ct-label=\"Spiesen-Elversberg: \u00bbMan ist froh, Elversberger zu sein\u00ab\" data-uuid=\"fe15ec13-28b9-4bca-af24-e08c9acc13d3\" rel=\"nofollow noopener\" target=\"_blank\"><\/p>\n<p>        Z+ (abopflichtiger Inhalt);<\/p>\n<p>    Spiesen-Elversberg:<br \/>\n                        \u00bbMan ist froh, Elversberger zu sein\u00ab<\/p>\n<p>                <\/a><\/p>\n<p>                <a href=\"https:\/\/www.zeit.de\/sport\/2026-05\/manuel-neuer-julian-nagelsmann-oliver-baumann-dfb-wm-torwart\" data-ct-label=\"Fu\u00dfball-WM: Julian Nagelsmann holt wohl Manuel Neuer als Nummer eins zur\u00fcck\" data-uuid=\"e6ffb494-613c-40ec-bd06-d834236b66fe\" rel=\"nofollow noopener\" target=\"_blank\"><\/p>\n<p>                        Fu\u00dfball-WM:<br \/>\n                        Julian Nagelsmann holt wohl Manuel Neuer als Nummer eins zur\u00fcck<\/p>\n<p>                <\/a><\/p>\n<p>                <a href=\"https:\/\/www.zeit.de\/digital\/games\/2026-04\/caggtus-leipzig-lan-party-gaming-festival\" data-ct-label=\"Caggtus in Leipzig: 2.300 Menschen treffen sich zu Deutschlands gr\u00f6\u00dfter LAN-Party. Warum?\" data-uuid=\"c48e2259-673c-4acf-a704-cac4578729ae\" rel=\"nofollow noopener\" target=\"_blank\"><\/p>\n<p>        Z+ (abopflichtiger Inhalt);<\/p>\n<p>    Caggtus in Leipzig:<br \/>\n                        2.300 Menschen treffen sich zu Deutschlands gr\u00f6\u00dfter LAN-Party. Warum?<\/p>\n<p>                <\/a><\/p>\n<p class=\"paragraph article__item\">\u00abJedem, mit dem ich da oben gesprochen habe, habe ich gesagt, heute k\u00f6nnen nur wir dieses Spiel gewinnen. Sonst glaube ich an nichts mehr, weil das absolut verdient ist. Der BFC hat nichts f\u00fcr dieses Finale gemacht und das ist so geil, die Jungs jetzt zu sehen mit diesem Pokal\u00bb, freute sich der 45-J\u00e4hrige, der auch als TV-Experte t\u00e4tig ist.\u00a0\n<\/p>\n<p class=\"paragraph article__item\">Die VSG war besonders in der ersten Halbzeit dr\u00fcckend \u00fcberlegen und h\u00e4tte f\u00fchren m\u00fcssen. Doch nach der regul\u00e4ren Spielzeit stand es 1:1 und Altglienicke war in Unterzahl. In der Verl\u00e4ngerung sorgte Jonas Nietfeld mit seinem Kopfballtor f\u00fcr riesigen Jubel, auch bei Mattuschka.\n<\/p>\n<p>        Keeper Zwick: Schlechte Nacht, guter Tag        <\/p>\n<p class=\"paragraph article__item\">Torwart Luis Maria Zwick wurde trotz Nervosit\u00e4t vor dem Spiel mit einem parierten Elfer und mehreren Paraden in der Schlussphase zum Helden. \u00abMeine Nacht heute war beschissen, umso geiler ist der Tag jetzt\u00bb, sagte der Keeper dem rbb. \u00abIch trinke eigentlich keinen Alkohol, aber heute werden wir das Ding so abrei\u00dfen.\u00bb\n<\/p>\n<p class=\"paragraph article__item\">In der ersten Runde des DFB-Pokals, f\u00fcr die sich Altglienicke mit dem Sieg qualifizierte, w\u00fcnscht sich Mattuschka einen gro\u00dfen Namen. \u00abEs muss nicht mal Bayern sein, irgendwas Traditionelles: Schalke, Gladbach, Werder Bremen. Irgend sowas Cooles, wo du vielleicht noch eine kleine Chance h\u00e4ttest.\u00bb Viel Zeit zum Feiern mit seinem Team hatte der fr\u00fchere Unioner nicht. Er wollte noch seine Tochter bei einem Cheerleading-Wettbewerb unterst\u00fctzen.\n<\/p>\n<p class=\"paragraph article__item\">\u00a9 dpa-infocom, dpa:260523-930-120651\/2<\/p>\n","protected":false},"excerpt":{"rendered":"Der Landespokal-Triumph der VSG Altglienicke verlangte auch dem sportlichen Leiter Torsten Mattuschka alles ab. \u00abIch bin da oben&hellip;\n","protected":false},"author":2,"featured_media":1041980,"comment_status":"","ping_status":"","sticky":false,"template":"","format":"standard","meta":{"footnotes":"","_share_on_mastodon":"0"},"categories":[3976],"tags":[331,332,10195,12442,3476,13,223250,75189,50219,14,15,12,223251,48965,114140,5917,3992,3993,3994,3995,3996,3997,12443],"class_list":["post-1041979","post","type-post","status-publish","format-standard","has-post-thumbnail","category-vereinigtes-koenigreich","tag-aktuelle-nachrichten","tag-aktuelle-news","tag-altglienicke","tag-bfc-dynamo","tag-deutscher-fussball-bund","tag-headlines","tag-ivan-knezevic","tag-jonas-nietfeld","tag-mommsenstadion","tag-nachrichten","tag-news","tag-schlagzeilen","tag-sydney-mohamed-sylla","tag-tag-der-amateure","tag-torsten-mattuschka","tag-treptow-koepenick","tag-uk","tag-united-kingdom","tag-united-kingdom-of-great-britain-and-northern-ireland","tag-vereinigtes-koenigreich","tag-vereinigtes-koenigreich-grossbritannien-und-nordirland","tag-vereinigtes-koenigreich-von-grossbritannien-und-nordirland","tag-vsg-altglienicke"],"share_on_mastodon":{"url":"","error":"Validation failed: Text character limit of 500 exceeded"},"_links":{"self":[{"href":"https:\/\/www.europesays.com\/de\/wp-json\/wp\/v2\/posts\/1041979","targetHints":{"allow":["GET"]}}],"collection":[{"href":"https:\/\/www.europesays.com\/de\/wp-json\/wp\/v2\/posts"}],"about":[{"href":"https:\/\/www.europesays.com\/de\/wp-json\/wp\/v2\/types\/post"}],"author":[{"embeddable":true,"href":"https:\/\/www.europesays.com\/de\/wp-json\/wp\/v2\/users\/2"}],"replies":[{"embeddable":true,"href":"https:\/\/www.europesays.com\/de\/wp-json\/wp\/v2\/comments?post=1041979"}],"version-history":[{"count":0,"href":"https:\/\/www.europesays.com\/de\/wp-json\/wp\/v2\/posts\/1041979\/revisions"}],"wp:featuredmedia":[{"embeddable":true,"href":"https:\/\/www.europesays.com\/de\/wp-json\/wp\/v2\/media\/1041980"}],"wp:attachment":[{"href":"https:\/\/www.europesays.com\/de\/wp-json\/wp\/v2\/media?parent=1041979"}],"wp:term":[{"taxonomy":"category","embeddable":true,"href":"https:\/\/www.europesays.com\/de\/wp-json\/wp\/v2\/categories?post=1041979"},{"taxonomy":"post_tag","embeddable":true,"href":"https:\/\/www.europesays.com\/de\/wp-json\/wp\/v2\/tags?post=1041979"}],"curies":[{"name":"wp","href":"https:\/\/api.w.org\/{rel}","templated":true}]}}