{"id":1041987,"date":"2026-05-24T01:17:10","date_gmt":"2026-05-24T01:17:10","guid":{"rendered":"https:\/\/www.europesays.com\/de\/1041987\/"},"modified":"2026-05-24T01:17:10","modified_gmt":"2026-05-24T01:17:10","slug":"das-risiko-einer-ausser-kontrolle-geratenen-eu-staatsverschuldung","status":"publish","type":"post","link":"https:\/\/www.europesays.com\/de\/1041987\/","title":{"rendered":"Das Risiko einer au\u00dfer Kontrolle geratenen EU-Staatsverschuldung."},"content":{"rendered":"<tr>\n<td><img decoding=\"async\" src=\"https:\/\/www.europesays.com\/de\/wp-content\/uploads\/2026\/05\/1779583341875_nguy-co-no-cong-cua-eu-roi-vao-the-mat-kiem-soat-20260524072722.webp\" class=\"__img_mastercms\" alt=\"Nguy c\u01a1 n\u1ee3 c\u00f4ng c\u1ee7a EU r\u01a1i v\u00e0o th\u1ebf 'm\u1ea5t ki\u1ec3m so\u00e1t'\" style=\"max-width:100%; padding:0px; margin:0px;;cursor:pointer\" title=\"Das Risiko einer au\u00dfer Kontrolle geratenen EU-Staatsverschuldung.\"\/><\/td>\n<\/tr>\n<tr>\n<td> Der IWF dr\u00e4ngt die EU, Innovation, Energie und Verteidigung als \u201e\u00f6ffentliche G\u00fcter\u201c des gesamten Blocks zu betrachten und diese \u00fcber einen gemeinsamen Kreditmechanismus zu finanzieren. (Quelle: DPA)<\/td>\n<\/tr>\n<p data-end=\"523\" data-start=\"238\"> Laut Politico erkl\u00e4rte der IWF in einem Dokument, das dem informellen Treffen der EU-Finanzminister am 23. Mai in Nikosia vorgelegt wurde, dass die durchschnittliche Staatsverschuldung der europ\u00e4ischen L\u00e4nder bei Beibehaltung der aktuellen Politik bis 2040 auf umgerechnet 130 % des BIP ansteigen k\u00f6nnte \u2013 fast doppelt so hoch wie der aktuelle Stand.<\/p>\n<p data-end=\"761\" data-start=\"525\"> Nach Einsch\u00e4tzung des IWF werden die EU <a class=\"data-link\" data-org-href=\"https:\/\/www.vietnam.vn\/tag\/chinh-phu\" href=\"https:\/\/www.vietnam.vn\/tag\/chinh-phu\" title=\"Regierung\" target=\"_blank\" rel=\"nofollow noopener\">-Regierungen<\/a> in den n\u00e4chsten 15 Jahren angesichts einer schnell alternden Bev\u00f6lkerung und schrumpfendem fiskalischen Spielraum mit einem zunehmenden Ausgabendruck in den Bereichen Verteidigung, Energie und Rentensysteme konfrontiert sein.<\/p>\n<p data-end=\"936\" data-start=\"763\"> Der IWF argumentiert, dass der von vielen EU-L\u00e4ndern verfolgte \u201eVorsichtsansatz\u201c zu Einschr\u00e4nkungen gef\u00fchrt habe und dass der Staatenbund eine umfassendere Strategie ben\u00f6tige, um den aufkommenden Ausgabendruck zu bew\u00e4ltigen.<\/p>\n<p data-end=\"1130\" data-start=\"938\"> Diese Agentur schlug vor, dass die EU gleichzeitig Strukturreformen, Fiskalreformen, eine Haushaltskonsolidierung und eine Ausweitung der gemeinsamen Kreditaufnahme auf Blockebene umsetzen sollte, um die langfristige finanzielle Tragf\u00e4higkeit zu gew\u00e4hrleisten.<\/p>\n<p data-end=\"1309\" data-start=\"1132\"> Der Europ\u00e4ische Rechnungshof warnte die EU-Finanzminister au\u00dferdem, dass \u201eUnt\u00e4tigkeit keine Option mehr ist\u201c, und betonte die Notwendigkeit von Ma\u00dfnahmen zur Haushaltskonsolidierung.<\/p>\n<p data-end=\"1553\" data-start=\"1311\"> Laut IWF muss die EU Ma\u00dfnahmen f\u00f6rdern, die Besch\u00e4ftigung und Rekrutierung im gesamten Block anregen, den Fluss von Ersparnissen in Investitionen vereinfachen, die Integration des Energiemarktes st\u00e4rken und Klimaanpassungsprojekte umsetzen.<\/p>\n<p data-end=\"1668\" data-start=\"1555\"> Der Fonds argumentiert au\u00dferdem, dass Rentenreformen und die Anhebung des Rentenalters dazu beitragen werden, den k\u00fcnftigen finanziellen Druck zu verringern.<\/p>\n<p data-end=\"1827\" data-start=\"1670\"> Insbesondere forderte der IWF die EU auf, Innovation, Energie und Verteidigung als \u201e\u00f6ffentliche G\u00fcter\u201c des gesamten Blocks zu betrachten und sie \u00fcber einen gemeinsamen Kreditmechanismus zu finanzieren.<\/p>\n<p data-end=\"2177\" data-start=\"1829\"> Die Frage der Schuldenlastverteilung spaltet die EU jedoch weiterhin. L\u00e4nder wie Spanien, Italien, Griechenland und Frankreich bef\u00fcrworten nachdr\u00fccklich eine Ausweitung der gemeinsamen Kreditaufnahme, w\u00e4hrend Deutschland dagegen bleibt.<\/p>\n<p data-end=\"2457\" data-start=\"2179\"> Im Anschluss an das Treffen r\u00e4umte EU- <a class=\"data-link\" data-org-href=\"https:\/\/www.vietnam.vn\/category\/kinh-te\" href=\"https:\/\/www.vietnam.vn\/category\/kinh-te\" title=\"Wirtschaft\" target=\"_blank\" rel=\"nofollow noopener\">Wirtschaftskommissar<\/a> Valdis Dombrovskis ein, dass Europa vor \u201eneuen und langfristigen Ausgabenanforderungen\u201c stehe, w\u00e4hrend begrenzter fiskalischer Spielraum, hohe Verschuldung und eine alternde Bev\u00f6lkerung die Herausforderungen weiter versch\u00e4rfen.<\/p>\n<p data-end=\"2589\" data-start=\"2459\"> Herr Dombrovskis betonte, dass es sich hierbei nicht l\u00e4nger um eine \u201etheoretische Frage\u201c handle, sondern um eine dringende politische Herausforderung f\u00fcr die gesamte EU. Seiner Ansicht nach liege die Schl\u00fcssell\u00f6sung darin, das Wirtschaftswachstum anzukurbeln und die Effizienz der \u00f6ffentlichen Ausgaben zu verbessern.<\/p>\n<p data-end=\"2856\" data-is-last-node=\"\" data-is-only-node=\"\" data-start=\"2700\"> Er erkl\u00e4rte au\u00dferdem, dass der gemeinsame Kreditmechanismus von der EU tats\u00e4chlich bei Programmen zum Aufbau von Verteidigungskapazit\u00e4ten und bei der Hilfe f\u00fcr die Ukraine angewendet wurde.<\/p>\n<p class=\"mb-0\"> Quelle: https:\/\/baoquocte.vn\/nguy-co-no-cong-cua-eu-roi-vao-the-mat-kiem-soat-397401.html<\/p>\n","protected":false},"excerpt":{"rendered":"Der IWF dr\u00e4ngt die EU, Innovation, Energie und Verteidigung als \u201e\u00f6ffentliche G\u00fcter\u201c des gesamten Blocks zu betrachten und&hellip;\n","protected":false},"author":2,"featured_media":1041988,"comment_status":"","ping_status":"","sticky":false,"template":"","format":"standard","meta":{"footnotes":"","_share_on_mastodon":"0"},"categories":[3933],"tags":[331,332,223252,548,102556,663,158,3934,3935,13,13543,14,15,12],"class_list":["post-1041987","post","type-post","status-publish","format-standard","has-post-thumbnail","category-eu","tag-aktuelle-nachrichten","tag-aktuelle-news","tag-bevoelkerungsalterung","tag-eu","tag-eu-wirtschaft","tag-europa","tag-europaeische-union","tag-europe","tag-european-union","tag-headlines","tag-iwf","tag-nachrichten","tag-news","tag-schlagzeilen"],"share_on_mastodon":{"url":"https:\/\/pubeurope.com\/@de\/116626918681921370","error":""},"_links":{"self":[{"href":"https:\/\/www.europesays.com\/de\/wp-json\/wp\/v2\/posts\/1041987","targetHints":{"allow":["GET"]}}],"collection":[{"href":"https:\/\/www.europesays.com\/de\/wp-json\/wp\/v2\/posts"}],"about":[{"href":"https:\/\/www.europesays.com\/de\/wp-json\/wp\/v2\/types\/post"}],"author":[{"embeddable":true,"href":"https:\/\/www.europesays.com\/de\/wp-json\/wp\/v2\/users\/2"}],"replies":[{"embeddable":true,"href":"https:\/\/www.europesays.com\/de\/wp-json\/wp\/v2\/comments?post=1041987"}],"version-history":[{"count":0,"href":"https:\/\/www.europesays.com\/de\/wp-json\/wp\/v2\/posts\/1041987\/revisions"}],"wp:featuredmedia":[{"embeddable":true,"href":"https:\/\/www.europesays.com\/de\/wp-json\/wp\/v2\/media\/1041988"}],"wp:attachment":[{"href":"https:\/\/www.europesays.com\/de\/wp-json\/wp\/v2\/media?parent=1041987"}],"wp:term":[{"taxonomy":"category","embeddable":true,"href":"https:\/\/www.europesays.com\/de\/wp-json\/wp\/v2\/categories?post=1041987"},{"taxonomy":"post_tag","embeddable":true,"href":"https:\/\/www.europesays.com\/de\/wp-json\/wp\/v2\/tags?post=1041987"}],"curies":[{"name":"wp","href":"https:\/\/api.w.org\/{rel}","templated":true}]}}