{"id":1042038,"date":"2026-05-24T01:49:30","date_gmt":"2026-05-24T01:49:30","guid":{"rendered":"https:\/\/www.europesays.com\/de\/1042038\/"},"modified":"2026-05-24T01:49:30","modified_gmt":"2026-05-24T01:49:30","slug":"bayern-muenchen-gewinnt-dfb-pokal-mdr-de","status":"publish","type":"post","link":"https:\/\/www.europesays.com\/de\/1042038\/","title":{"rendered":"Bayern M\u00fcnchen gewinnt DFB-Pokal | MDR.DE"},"content":{"rendered":"<p>Die Bayern setzten sich beim Finale gegen Stuttgart 3:0 durch. Das Spiel in Berlin war wegen massiver Fanproteste zeitweise unterbrochen worden. Mit Sprechch\u00f6ren und Transparenten brachten zahlreiche Zuschauer ihren Unmut \u00fcber den Deutschen Fu\u00dfballbund zum Ausdruck. Anschlie\u00dfend wurde in beiden Fanlagern Pyrotechnik entz\u00fcndet, die f\u00fcr starken Rauch sorgte. Der Protest richtete sich gegen hohe Ticketpreise und die aus Sicht der Fans zu strenge Rechtssprechung des Verbands bei Fanvergehen.<\/p>\n","protected":false},"excerpt":{"rendered":"Die Bayern setzten sich beim Finale gegen Stuttgart 3:0 durch. Das Spiel in Berlin war wegen massiver Fanproteste&hellip;\n","protected":false},"author":2,"featured_media":1042039,"comment_status":"","ping_status":"","sticky":false,"template":"","format":"standard","meta":{"footnotes":"","_share_on_mastodon":"0"},"categories":[1827],"tags":[772,29,30,22316,22317,1268,22315,83],"class_list":["post-1042038","post","type-post","status-publish","format-standard","has-post-thumbnail","category-muenchen","tag-bayern","tag-deutschland","tag-germany","tag-mdr-aktuell","tag-mdr-info","tag-muenchen","tag-nachrichtenradio","tag-radio"],"share_on_mastodon":{"url":"https:\/\/pubeurope.com\/@de\/116627044365782670","error":""},"_links":{"self":[{"href":"https:\/\/www.europesays.com\/de\/wp-json\/wp\/v2\/posts\/1042038","targetHints":{"allow":["GET"]}}],"collection":[{"href":"https:\/\/www.europesays.com\/de\/wp-json\/wp\/v2\/posts"}],"about":[{"href":"https:\/\/www.europesays.com\/de\/wp-json\/wp\/v2\/types\/post"}],"author":[{"embeddable":true,"href":"https:\/\/www.europesays.com\/de\/wp-json\/wp\/v2\/users\/2"}],"replies":[{"embeddable":true,"href":"https:\/\/www.europesays.com\/de\/wp-json\/wp\/v2\/comments?post=1042038"}],"version-history":[{"count":0,"href":"https:\/\/www.europesays.com\/de\/wp-json\/wp\/v2\/posts\/1042038\/revisions"}],"wp:featuredmedia":[{"embeddable":true,"href":"https:\/\/www.europesays.com\/de\/wp-json\/wp\/v2\/media\/1042039"}],"wp:attachment":[{"href":"https:\/\/www.europesays.com\/de\/wp-json\/wp\/v2\/media?parent=1042038"}],"wp:term":[{"taxonomy":"category","embeddable":true,"href":"https:\/\/www.europesays.com\/de\/wp-json\/wp\/v2\/categories?post=1042038"},{"taxonomy":"post_tag","embeddable":true,"href":"https:\/\/www.europesays.com\/de\/wp-json\/wp\/v2\/tags?post=1042038"}],"curies":[{"name":"wp","href":"https:\/\/api.w.org\/{rel}","templated":true}]}}