{"id":1042082,"date":"2026-05-24T02:18:18","date_gmt":"2026-05-24T02:18:18","guid":{"rendered":"https:\/\/www.europesays.com\/de\/1042082\/"},"modified":"2026-05-24T02:18:18","modified_gmt":"2026-05-24T02:18:18","slug":"was-fuer-ein-wochenende","status":"publish","type":"post","link":"https:\/\/www.europesays.com\/de\/1042082\/","title":{"rendered":"Was f\u00fcr ein Wochenende"},"content":{"rendered":"<p class=\"\">\n                    Vier Tage voller Energie, Emotionen und sportlicher H\u00f6chstleistungen: Die Landesmehrkampfmeisterschaften 2026 in Kiel wurden zu einem Ereignis, das allen Beteiligten noch lange in Erinnerung bleiben d\u00fcrfte.<\/p>\n<p>Bereits am Donnerstagmittag setzte sich der Tross Richtung Kiel in Bewegung \u2013 70 motivierte Teilnehmer, randvoll beladen mit Sporttaschen, guter Stimmung und Vorfreude. Nach der Ankunft wurden Klassenzimmer zu Schlafquartieren umfunktioniert, erste Gespr\u00e4che gef\u00fchrt und letzte Vorbereitungen getroffen, bevor die offizielle Er\u00f6ffnungsfeier begann. Dort begr\u00fc\u00dfte der Landesverband der DLRG die Delegationen feierlich und stimmte auf die kommenden Wettkampftage ein. Parallel zu den Landesmehrkampfmeisterschaften lief auch das Landesjugendtreffen.\n            <\/p>\n<p>\n                                Mannschaft AK 17\/18 \u2013 4 \u00d7 25 m Gurtretterstaffel \u2013 so sehen Sieger aus \u2013 v. l. Lara Kloss, Zoey Detlefs, Emma Lutz, Paulina Johannsen<br \/>\n                            Foto: Stefanie Heumann<\/p>\n<p><img decoding=\"async\" src=\"https:\/\/www.europesays.com\/de\/wp-content\/uploads\/2026\/05\/f99419fe2c4f99e4.jpg\" title=\"Mannschaft AK 17\/18 \u2013 4 \u00d7 25 m Gurtretterstaffel \u2013 so sehen Sieger aus \u2013 v. l. Lara Kloss, Zoey Detlefs, Emma Lutz, Paulina Johannsen\" alt=\"Mannschaft AK 17\/18 \u2013 4 \u00d7 25 m Gurtretterstaffel \u2013 so sehen Sieger aus \u2013 v. l. Lara Kloss, Zoey Detlefs, Emma Lutz, Paulina Johannsen\" class=\"lightbox__single-image__content__image-wrapper__img\" loading=\"lazy\" width=\"375\" height=\"210\"\/>Icon MaximizeIcon Lightbox Maximize<\/p>\n<p>SchliessenX ZeichenKleines Zeichen welches ein X symbolisiert<\/p>\n<p><img decoding=\"async\" class=\"lightbox--enabled__container__image-wrapper__img\" src=\"\" alt=\"\"\/><\/p>\n<p class=\"\">\n                    Am Freitag wurde es ernst.<\/p>\n<p>F\u00fcr die j\u00fcngsten Athleten begann der Wettkampftag bereits im Morgengrauen. Um 5.30 Uhr starteten die Altersklassen 10 bis 13\/14 Richtung Sportforum der CAU Kiel. W\u00e4hrend die Stadt langsam erwachte, wurde in der Schwimmhalle bereits um Sekunden, Punkte und Podestpl\u00e4tze gek\u00e4mpft.<\/p>\n<p>Am Mittag r\u00fcckten schlie\u00dflich die Altersklassen 15\/16 bis Offen ins Rampenlicht. In Einzel- und Mannschaftswettk\u00e4mpfen zeigten die Sportler starke Leistungen \u2013 mit pers\u00f6nlichen Bestzeiten, beeindruckenden Aufholjagden und gro\u00dfem Teamgeist.<\/p>\n<p>Besonders erfolgreich verlief das Wochenende f\u00fcr die Mannschaften: Die m\u00e4nnliche Altersklasse 13\/14 verbesserte sich vom f\u00fcnften auf den vierten Platz. Die AK 10 sicherte sich bei ihrer allerersten Landesmeisterschaft direkt Bronze \u2013 ein bemerkenswerter Einstand. Die weibliche Mannschaft der AK Offen verteidigte souver\u00e4n ihren dritten Platz und stand damit bereits zum dritten Mal in Folge auf dem Podium. Die M\u00e4nner der AK Offen mussten sich nur Seriensieger Norderstedt geschlagen geben und freuten sich \u00fcber Silber. Ebenfalls Bronze gewann die weibliche AK 12. Landesmeister und somit ganz oben auf dem Treppchen standen die Mannschaft der Altersklasse 15\/16 m\u00e4nnlich sowie das weibliche Team der AK 17\/18.<\/p>\n<p>Auch in den Einzelwettk\u00e4mpfen sorgten die Athleten f\u00fcr starke Momente. Mikkel Christensen sicherte sich in der Altersklasse 13\/14 den Landesmeistertitel \u2013 denkbar knapp und mit jeder Menge Spannung bis zum letzten Lauf. Die Freude dar\u00fcber war selbst am Beckenrand nicht zu \u00fcberh\u00f6ren. Alexander Weizel erreichte in derselben Altersklasse Platz drei.\n            <\/p>\n<p>\n                                Platzverteidigung zum 3. Mal in Folge \u2013 v. l. Ina Grandt, Mayra Tobian, Lena Wichmann, Lena S\u00f6rensen<br \/>\n                            Foto: Stefanie Heumann<\/p>\n<p><img decoding=\"async\" src=\"https:\/\/www.europesays.com\/de\/wp-content\/uploads\/2026\/05\/0200edd0df190294.jpg\" title=\"Platzverteidigung zum 3. Mal in Folge \u2013 v. l. Ina Grandt, Mayra Tobian, Lena Wichmann, Lena S\u00f6rensen\" alt=\"Platzverteidigung zum 3. Mal in Folge \u2013 v. l. Ina Grandt, Mayra Tobian, Lena Wichmann, Lena S\u00f6rensen\" class=\"lightbox__single-image__content__image-wrapper__img\" loading=\"lazy\" width=\"375\" height=\"210\"\/>Icon MaximizeIcon Lightbox Maximize<\/p>\n<p>SchliessenX ZeichenKleines Zeichen welches ein X symbolisiert<\/p>\n<p><img decoding=\"async\" class=\"lightbox--enabled__container__image-wrapper__img\" src=\"\" alt=\"\"\/><\/p>\n<p class=\"\">\n                    Carl Christian Baerendtsen schwamm zum Landesmeistertitel und Jakob Huber zum Vizelandesmeistertitel \u2013 ein Doppelsieg in der AK 15\/16. In der Altersklasse 17\/18 triumphierte Anton Holstein auf Platz eins im Doppelsieg mit Asger Aggerbaek Juel auf Platz zwei \u2013 absolute Dominanz. Zoey Detlefs rundete als Dritte das Ergebnis der Altersklasse 17\/18 ab. In der m\u00e4nnlichen Altersklasse Offen komplettierte Lasse Petersen mit Platz drei die Erfolgsserie der Fockbeker Rettungssportler.<\/p>\n<p>Alle Landesmeister haben sich damit direkt f\u00fcr die Deutschen Mehrkampfmeisterschaften im Oktober in M\u00fcnchen qualifiziert.<\/p>\n<p>Doch nicht nur Medaillen und Platzierungen machten dieses Wochenende besonders. Es war vor allem der au\u00dfergew\u00f6hnliche Teamgeist: gegenseitiges Anfeuern am Beckenrand, gemeinsames Mitfiebern bis zum letzten Lauf und die sichtbare Freude \u00fcber jeden einzelnen Erfolg. Ein Team \u2013 das nicht nur durch Wettk\u00e4mpfe ein Wochenende voller Zusammenhalt und Emotionen kreiert hat, sondern auch fernab vom Wasser und damit das zweitbeste in Schleswig-Holstein ist.<\/p>\n<p>Eines wurde in Kiel deutlich: Leistung entsteht dort, wo Vertrauen, Unterst\u00fctzung und Begeisterung aufeinandertreffen. Genau dieses Gef\u00fchl soll auch im kommenden Jahr weitergetragen werden, wenn die Landesmehrkampfmeisterschaften nach Fockbek und Rendsburg kommen.<\/p>\n<p>Ergebnisse Einzel<\/p>\n<p>AK 10 m\u00e4nnlich<br \/>Platz 6 Conner Sommerfeld<\/p>\n<p>AK 10 weiblich<br \/>Platz 15 Mia Sophie Oeltzen<br \/>Platz 17 Louisa Kottysch<br \/>Platz 18 Hanne Palkus<\/p>\n<p>AK 12 m\u00e4nnlich<br \/>Platz 16 Jakob Motyl<\/p>\n<p>AK 12 weiblich<br \/>Platz 4 Svea Hansen<\/p>\n<p>AK 13\/14 m\u00e4nnlich<br \/>Platz 1 Mikkel Christensen<br \/>Platz 3 Alexander Weizel<br \/>Platz 11 Hannes Lutz<br \/>Platz 12 Jonne Birkholz<\/p>\n<p>AK 13\/14 weiblich<br \/>Platz 11 Lotta Lucht<br \/>Platz 14 Eliana Dinkhauser<br \/>Platz 20 Leni Milla Schr\u00f6der<br \/>Platz 21 Neele Detlefs<\/p>\n<p>AK 15\/16 m\u00e4nnlich<br \/>Platz 1 Mikkel Christensen<br \/>Platz 2 Jakob Huber<br \/>Platz 4 Elias Lucht<\/p>\n<p>AK 15\/16 weiblich<br \/>Platz 6 Emma Lutz<br \/>Platz 7 Paulina Johannsen<br \/>Platz 10 Ina Lotta Schr\u00f6der<\/p>\n<p>AK 17\/18 m\u00e4nnlich<br \/>Platz 1 Anton Holstein<br \/>Platz 2 Asger Aggerbaek Juel<br \/>Platz 9 Nikolaj Skou Larsen<br \/>Platz 10 Malte Gassner<\/p>\n<p>AK 17\/18 weiblich<br \/>Platz 3 Zoey Detlefs<br \/>Platz 11 Lara Kloss<\/p>\n<p>AK Offen m\u00e4nnlich<br \/>Platz 3 Lasse Petersen<br \/>Platz 4 Lukas Schn\u00f6dewind<br \/>Platz 6 Mikkel Bro Christensen<br \/>Platz 7 Oliver Holst<br \/>Platz 9 Asger Aggerbaek Juel<br \/>Platz 15 Stefan Johannsen<\/p>\n<p>AK Offen weiblich<br \/>Platz 7 Lena S\u00f6rensen<br \/>Platz 16 Ina Grandt<\/p>\n<p>Ergebnisse Mannschaft<\/p>\n<p>AK 10 m\u00e4nnlich<br \/>Platz 3 Aquamaniacs<\/p>\n<p>AK 12 weiblich<br \/>Platz 3 Schwimmsalabim<\/p>\n<p>AK 13\/14 m\u00e4nnlich<br \/>Platz 4 Fockbek 1<br \/>Platz 6 Fockbek 2<\/p>\n<p>AK 15\/16 m\u00e4nnlich<br \/>Platz 1<\/p>\n<p>AK 17\/18 weiblich<br \/>Platz 1<\/p>\n<p>AK Offen m\u00e4nnlich<br \/>Platz 2 Fockbek 1<br \/>Platz 4 Fockbek 2<br \/>Platz 9 Fockbek 3<\/p>\n<p>AK Offen weiblich<br \/>Platz 3<\/p>\n<p>Dieser Text wurde erstellt von:<br \/>Stefanie Heumann<br \/>DLRG Fockbek\n            <\/p>\n","protected":false},"excerpt":{"rendered":"Vier Tage voller Energie, Emotionen und sportlicher H\u00f6chstleistungen: Die Landesmehrkampfmeisterschaften 2026 in Kiel wurden zu einem Ereignis, das&hellip;\n","protected":false},"author":2,"featured_media":1042083,"comment_status":"","ping_status":"","sticky":false,"template":"","format":"standard","meta":{"footnotes":"","_share_on_mastodon":"0"},"categories":[1852],"tags":[3364,26145,29,548,663,3934,30,13,4949,15118,1268,14,15,42180,27498,12,1971,26998,3767],"class_list":["post-1042082","post","type-post","status-publish","format-standard","has-post-thumbnail","category-kiel","tag-de","tag-deutsche-lebensrettungsgesellschaft-dlrg","tag-deutschland","tag-eu","tag-europa","tag-europe","tag-germany","tag-headlines","tag-kiel","tag-malta","tag-muenchen","tag-nachrichten","tag-news","tag-olympische-sommerspiele","tag-rendsburg","tag-schlagzeilen","tag-schleswig-holstein","tag-sportergebnis","tag-training"],"share_on_mastodon":{"url":"https:\/\/pubeurope.com\/@de\/116627159599904928","error":""},"_links":{"self":[{"href":"https:\/\/www.europesays.com\/de\/wp-json\/wp\/v2\/posts\/1042082","targetHints":{"allow":["GET"]}}],"collection":[{"href":"https:\/\/www.europesays.com\/de\/wp-json\/wp\/v2\/posts"}],"about":[{"href":"https:\/\/www.europesays.com\/de\/wp-json\/wp\/v2\/types\/post"}],"author":[{"embeddable":true,"href":"https:\/\/www.europesays.com\/de\/wp-json\/wp\/v2\/users\/2"}],"replies":[{"embeddable":true,"href":"https:\/\/www.europesays.com\/de\/wp-json\/wp\/v2\/comments?post=1042082"}],"version-history":[{"count":0,"href":"https:\/\/www.europesays.com\/de\/wp-json\/wp\/v2\/posts\/1042082\/revisions"}],"wp:featuredmedia":[{"embeddable":true,"href":"https:\/\/www.europesays.com\/de\/wp-json\/wp\/v2\/media\/1042083"}],"wp:attachment":[{"href":"https:\/\/www.europesays.com\/de\/wp-json\/wp\/v2\/media?parent=1042082"}],"wp:term":[{"taxonomy":"category","embeddable":true,"href":"https:\/\/www.europesays.com\/de\/wp-json\/wp\/v2\/categories?post=1042082"},{"taxonomy":"post_tag","embeddable":true,"href":"https:\/\/www.europesays.com\/de\/wp-json\/wp\/v2\/tags?post=1042082"}],"curies":[{"name":"wp","href":"https:\/\/api.w.org\/{rel}","templated":true}]}}