{"id":104210,"date":"2025-05-12T08:03:17","date_gmt":"2025-05-12T08:03:17","guid":{"rendered":"https:\/\/www.europesays.com\/de\/104210\/"},"modified":"2025-05-12T08:03:17","modified_gmt":"2025-05-12T08:03:17","slug":"demos-gegen-afd-hunderte-gehen-in-niedersachsen-auf-die-strasse-ndr-de-nachrichten-2","status":"publish","type":"post","link":"https:\/\/www.europesays.com\/de\/104210\/","title":{"rendered":"Demos gegen AfD: Hunderte gehen in Niedersachsen auf die Stra\u00dfe | NDR.de &#8211; Nachrichten"},"content":{"rendered":"<p>\nStand: 12.05.2025 07:26 Uhr\n<\/p>\n<p class=\"preface\">Im Rahmen eines Aktionstages gegen Rechts gab es am Sonntag bundesweit Demonstrationen. Auch in Niedersachsen gingen in mehreren St\u00e4dten Tausende Menschen auf die Stra\u00dfe und forderten ein Verbot der AfD.<\/p>\n<p>In <strong>Hannover<\/strong> versammelten sich nach Angaben der Polizei am Mittag rund 600 Menschen auf dem Opernplatz. Zu der Demonstration aufgerufen hatten unter anderem die Initiativen &#8222;Aufstehen gegen Rassismus Hannover&#8220;, &#8222;Omas gegen Rechts&#8220; und &#8222;FridaysForFuture&#8220;. Die Veranstalter sprachen am Abend von mindestens 1.600 Teilnehmenden. &#8222;Heute werden wir zeigen: Hannover ist ein solidarischer Zusammenschluss und ein lautes Zeichen f\u00fcr ein AfD-Verbot&#8220;, sagte eine Rednerin auf der Auftaktkundgebung.<\/p>\n<p><a href=\"https:\/\/www.europesays.com\/de\/wp-content\/uploads\/2025\/05\/afd3456_v-contentgross.jpg\" class=\"zoomimage\" title=\"Rund 600 Menschen demonstrierten in G\u00f6ttingen. \u00a9 NDR Foto: B\u00e4rbel Wiethoff\"><\/p>\n<p><img decoding=\"async\" src=\"https:\/\/www.europesays.com\/de\/wp-content\/uploads\/2025\/05\/afd3456_v-contentgross.jpg\" alt=\"Mit Bannern und Fahnen zieht eine Demonstration durch die G\u00f6ttinger Innenstadt. \u00a9 NDR Foto: B\u00e4rbel Wiethoff\" title=\"Mit Bannern und Fahnen zieht eine Demonstration durch die G\u00f6ttinger Innenstadt.\" class=\"responsive\"\/><\/p>\n<p><\/a><br \/>\nRund 600 Menschen demonstrierten in G\u00f6ttingen.<br \/>\nFriedliche Demo in G\u00f6ttingen<\/p>\n<p>In <strong>G\u00f6ttingen<\/strong> folgten laut Polizei rund 600 Menschen einem Aufruf der studentischen Initiative &#8222;Studis gegen Rechts&#8220;. Die Veranstalter selbst sprachen von 700 Menschen. Bei einer Kundgebung vor dem Auditorium am Weender Tor hielt unter anderem der Gr\u00fcnen-Landtagsabgeordnete Michael L\u00fchmann eine Rede und forderte erneut ein Verbot der AfD. Es sei schon zu viel Zeit verstrichen, das Verbot m\u00fcsse nun z\u00fcgig angegangen werden, so L\u00fchmann. Nach der Kundgebung f\u00fchrte der Demonstrationszug durch die Stadt. Die gesamte Veranstaltung sei dabei friedlich verlaufen, teilte ein Polizei-Sprecher am Abend mit.<\/p>\n<p>Drohnen-Fotoaktion in Celle<\/p>\n<p>In <strong>Hildesheim<\/strong> versammelten sich laut Polizei am Nachmittag rund 250 Teilnehmende am Hauptbahnhof. Vor dem Neuen Rathaus in <strong>Celle<\/strong> bildeten rund 250 Menschen den Schriftzug &#8222;AfD-Verbot jetzt&#8220; und wurden anschlie\u00dfend mit einer Drohne aus der Luft fotografiert. Hinter der Aktion stehen die \u201eOmas gegen Rechts\u201c und andere zivilgesellschaftliche Initiativen. Demonstrationen gab es auch in <strong>Braunschweig<\/strong>, <strong>Dannenberg<\/strong>, <strong>Delmenhorst<\/strong>, <strong>Rotenburg (W\u00fcmme) <\/strong>und <strong>Stadthagen<\/strong>.<\/p>\n<p>Initiatoren fordern AfD-Verbotsverfahren<\/p>\n<p>Zu dem Aktionstag hatte ein breites B\u00fcndnis aus mehr als 50 zivilgesellschaftlichen Organisationen aufgerufen &#8211; darunter das Netzwerk &#8222;Zusammen gegen Rechts&#8220; und die Kampagne &#8222;Menschenw\u00fcrde verteidigen &#8211; AfD-Verbot Jetzt!&#8220;. Die Initiatoren fordern nach eigenen Angaben den Bundestag, Bundesrat und die kommende Bundesregierung auf, &#8222;unverz\u00fcglich das Verbotsverfahren gegen die AfD vor dem Bundesverfassungsgericht einzuleiten&#8220;. Das B\u00fcndnis reagiere damit auf die k\u00fcrzliche Einstufung der gesamten Partei als <a href=\"https:\/\/www.ndr.de\/nachrichten\/info\/AfD-gesichert-rechtsextrem-Politiker-im-Norden-fuer-Parteiverbot,afdverfassungsschutz120.html\" title=\"Zum Artikel: AfD gesichert rechtsextremistisch: Politiker im Norden f\u00fcr Verbot\" rel=\"nofollow noopener\" target=\"_blank\">gesichert rechtsextremistisch<\/a> durch das Bundesamt f\u00fcr Verfassungsschutz, wie es hie\u00df.<\/p>\n<p>Weitere Informationen<\/p>\n<p><img decoding=\"async\" src=\"https:\/\/www.europesays.com\/de\/wp-content\/uploads\/2025\/05\/screenshot1933722_v-contentgross.jpg\" alt=\"Demonstration gegen die AfD in Hamburg. \u00a9 Screenshot \" title=\"Demonstration gegen die AfD in Hamburg.\" class=\"responsive\"\/><\/p>\n<p>\nAnlass der Demo war die Einstufung der AfD als &#8222;gesichert rechtsextrem&#8220; durch das Bundesamt f\u00fcr Verfassungsschutz vergangene Woche.<br \/>\n<a title=\"Zum Artikel: Demonstration gegen AfD in der Hamburger Innenstadt\" href=\"https:\/\/www.ndr.de\/nachrichten\/hamburg\/Demonstration-gegen-AfD-in-der-Hamburger-Innenstadt,afd3470.html\" class=\"cta \" rel=\"nofollow noopener\" target=\"_blank\">mehr<\/a>\n<\/p>\n<p><img decoding=\"async\" src=\"https:\/\/www.europesays.com\/de\/wp-content\/uploads\/2025\/05\/afdlogo100_v-contentgross.jpg\" alt=\"Parteilogo der AfD \u00a9 picture alliance\/dpa Foto: Carsten Koall\" title=\"Parteilogo der AfD\" class=\"responsive\"\/><\/p>\n<p>\nIn Niedersachsen haben SPD, Gr\u00fcne und CDU einen gemeinsamen Gesetzesentwurf formuliert. Die AfD nennt das Vorgehen &#8222;skandal\u00f6s&#8220;.<br \/>\n<a title=\"Zum Artikel: Neue Kontrolle f\u00fcr Verfassungsschutz geplant - AfD reagiert emp\u00f6rt\" href=\"https:\/\/www.ndr.de\/nachrichten\/niedersachsen\/Neue-Kontrolle-fuer-Verfassungsschutz-geplant-AfD-reagiert-empoert,verfassungsschutz834.html\" class=\"cta \" rel=\"nofollow noopener\" target=\"_blank\">mehr<\/a>\n<\/p>\n<p><img decoding=\"async\" src=\"https:\/\/www.europesays.com\/de\/wp-content\/uploads\/2025\/05\/buxtehude624_v-contentgross.jpg\" alt=\"Blick auf die Altstadt von Buxtehude. \u00a9 picture alliance\/dpa | Daniel Bockwoldt Foto: Daniel Bockwoldt\" title=\"Blick auf die Altstadt von Buxtehude.\" class=\"responsive\"\/><\/p>\n<p>\nDer Buxtehuder Stadtrat hat am Dienstagabend mit gro\u00dfer Mehrheit f\u00fcr ein Veranstaltungsverbot in Schulen gestimmt.<br \/>\n<a title=\"Zum Artikel: Stadt verbietet Partei-Veranstaltungen in Schulen\" href=\"https:\/\/www.ndr.de\/nachrichten\/niedersachsen\/lueneburg_heide_unterelbe\/Buxtehude-verbietet-Partei-Veranstaltungen-in-Schulen,aktuelllueneburg10776.html\" class=\"cta \" rel=\"nofollow noopener\" target=\"_blank\">mehr<\/a>\n<\/p>\n<p><img decoding=\"async\" src=\"https:\/\/www.europesays.com\/de\/wp-content\/uploads\/2025\/05\/1747036996_301_demo4118_v-contentgross.jpg\" alt=\"Bei einer Demo auf dem Opernplatz in Hannover halten Menschen Plakate mit der Aufschrift: &quot;Meine Zukunft ist nur mit Demokratie&quot;. \u00a9 NDR Foto: Markus Golla\" title=\"Bei einer Demo auf dem Opernplatz in Hannover halten Menschen Plakate mit der Aufschrift: &quot;Meine Zukunft ist nur mit Demokratie&quot;.\" class=\"responsive\"\/><\/p>\n<p>\nSeit Mitte Januar gehen vor allem an Wochenenden Tausende auf die Stra\u00dfe. In Braunschweig kamen am Samstag 2.000 Menschen zusammen.<br \/>\n<a title=\"Zum Artikel: Weitere Demos gegen Rechtsextremismus in Niedersachsen\" href=\"https:\/\/www.ndr.de\/nachrichten\/niedersachsen\/Weitere-Demos-gegen-Rechtsextremismus-in-Niedersachsen,rechtspopulismus106.html\" class=\"cta \" rel=\"nofollow noopener\" target=\"_blank\">mehr<\/a>\n<\/p>\n<p><img decoding=\"async\" src=\"https:\/\/www.europesays.com\/de\/wp-content\/uploads\/2025\/05\/weil3386_v-contentgross.jpg\" alt=\"Stephan Weil (SPD), Ministerpr\u00e4sident von Niedersachsen, spricht in einem Interview. \u00a9 picture alliance\/dpa Foto: Michael Matthey\" title=\"Stephan Weil (SPD), Ministerpr\u00e4sident von Niedersachsen, spricht in einem Interview.\" class=\"responsive\"\/><\/p>\n<p>\nNiedersachsens Ministerpr\u00e4sident warnt vor den Risiken eines Scheiterns, die Innenministerin setzt auf Demonstrationen gegen die Politik der AfD.<br \/>\n<a title=\"Zum Artikel: Weil und Behrens sehen m\u00f6gliches AfD-Verbotsverfahren skeptisch\" href=\"https:\/\/www.ndr.de\/nachrichten\/niedersachsen\/AfD-Verbotsverfahren-Weil-und-Behrens-skeptisch,afd3126.html\" class=\"cta \" rel=\"nofollow noopener\" target=\"_blank\">mehr<\/a>\n<\/p>\n<p>Dieses Thema im Programm:<\/p>\n<p>Hallo Niedersachsen |<br \/>\n11.05.2025 | 19:30 Uhr<\/p>\n<p><img decoding=\"async\" src=\"https:\/\/www.europesays.com\/de\/wp-content\/uploads\/2025\/03\/ndr_printlogo.gif\" alt=\"NDR Logo\" title=\"NDR Logo\"\/><\/p>\n","protected":false},"excerpt":{"rendered":"Stand: 12.05.2025 07:26 Uhr Im Rahmen eines Aktionstages gegen Rechts gab es am Sonntag bundesweit Demonstrationen. Auch in&hellip;\n","protected":false},"author":2,"featured_media":102402,"comment_status":"","ping_status":"","sticky":false,"template":"","format":"standard","meta":{"footnotes":"","_share_on_mastodon":"0"},"categories":[1850],"tags":[186,6429,2232,3364,3387,507,29,548,663,3934,40562,30,25890,46,13,8285,6496,14,15,1411,38202,12],"class_list":["post-104210","post","type-post","status-publish","format-standard","has-post-thumbnail","category-braunschweig","tag-afd","tag-braunschweig","tag-celle","tag-de","tag-demo","tag-demonstration","tag-deutschland","tag-eu","tag-europa","tag-europe","tag-gegen-demonstration","tag-germany","tag-goettingen","tag-hannover","tag-headlines","tag-hildesheim","tag-kundgebung","tag-nachrichten","tag-news","tag-niedersachsen","tag-rechts","tag-schlagzeilen"],"share_on_mastodon":{"url":"https:\/\/pubeurope.com\/@de\/114493823767164049","error":""},"_links":{"self":[{"href":"https:\/\/www.europesays.com\/de\/wp-json\/wp\/v2\/posts\/104210","targetHints":{"allow":["GET"]}}],"collection":[{"href":"https:\/\/www.europesays.com\/de\/wp-json\/wp\/v2\/posts"}],"about":[{"href":"https:\/\/www.europesays.com\/de\/wp-json\/wp\/v2\/types\/post"}],"author":[{"embeddable":true,"href":"https:\/\/www.europesays.com\/de\/wp-json\/wp\/v2\/users\/2"}],"replies":[{"embeddable":true,"href":"https:\/\/www.europesays.com\/de\/wp-json\/wp\/v2\/comments?post=104210"}],"version-history":[{"count":0,"href":"https:\/\/www.europesays.com\/de\/wp-json\/wp\/v2\/posts\/104210\/revisions"}],"wp:featuredmedia":[{"embeddable":true,"href":"https:\/\/www.europesays.com\/de\/wp-json\/wp\/v2\/media\/102402"}],"wp:attachment":[{"href":"https:\/\/www.europesays.com\/de\/wp-json\/wp\/v2\/media?parent=104210"}],"wp:term":[{"taxonomy":"category","embeddable":true,"href":"https:\/\/www.europesays.com\/de\/wp-json\/wp\/v2\/categories?post=104210"},{"taxonomy":"post_tag","embeddable":true,"href":"https:\/\/www.europesays.com\/de\/wp-json\/wp\/v2\/tags?post=104210"}],"curies":[{"name":"wp","href":"https:\/\/api.w.org\/{rel}","templated":true}]}}