{"id":104225,"date":"2025-05-12T08:12:12","date_gmt":"2025-05-12T08:12:12","guid":{"rendered":"https:\/\/www.europesays.com\/de\/104225\/"},"modified":"2025-05-12T08:12:12","modified_gmt":"2025-05-12T08:12:12","slug":"tus-ennepetal-erleidet-schmerzhafte-niederlage-gegen-sc-preussen-muenster-ii","status":"publish","type":"post","link":"https:\/\/www.europesays.com\/de\/104225\/","title":{"rendered":"TuS Ennepetal erleidet schmerzhafte Niederlage gegen SC Preu\u00dfen M\u00fcnster II"},"content":{"rendered":"<p>                                Spielinfos:<br \/>\nDatum &amp; Uhrzeit: 11.05.2025 15.00 Uhr<br \/>Austragungsort: M\u00fcnster<br \/>Wettbewerb: Oberliga Westfalen<br \/>Spieltag: 35<\/p>\n<p>Spielbericht: SC Preu\u00dfen M\u00fcnster II gegen TuS Ennepetal 5:0 (4:0)<\/p>\n<p id=\"absatz2\" class=\"em_text\">M\u00fcnster. Ein gelungenes Heimspiel d\u00fcrfen die 68 Zuschauer in der M\u00fcnsteraner LVM-Youngstars-Arena am Sonntag verfolgen. Mit 5:0 setzen sich die Preu\u00dfen deutlich gegen die G\u00e4ste aus Ennepetal durch.<\/p>\n<p id=\"absatz4\" class=\"em_text\">Till Hausotter versenkt den ersten Treffer und verschafft der Heimmannschaft fr\u00fchzeitig die Oberhand (20). Wenige Minuten sp\u00e4ter folgt auch schon das zweite Tor \u2013 wieder durch Till Hausotter (22). Der Ballhagel will nicht enden. Ein schmerzhaftes Erlebnis f\u00fcr die Ennepetaler. Ein Ball nach dem anderen landet im Tor von Marvin Weusthoff. Drei Mal m\u00fcssen sie im Laufe des Spiels noch einstecken. Marvin Schulz trifft gleich mehrmals in Minute 34 und 41. Es steht 4:0 f\u00fcr den SC Preu\u00dfen M\u00fcnster II.<\/p>\n<p id=\"absatz5\" class=\"em_text\">Das letzte Tor der Partie f\u00e4llt 16 Minuten nach Wiederansto\u00df: Entschieden man\u00f6vriert Melih Sayin den Ball mit Erfolg \u00fcber die Linie und kann den Abstand zum 5:0 vergr\u00f6\u00dfern. Damit ist der Sieg der M\u00fcnsteraner gesichert (61). Platz sechs geh\u00f6rt ihnen.<\/p>\n<p>Die Aufstellungen: SC Preu\u00dfen M\u00fcnster II &#8211; TuS Ennepetal<br \/>\nSC Preu\u00dfen M\u00fcnster II: Marvin Schulz (10), Moritz Krause (2), Mikail Demirhan (5), Bennet Eickhoff (17), Noah Kloth (22), Melih Sayin (30), Luis Guido Ackermann (35), Till Hausotter (27), Tidiane Gueye (23), Suat Fajic (8), Arbnor Hoti (4)<br \/>TuS Ennepetal: Linus Johann Bernhard Fr\u00f6lich (24), Eric Yahkem (9), Lilian-Gabriel Reyes Mellado (13), Christoph Van Der Heusen (31), Christian Antwi-Adjei (23), Cedrick Hupka (7), Duje Goles (10), Robin Gallus (19), Abdulah El Youbari (16), Marvin Weusthoff (1), Patrick Polk (26)<br \/>Schiedsrichter: Annika Kost<\/p>\n<p id=\"absatz6\" class=\"em_text\">Assistent: Martin Pier<\/p>\n<p id=\"absatz7\" class=\"em_text\">Assistent: Lucas Maserski<\/p>\n<p id=\"absatz8\" class=\"em_text\" style=\"font-size: .8em;\">Die Inhalte dieses Berichts wurden automatisch auf der Basis von DFB-Daten zusammengestellt.<\/p>\n","protected":false},"excerpt":{"rendered":"Spielinfos: Datum &amp; Uhrzeit: 11.05.2025 15.00 UhrAustragungsort: M\u00fcnsterWettbewerb: Oberliga WestfalenSpieltag: 35 Spielbericht: SC Preu\u00dfen M\u00fcnster II gegen TuS&hellip;\n","protected":false},"author":2,"featured_media":102657,"comment_status":"","ping_status":"","sticky":false,"template":"","format":"standard","meta":{"footnotes":""},"categories":[1843],"tags":[7763,3364,29,40654,5282,30,29456,8405,17707,40653,40652,734,7774,1613,8970,1209,12006,17706,17712,7773,7765,7764,8404],"class_list":{"0":"post-104225","1":"post","2":"type-post","3":"status-publish","4":"format-standard","5":"has-post-thumbnail","7":"category-muenster","8":"tag-austragungsort","9":"tag-de","10":"tag-deutschland","11":"tag-ennepetal","12":"tag-fuball","13":"tag-germany","14":"tag-heimmannschaft","15":"tag-mnster","16":"tag-marvin-schulz","17":"tag-marvin-weusthoff","18":"tag-melih-sayin","19":"tag-meta_artikelklasse_nachricht","20":"tag-meta_themen_sport","21":"tag-meta_userneeds_informieremich","22":"tag-muenster","23":"tag-nordrhein-westfalen","24":"tag-oberliga","25":"tag-sc-preuen-mnster-ii","26":"tag-serie_ligaid_210198","27":"tag-serie_ligaid_all","28":"tag-spielinfo","29":"tag-uhrzeit","30":"tag-westfalen"},"share_on_mastodon":{"url":"https:\/\/pubeurope.com\/@de\/114493859032795355","error":""},"_links":{"self":[{"href":"https:\/\/www.europesays.com\/de\/wp-json\/wp\/v2\/posts\/104225","targetHints":{"allow":["GET"]}}],"collection":[{"href":"https:\/\/www.europesays.com\/de\/wp-json\/wp\/v2\/posts"}],"about":[{"href":"https:\/\/www.europesays.com\/de\/wp-json\/wp\/v2\/types\/post"}],"author":[{"embeddable":true,"href":"https:\/\/www.europesays.com\/de\/wp-json\/wp\/v2\/users\/2"}],"replies":[{"embeddable":true,"href":"https:\/\/www.europesays.com\/de\/wp-json\/wp\/v2\/comments?post=104225"}],"version-history":[{"count":0,"href":"https:\/\/www.europesays.com\/de\/wp-json\/wp\/v2\/posts\/104225\/revisions"}],"wp:featuredmedia":[{"embeddable":true,"href":"https:\/\/www.europesays.com\/de\/wp-json\/wp\/v2\/media\/102657"}],"wp:attachment":[{"href":"https:\/\/www.europesays.com\/de\/wp-json\/wp\/v2\/media?parent=104225"}],"wp:term":[{"taxonomy":"category","embeddable":true,"href":"https:\/\/www.europesays.com\/de\/wp-json\/wp\/v2\/categories?post=104225"},{"taxonomy":"post_tag","embeddable":true,"href":"https:\/\/www.europesays.com\/de\/wp-json\/wp\/v2\/tags?post=104225"}],"curies":[{"name":"wp","href":"https:\/\/api.w.org\/{rel}","templated":true}]}}