{"id":104259,"date":"2025-05-12T08:31:13","date_gmt":"2025-05-12T08:31:13","guid":{"rendered":"https:\/\/www.europesays.com\/de\/104259\/"},"modified":"2025-05-12T08:31:13","modified_gmt":"2025-05-12T08:31:13","slug":"polizeichor-duisburg-gibt-nach-97-jahren-letztes-konzert","status":"publish","type":"post","link":"https:\/\/www.europesays.com\/de\/104259\/","title":{"rendered":"Polizeichor Duisburg gibt nach 97 Jahren letztes Konzert"},"content":{"rendered":"<p class=\"richtext text-em-55 !leading-serif mx-6 desktop:mx-0\">Der Polizeichor Duisburg 1928 ist kleiner geworden. Das hat man bei den letzten Konzerten mit erleben k\u00f6nnen. Auch beim diesj\u00e4hrigen Fr\u00fchlingskonzert, das immer einen Tag vor <a href=\"https:\/\/rp-online.de\/thema\/muttertag\/\" rel=\"nofollow noopener\" target=\"_blank\">Muttertag<\/a> stattfindet, war dies deutlich sichtbar. Gerade einmal 26 Ten\u00f6re und B\u00e4sse standen auf der B\u00fchne im Duisburger Veranstaltungszentrum Steinhof in Huckingen.<\/p>\n","protected":false},"excerpt":{"rendered":"Der Polizeichor Duisburg 1928 ist kleiner geworden. Das hat man bei den letzten Konzerten mit erleben k\u00f6nnen. Auch&hellip;\n","protected":false},"author":2,"featured_media":104260,"comment_status":"","ping_status":"","sticky":false,"template":"","format":"standard","meta":{"footnotes":"","_share_on_mastodon":"0"},"categories":[1838],"tags":[41197,7576,41201,19701,36966,25718,3364,29,3715,35902,2008,41199,30,1310,36964,1209,41196,2270,41200,4396,41198],"class_list":["post-104259","post","type-post","status-publish","format-standard","has-post-thumbnail","category-duisburg","tag-41197","tag-abschied","tag-abschlusskonzert","tag-chor","tag-chorgeschichte","tag-chorleiter","tag-de","tag-deutschland","tag-duisburg","tag-fruehjahrskonzert","tag-fruehling","tag-fruehlingskonzert","tag-germany","tag-konzert","tag-maennerchor","tag-nordrhein-westfalen","tag-polizeichor","tag-saenger","tag-saengergruss","tag-schoen","tag-traenen"],"share_on_mastodon":{"url":"https:\/\/pubeurope.com\/@de\/114493933753467558","error":""},"_links":{"self":[{"href":"https:\/\/www.europesays.com\/de\/wp-json\/wp\/v2\/posts\/104259","targetHints":{"allow":["GET"]}}],"collection":[{"href":"https:\/\/www.europesays.com\/de\/wp-json\/wp\/v2\/posts"}],"about":[{"href":"https:\/\/www.europesays.com\/de\/wp-json\/wp\/v2\/types\/post"}],"author":[{"embeddable":true,"href":"https:\/\/www.europesays.com\/de\/wp-json\/wp\/v2\/users\/2"}],"replies":[{"embeddable":true,"href":"https:\/\/www.europesays.com\/de\/wp-json\/wp\/v2\/comments?post=104259"}],"version-history":[{"count":0,"href":"https:\/\/www.europesays.com\/de\/wp-json\/wp\/v2\/posts\/104259\/revisions"}],"wp:featuredmedia":[{"embeddable":true,"href":"https:\/\/www.europesays.com\/de\/wp-json\/wp\/v2\/media\/104260"}],"wp:attachment":[{"href":"https:\/\/www.europesays.com\/de\/wp-json\/wp\/v2\/media?parent=104259"}],"wp:term":[{"taxonomy":"category","embeddable":true,"href":"https:\/\/www.europesays.com\/de\/wp-json\/wp\/v2\/categories?post=104259"},{"taxonomy":"post_tag","embeddable":true,"href":"https:\/\/www.europesays.com\/de\/wp-json\/wp\/v2\/tags?post=104259"}],"curies":[{"name":"wp","href":"https:\/\/api.w.org\/{rel}","templated":true}]}}