{"id":1042786,"date":"2026-05-24T10:12:29","date_gmt":"2026-05-24T10:12:29","guid":{"rendered":"https:\/\/www.europesays.com\/de\/1042786\/"},"modified":"2026-05-24T10:12:29","modified_gmt":"2026-05-24T10:12:29","slug":"einbruch-in-kellerabteil-im-hemshof","status":"publish","type":"post","link":"https:\/\/www.europesays.com\/de\/1042786\/","title":{"rendered":"Einbruch in Kellerabteil im Hemshof"},"content":{"rendered":"<p><img loading=\"lazy\" decoding=\"async\" src=\"https:\/\/www.europesays.com\/de\/wp-content\/uploads\/2026\/05\/Einbruch-Tuer.jpg\" alt=\"Einbruch T\u00fcr\" width=\"618\" height=\"499\" class=\"alignnone size-full wp-image-638748\"\/>Ludwigshafen am Rhein \/ Metropolregion Rhein-Neckar \u2013 In der Bl\u00fccherstra\u00dfe im Ludwigshafener Stadtteil Hemshof kam es am vergangenen Wochenende zu einem Einbruch in ein Kellerabteil. Unbekannte T\u00e4ter entwendeten dabei unter anderem ein Mountainbike und ein Kofferset. Die Polizei bittet nun um Zeugenhinweise.<\/p>\n<p>Wie die Polizei mitteilt, wurde der Einbruch am Samstagabend, den 23.05.2026, gemeldet. Betroffen ist ein 25-j\u00e4hriges und ein 20-j\u00e4hriges Paar aus Ludwigshafen. Die Gesch\u00e4digten stellten fest, dass der Holzverschlag ihres Kellerabteils gewaltsam aufgebrochen worden war.<\/p>\n<p>Nach bisherigen Erkenntnissen ereignete sich die Tat zwischen Freitag, 22.05.2026, gegen 18:00 Uhr, und Samstag, 23.05.2026, gegen 19:30 Uhr.<\/p>\n<p>Die bislang unbekannten T\u00e4ter entwendeten ein rotes Mountainbike sowie ein Kofferset. Der entstandene Gesamtschaden bel\u00e4uft sich auf rund 700 Euro.<\/p>\n<p>Die Polizeiinspektion Ludwigshafen 2 hat die Ermittlungen aufgenommen und sucht Zeugen. Wer im genannten Zeitraum verd\u00e4chtige Personen oder Fahrzeuge im Bereich der Bl\u00fccherstra\u00dfe beobachtet hat, wird gebeten, sich unter der Telefonnummer 0621 963-24250 oder per E-Mail bei der Polizei zu melden.<\/p>\n<p>Quelle: Polizei<\/p>\n<p class=\"post-modified-info\">Zuletzt aktualisiert am 24. Mai 2026, 12:08<\/p>\n","protected":false},"excerpt":{"rendered":"Ludwigshafen am Rhein \/ Metropolregion Rhein-Neckar \u2013 In der Bl\u00fccherstra\u00dfe im Ludwigshafener Stadtteil Hemshof kam es am vergangenen&hellip;\n","protected":false},"author":2,"featured_media":1042787,"comment_status":"","ping_status":"","sticky":false,"template":"","format":"standard","meta":{"footnotes":"","_share_on_mastodon":"0"},"categories":[1845],"tags":[4067,21137,14589,1634,18412,223361,3364,29,2819,223362,548,663,3934,223363,11998,30,13,31251,223364,25476,61149,223365,2096,25488,25489,223366,14,14480,15,23148,121,223367,97159,223368,5206,28951,12,5089,4996,223369],"class_list":["post-1042786","post","type-post","status-publish","format-standard","has-post-thumbnail","category-mannheim","tag-ermittlungen","tag-zeugenhinweise","tag-14589","tag-baden-wuerttemberg","tag-bereich","tag-bluecherstrasse-ludwigshafen","tag-de","tag-deutschland","tag-einbruch","tag-einbruch-kellerabteil","tag-eu","tag-europa","tag-europe","tag-fahrrad-diebstahl-ludwigshafen","tag-fahrzeuge","tag-germany","tag-headlines","tag-hemshof","tag-kelleraufbruch-hemshof","tag-ludwigshafen","tag-ludwigshafen-am-rhein","tag-ludwigshafen-hemshof","tag-mannheim","tag-metropolregion","tag-metropolregion-rhein-neckar","tag-mountainbike-gestohlen","tag-nachrichten","tag-neckar","tag-news","tag-personen","tag-polizei","tag-polizei-ludwigshafen","tag-polizeiinspektion-ludwigshafen-2","tag-polizeimeldung-ludwigshafen","tag-rhein","tag-rhein-neckar","tag-schlagzeilen","tag-taeter","tag-zeugen","tag-zeugen-gesucht-ludwigshafen"],"share_on_mastodon":{"url":"","error":"Validation failed: Text character limit of 500 exceeded"},"_links":{"self":[{"href":"https:\/\/www.europesays.com\/de\/wp-json\/wp\/v2\/posts\/1042786","targetHints":{"allow":["GET"]}}],"collection":[{"href":"https:\/\/www.europesays.com\/de\/wp-json\/wp\/v2\/posts"}],"about":[{"href":"https:\/\/www.europesays.com\/de\/wp-json\/wp\/v2\/types\/post"}],"author":[{"embeddable":true,"href":"https:\/\/www.europesays.com\/de\/wp-json\/wp\/v2\/users\/2"}],"replies":[{"embeddable":true,"href":"https:\/\/www.europesays.com\/de\/wp-json\/wp\/v2\/comments?post=1042786"}],"version-history":[{"count":0,"href":"https:\/\/www.europesays.com\/de\/wp-json\/wp\/v2\/posts\/1042786\/revisions"}],"wp:featuredmedia":[{"embeddable":true,"href":"https:\/\/www.europesays.com\/de\/wp-json\/wp\/v2\/media\/1042787"}],"wp:attachment":[{"href":"https:\/\/www.europesays.com\/de\/wp-json\/wp\/v2\/media?parent=1042786"}],"wp:term":[{"taxonomy":"category","embeddable":true,"href":"https:\/\/www.europesays.com\/de\/wp-json\/wp\/v2\/categories?post=1042786"},{"taxonomy":"post_tag","embeddable":true,"href":"https:\/\/www.europesays.com\/de\/wp-json\/wp\/v2\/tags?post=1042786"}],"curies":[{"name":"wp","href":"https:\/\/api.w.org\/{rel}","templated":true}]}}