{"id":1042852,"date":"2026-05-24T11:02:21","date_gmt":"2026-05-24T11:02:21","guid":{"rendered":"https:\/\/www.europesays.com\/de\/1042852\/"},"modified":"2026-05-24T11:02:21","modified_gmt":"2026-05-24T11:02:21","slug":"gruenderzeit-charme-und-genuss-fruehstueck-im-waldstrassenviertel-leipzig","status":"publish","type":"post","link":"https:\/\/www.europesays.com\/de\/1042852\/","title":{"rendered":"Gr\u00fcnderzeit-Charme und Genuss: Fr\u00fchst\u00fcck im Waldstra\u00dfenviertel Leipzig"},"content":{"rendered":"<p><img fetchpriority=\"high\" decoding=\"async\" width=\"1024\" height=\"683\" src=\"https:\/\/www.europesays.com\/de\/wp-content\/uploads\/2026\/05\/Fruehstueck-im-Waldstrassenviertel-1024x683.webp\" alt=\"Zwei Geb\u00e4ude beim Fr\u00fchst\u00fcck im Waldstra\u00dfenviertel im Sonnenaufgang\" class=\"wp-image-372337\"  \/><\/p>\n<p>\u00a9 Leipzig Travel<\/p>\n<p>Das Waldstra\u00dfenviertel in Leipzig besticht mit seiner herausragenden Gr\u00fcnderzeit-Architektur<\/p>\n<p><a href=\"https:\/\/leipzigartig.de\/events\/1-plagwitzer-naschmarkt\/\" rel=\"nofollow noopener\" target=\"_blank\">Plagwitz <\/a>ist toll, keine Frage. Aber manchmal will man morgens einfach nur entspannt seinen Flat White trinken, ohne von einer Traube wartender Menschen angestarrt zu werden. 2026 ist das <a href=\"https:\/\/leipzigartig.de\/locations\/waldstrassenviertel\/\" rel=\"nofollow noopener\" target=\"_blank\">Waldstra\u00dfenviertel <\/a>l\u00e4ngst mehr als nur eine noble Wohngegend. In den Schatten der europaweit bedeutendsten Gr\u00fcnderzeit-Fassaden hat sich eine Gastro-Szene etabliert, die locker mit dem Westen mithalten kann \u2013 nur eben mit etwas mehr Stil und deutlich weniger Stress. Schnapp dir deine Kamera und genie\u00dfe ein <strong>Fr\u00fchst\u00fcck im Waldstra\u00dfenviertel <\/strong>mit besonderem Ambiente.<\/p>\n<p>Caf\u00e9 Dankbar: Fr\u00fchst\u00fccken in der alten Fleischerei <\/p>\n<p>Das Herzst\u00fcck der lokalen Szene liegt direkt an der Jahnallee. Im <a href=\"https:\/\/www.urbanite.net\/leipzig\/locations\/cafe-fleischerei\/\" rel=\"nofollow noopener\" target=\"_blank\">Caf\u00e9 Dankbar<\/a> trifft Geschichte auf modernes Design. Wo fr\u00fcher Fleisch \u00fcber die Theke ging, gibt es heute erstklassigen Third-Wave-Coffee und handwerklich perfektes Fr\u00fchst\u00fcck. Ob das legend\u00e4re Bananenbrot oder kreativ belegte Stullen \u2013 hier startet man stylisch in den Tag. \ud83e\udd51\ud83c\udf5e<\/p>\n<ul class=\"wp-block-list\">\n<li>\ud83d\udccd <strong>Adresse:<\/strong> Jahnallee 23, 04109 Leipzig<\/li>\n<li>\u23f0 <strong>\u00d6ffnungszeiten:<\/strong> Mo\u2013So: 09:00 \u2013 18:00 Uhr<\/li>\n<li>\ud83c\udf10 <strong>Web:<\/strong> <a href=\"https:\/\/www.instagram.com\/dankbarleipzig\/\" target=\"_blank\" rel=\"noreferrer noopener nofollow\">instagram.com<\/a><\/li>\n<\/ul>\n<p>M\u00fcckenschl\u00f6sschen: Der Klassiker f\u00fcr Sonntags-Fans <\/p>\n<p>Wenn es so richtig \u00fcppig sein soll, f\u00fchrt kein Weg am <a href=\"https:\/\/leipzigartig.de\/locations\/mueckenschloesschen-am-rosental\/\" rel=\"nofollow noopener\" target=\"_blank\">M\u00fcckenschl\u00f6sschen <\/a>vorbei. Direkt am n\u00f6rdlichen Ende der Waldstra\u00dfe gelegen, ist der w\u00f6chentliche Sonntagsbrunch eine Institution. Hier gibt es<strong> jeden Sonntag beim Schlemmerbrunch von 10 bis 14 Uhr<\/strong> das volle Programm in historischem Ambiente \u2013 perfekt f\u00fcr den gro\u00dfen Hunger vor dem Rosental-Spaziergang. \ud83c\udf33\ud83e\udd42<\/p>\n<ul class=\"wp-block-list\">\n<li>\ud83d\udccd <strong>Adresse:<\/strong> Waldstra\u00dfe 86, 04105 Leipzig<\/li>\n<li>\u23f0 <strong>\u00d6ffnungszeiten:<\/strong> Mo\u2013Sa:12:00-22:00 Uhr; So: 10:00 \u2013 20:00 Uhr<\/li>\n<li>\ud83c\udf10 <strong>Web:<\/strong> <a href=\"http:\/\/www.mueckenschloesschen-leipzig.de\/\" target=\"_blank\" rel=\"noreferrer noopener nofollow\">mueckenschloesschen-leipzig.de<\/a><\/li>\n<\/ul>\n<p>Emil &amp; Moritz: Herzhaftes direkt am Zoo <\/p>\n<p>Direkt am Zoo-Eingang gelegen, ist dieses Caf\u00e9 der ideale Startpunkt f\u00fcr einen Familientag. Hier geht es rustikal und herzlich zu. Besonders Fans von klassisch-herzhaften Fr\u00fchst\u00fcckstellern kommen beim <strong>sonnt\u00e4glichen All-You-Can-Eat-Buffet von 9 bis 13 Uhr<\/strong> im Emil &amp; Moritz voll auf ihre Kosten, bevor es auf Entdeckungstour durch Gondwanaland geht. \ud83e\udd92\u2615\ufe0f<\/p>\n<ul class=\"wp-block-list\">\n<li>\ud83d\udccd <strong>Adresse:<\/strong> Pfaffendorfer Str. 1, 04105 Leipzig<\/li>\n<li>\u23f0 <strong>\u00d6ffnungszeiten:<\/strong> Di\u2013So: 09:00 \u2013 18:00 Uhr<\/li>\n<li>\ud83c\udf10 <strong>Web:<\/strong> <a href=\"https:\/\/emil-und-moritz.de\/speisekarte.php\" rel=\"nofollow noopener\" target=\"_blank\">emil-und-moritz.de<\/a><\/li>\n<\/ul>\n<p>Fazit: Lohnt sich das Fr\u00fchst\u00fcck im Waldstra\u00dfenviertel?<\/p>\n<p>Auch wenn das Viertel nicht die Dichte an Caf\u00e9s hat wie etwa die KarLi, \u00fcberzeugt das Angebot durch Individualit\u00e4t und Charme. Ein <strong>Fr\u00fchst\u00fcck im Waldstra\u00dfenviertel<\/strong> l\u00e4sst sich ideal mit einem Spaziergang im Rosental oder einem Besuch im Zoo verbinden. Egal ob du auf moderne Kaffeekultur oder klassische Gem\u00fctlichkeit stehst \u2013 das Viertel hat f\u00fcr jeden Geschmack die passende Ecke parat. \ud83d\udc9b\ud83c\udfd9\ufe0f<\/p>\n<p>            <script async src=\"\/\/www.instagram.com\/embed.js\"><\/script><\/p>\n","protected":false},"excerpt":{"rendered":"\u00a9 Leipzig Travel Das Waldstra\u00dfenviertel in Leipzig besticht mit seiner herausragenden Gr\u00fcnderzeit-Architektur Plagwitz ist toll, keine Frage. Aber&hellip;\n","protected":false},"author":2,"featured_media":1042853,"comment_status":"","ping_status":"","sticky":false,"template":"","format":"standard","meta":{"footnotes":"","_share_on_mastodon":"0"},"categories":[1832],"tags":[3364,29,223384,30,71,198198,198199,859,198204,208664,223385],"class_list":["post-1042852","post","type-post","status-publish","format-standard","has-post-thumbnail","category-leipzig","tag-de","tag-deutschland","tag-fruehstueck-waldstrassenviertel","tag-germany","tag-leipzig","tag-leipziger-stadtmagazin","tag-leipziger-stadtmagazin-urbanite","tag-sachsen","tag-urbanite-leipzig","tag-waldstrassenviertel","tag-waldstrassenviertel-leipzig"],"share_on_mastodon":{"url":"https:\/\/pubeurope.com\/@de\/116629218796765145","error":""},"_links":{"self":[{"href":"https:\/\/www.europesays.com\/de\/wp-json\/wp\/v2\/posts\/1042852","targetHints":{"allow":["GET"]}}],"collection":[{"href":"https:\/\/www.europesays.com\/de\/wp-json\/wp\/v2\/posts"}],"about":[{"href":"https:\/\/www.europesays.com\/de\/wp-json\/wp\/v2\/types\/post"}],"author":[{"embeddable":true,"href":"https:\/\/www.europesays.com\/de\/wp-json\/wp\/v2\/users\/2"}],"replies":[{"embeddable":true,"href":"https:\/\/www.europesays.com\/de\/wp-json\/wp\/v2\/comments?post=1042852"}],"version-history":[{"count":0,"href":"https:\/\/www.europesays.com\/de\/wp-json\/wp\/v2\/posts\/1042852\/revisions"}],"wp:featuredmedia":[{"embeddable":true,"href":"https:\/\/www.europesays.com\/de\/wp-json\/wp\/v2\/media\/1042853"}],"wp:attachment":[{"href":"https:\/\/www.europesays.com\/de\/wp-json\/wp\/v2\/media?parent=1042852"}],"wp:term":[{"taxonomy":"category","embeddable":true,"href":"https:\/\/www.europesays.com\/de\/wp-json\/wp\/v2\/categories?post=1042852"},{"taxonomy":"post_tag","embeddable":true,"href":"https:\/\/www.europesays.com\/de\/wp-json\/wp\/v2\/tags?post=1042852"}],"curies":[{"name":"wp","href":"https:\/\/api.w.org\/{rel}","templated":true}]}}