{"id":1043064,"date":"2026-05-24T13:24:19","date_gmt":"2026-05-24T13:24:19","guid":{"rendered":"https:\/\/www.europesays.com\/de\/1043064\/"},"modified":"2026-05-24T13:24:19","modified_gmt":"2026-05-24T13:24:19","slug":"wohnhaus-brennt-aus-zwei-menschen-werden-verletzt","status":"publish","type":"post","link":"https:\/\/www.europesays.com\/de\/1043064\/","title":{"rendered":"Wohnhaus brennt aus &#8211; zwei Menschen werden verletzt"},"content":{"rendered":"<p>\n                Stand: 24.05.2026 12:34 Uhr<\/p>\n<p>                    <a href=\"https:\/\/www.europesays.com\/de\/wp-content\/uploads\/2026\/05\/feuerwehr3226.webp\" class=\"zoomimage\" title=\"Bild vergr\u00f6\u00dfern\"><\/p>\n<p>        <img decoding=\"async\" src=\"https:\/\/www.europesays.com\/de\/wp-content\/uploads\/2026\/05\/feuerwehr3226.webp\" alt=\"Eine Fahrzeugfront mit der Aufschrift Feuerwehr.\" title=\"Zeugen h\u00e4tten aufsteigenden Rauch gesehen und den Notruf gew\u00e4hlt, teilte die Feuerwehr mit. | NDR, Julius Matuschik\" class=\"responsive\" loading=\"lazy\"\/><\/p>\n<p>                    <\/a><\/p>\n<p>                    Zeugen h\u00e4tten aufsteigenden Rauch gesehen und den Notruf gew\u00e4hlt, teilte die Feuerwehr mit.<\/p>\n<p class=\"\">In Braunschweig hat in der Nacht zu Sonntag ein Wohnhaus in Flammen gestanden. Die Bewohnerin und ihr Hund konnten sich laut Feuerwehr ins Freie retten. Die Frau wurde den Angaben zufolge aber verletzt und kam ins Krankenhaus, ebenso ein Feuerwehrmann. Das Haus brannte trotz eines gro\u00dfen Feuerwehreinsatzes komplett nieder. Den Feuerwehrleuten gelang es den Angaben nach, ein \u00dcbergreifen der Flammen auf Nachbarh\u00e4user zu verhindern. Den Brand bemerkt hatten laut Feuerwehr Zeugen. Sie w\u00e4hlten den Notruf. Die Schadensh\u00f6he und die Ursache des Brandes sind unklar.<\/p>\n","protected":false},"excerpt":{"rendered":"Stand: 24.05.2026 12:34 Uhr Zeugen h\u00e4tten aufsteigenden Rauch gesehen und den Notruf gew\u00e4hlt, teilte die Feuerwehr mit. In&hellip;\n","protected":false},"author":2,"featured_media":1043065,"comment_status":"","ping_status":"","sticky":false,"template":"","format":"standard","meta":{"footnotes":"","_share_on_mastodon":"0"},"categories":[1850],"tags":[590,2919,6429,3364,29,548,663,3934,987,30,13,3545,1114,14,15,1411,12,16007],"class_list":["post-1043064","post","type-post","status-publish","format-standard","has-post-thumbnail","category-braunschweig","tag-aktuell","tag-brand","tag-braunschweig","tag-de","tag-deutschland","tag-eu","tag-europa","tag-europe","tag-feuer","tag-germany","tag-headlines","tag-hunde","tag-kinder","tag-nachrichten","tag-news","tag-niedersachsen","tag-schlagzeilen","tag-wohnhaus"],"share_on_mastodon":{"url":"https:\/\/pubeurope.com\/@de\/116629776942618749","error":""},"_links":{"self":[{"href":"https:\/\/www.europesays.com\/de\/wp-json\/wp\/v2\/posts\/1043064","targetHints":{"allow":["GET"]}}],"collection":[{"href":"https:\/\/www.europesays.com\/de\/wp-json\/wp\/v2\/posts"}],"about":[{"href":"https:\/\/www.europesays.com\/de\/wp-json\/wp\/v2\/types\/post"}],"author":[{"embeddable":true,"href":"https:\/\/www.europesays.com\/de\/wp-json\/wp\/v2\/users\/2"}],"replies":[{"embeddable":true,"href":"https:\/\/www.europesays.com\/de\/wp-json\/wp\/v2\/comments?post=1043064"}],"version-history":[{"count":0,"href":"https:\/\/www.europesays.com\/de\/wp-json\/wp\/v2\/posts\/1043064\/revisions"}],"wp:featuredmedia":[{"embeddable":true,"href":"https:\/\/www.europesays.com\/de\/wp-json\/wp\/v2\/media\/1043065"}],"wp:attachment":[{"href":"https:\/\/www.europesays.com\/de\/wp-json\/wp\/v2\/media?parent=1043064"}],"wp:term":[{"taxonomy":"category","embeddable":true,"href":"https:\/\/www.europesays.com\/de\/wp-json\/wp\/v2\/categories?post=1043064"},{"taxonomy":"post_tag","embeddable":true,"href":"https:\/\/www.europesays.com\/de\/wp-json\/wp\/v2\/tags?post=1043064"}],"curies":[{"name":"wp","href":"https:\/\/api.w.org\/{rel}","templated":true}]}}