{"id":1043086,"date":"2026-05-24T13:36:19","date_gmt":"2026-05-24T13:36:19","guid":{"rendered":"https:\/\/www.europesays.com\/de\/1043086\/"},"modified":"2026-05-24T13:36:19","modified_gmt":"2026-05-24T13:36:19","slug":"eine-gruene-wupper-floss-durch-das-tal-das-ist-der-hintergrund-blickfeld","status":"publish","type":"post","link":"https:\/\/www.europesays.com\/de\/1043086\/","title":{"rendered":"Eine gr\u00fcne Wupper floss durch das Tal: Das ist der Hintergrund &#8211; blickfeld"},"content":{"rendered":"<p class=\"wp-block-paragraph\">Hintergrund ist eine <strong>Kunstaktion<\/strong> der <strong>Gruppe Extinction Rebellion Deutschland<\/strong>, die so \u201egegen die <strong>konzernfreundliche Gaspolitik<\/strong> und das <strong>Greenwashing <\/strong>von <strong>Wirtschaftsministerin Katherina Reiche<\/strong>\u201c protestierte.<\/p>\n<p class=\"wp-block-paragraph\">In <strong>Wuppertal <\/strong>zog sich die <strong>gr\u00fcn fluoreszierende Wupper<\/strong> am vergangenen <strong>Donnerstagvormittag<\/strong> durch das Tal. Die Verantwortlichen betonen dabei, dass das zur <strong>F\u00e4rbung genutzte Uranin<\/strong> ein <strong>ungiftiger Farbstoff<\/strong> sei, der unter anderem zur Dichtheitspr\u00fcfung genutzt werde und sich <strong>schnell aufl\u00f6se<\/strong>.<\/p>\n<p>\u201eGreenwashing\u201c der Energiepolitik der Bundesregierung<\/p>\n<p class=\"wp-block-paragraph\">Mit dem <strong>\u201eGreenwashing\u201c<\/strong> soll die <strong>Energiepolitik der Bundesregierung<\/strong> kritisiert werden. \u201eSich auf <strong>Gas <\/strong>als Energietr\u00e4ger zu versteigen ist nicht nur schlecht f\u00fcr die <strong>Umwelt<\/strong>, Katherina Reiche sorgt damit auf lange Sicht f\u00fcr <strong>steigende Energiepreise <\/strong>f\u00fcr Verbrauchende! Dabei bringen <strong>Windkraft und Solar<\/strong> heute schon sichere und preiswerte Energie\u201c, erkl\u00e4rt <strong>Manon Gerhardt<\/strong>, Pressesprecherin f\u00fcr Extinction Rebellion Deutschland, die eine <strong>steigende Energieabh\u00e4ngigkeit<\/strong> insbesondere von den <strong>USA<\/strong> bef\u00fcrchtet, \u201edie unter <strong>Trump<\/strong> kein verl\u00e4sslicher Partner mehr sind!\u201c<\/p>\n<p>Unterst\u00fctze die CampusZeitung blickfeld<\/p>\n<p><strong>Schon ein kleiner Beitrag hilft uns, unseren Job noch besser zu machen!<\/strong> So kannst du uns unterst\u00fctzen:<\/p>\n<p>Abo per <a class=\"gofollow\" data-track=\"MTIsMCwxMA==\" href=\"https:\/\/steadyhq.com\/de\/blickfeld-wuppertal\" rel=\"noopener noreferrer nofollow\" target=\"_blank\">Steady<\/a>, <a class=\"gofollow\" data-track=\"MTIsMCwxMA==\" href=\"https:\/\/www.paypal.me\/blickfeldwtal\" rel=\"noopener noreferrer nofollow\" target=\"_blank\">Einmalzahlung<\/a> oder <a class=\"gofollow\" data-track=\"MTIsMCwxMA==\" href=\"https:\/\/www.blickfeld-wuppertal.de\/anzeigen-abo\/werbeanzeige-schalten\" rel=\"noopener noreferrer nofollow\" target=\"_blank\">Anzeige<\/a><\/p>\n<p>Damit wir unser Engagement ausbauen k\u00f6nnen, ist eure Unterst\u00fctzung gefragt &#8211; f\u00fcr mehr Recherchen und Berichte.<\/p>\n<p><strong>Ihr k\u00f6nnt uns mit einem monatlichen oder einmaligen Beitrag unterst\u00fctzen oder eine Anzeige schalten.<\/strong><\/p>\n<p><a class=\"gofollow\" data-track=\"MTIsMCwxMA==\" href=\"https:\/\/steadyhq.com\/de\/blickfeld-wuppertal\" rel=\"noopener noreferrer nofollow\" target=\"_blank\">Abo per Steady<\/a> | <a class=\"gofollow\" data-track=\"MTIsMCwxMA==\" href=\"https:\/\/www.paypal.me\/blickfeldwtal\" rel=\"noopener noreferrer nofollow\" target=\"_blank\">Einmalzahlung mit PayPal<\/a> | <a class=\"gofollow\" data-track=\"MTIsMCwxMA==\" href=\"https:\/\/www.blickfeld-wuppertal.de\/anzeigen-abo\/werbeanzeige-schalten\" rel=\"noopener noreferrer nofollow\" target=\"_blank\">Anzeige schalten<\/a><\/p>\n<p>Zur CampusZeitung blickfeld:<\/p>\n<p>Seit 2011 versorgen wir als <a class=\"gofollow\" data-track=\"MTIsMCwxMA==\" href=\"https:\/\/www.blickfeld-wuppertal.de\/ueber-uns\" rel=\"noopener noreferrer nofollow\" target=\"_blank\">unabh\u00e4ngiges Medium an der Bergischen Universit\u00e4t Wuppertal<\/a> die Studierenden, Mitarbeiter\/-innen und alle Interessierten aus dem Bergischen St\u00e4dtedreieck und dar\u00fcber hinaus mit Nachrichten vom Campus und aus dem Tal. Unsere <strong>Unabh\u00e4ngigkeit<\/strong> ist unsere st\u00e4rkste Eigenschaft. Wir sind weder eine Zeitung des Allgemeinen Studierendenausschusses (AStA) noch eine Publikation unter der Schirmherrschaft der Universit\u00e4t. Damit sind wir keinen fremden Interessen verpflichtet, k\u00f6nnen frei Themen w\u00e4hlen und dabei auch unbequem werden. <a class=\"gofollow\" data-track=\"MTIsMCwxMA==\" href=\"https:\/\/www.blickfeld-wuppertal.de\/ueber-uns\" rel=\"noopener noreferrer nofollow\" target=\"_blank\">Mehr \u00fcber uns &#8230;<\/a><\/p>\n<p>Aufruf zur Gro\u00dfdemonstration in Hamm<\/p>\n<p class=\"wp-block-paragraph\">Zugleich ruft <strong>Extinction Rebellion<\/strong> mit weiteren Organisationen wie <strong>Fridays for Future<\/strong> oder <strong>Greenpeace<\/strong> zu einer <strong>Gro\u00dfdemonstration am 30. Mai 2026<\/strong> um 12 Uhr in <strong>Hamm <\/strong>auf. Gemeinsam wollen sie \u201edie f\u00fcr Pflanzen, Tiere und auch Menschen katastrophalen Folgen weiterhin <strong>steigender CO2-Emissionen<\/strong> angesichts der <strong>Klimakrise <\/strong>zur\u00fcck in das <strong>Bewusstsein der Gesellschaft<\/strong> bringen.\u201c \u00bb<a href=\"https:\/\/www.blickfeld-wuppertal.de\/ueber-uns\/blickfeld-redaktion\" rel=\"nofollow noopener\" target=\"_blank\">red<\/a>\u00ab<\/p>\n","protected":false},"excerpt":{"rendered":"Hintergrund ist eine Kunstaktion der Gruppe Extinction Rebellion Deutschland, die so \u201egegen die konzernfreundliche Gaspolitik und das Greenwashing&hellip;\n","protected":false},"author":2,"featured_media":1043087,"comment_status":"","ping_status":"","sticky":false,"template":"","format":"standard","meta":{"footnotes":"","_share_on_mastodon":"0"},"categories":[1840],"tags":[3364,29,14646,30,1209,16375,383,23428,4418],"class_list":["post-1043086","post","type-post","status-publish","format-standard","has-post-thumbnail","category-wuppertal","tag-de","tag-deutschland","tag-fridays-for-future","tag-germany","tag-nordrhein-westfalen","tag-red","tag-umwelt","tag-wupper","tag-wuppertal"],"share_on_mastodon":{"url":"https:\/\/pubeurope.com\/@de\/116629824560643246","error":""},"_links":{"self":[{"href":"https:\/\/www.europesays.com\/de\/wp-json\/wp\/v2\/posts\/1043086","targetHints":{"allow":["GET"]}}],"collection":[{"href":"https:\/\/www.europesays.com\/de\/wp-json\/wp\/v2\/posts"}],"about":[{"href":"https:\/\/www.europesays.com\/de\/wp-json\/wp\/v2\/types\/post"}],"author":[{"embeddable":true,"href":"https:\/\/www.europesays.com\/de\/wp-json\/wp\/v2\/users\/2"}],"replies":[{"embeddable":true,"href":"https:\/\/www.europesays.com\/de\/wp-json\/wp\/v2\/comments?post=1043086"}],"version-history":[{"count":0,"href":"https:\/\/www.europesays.com\/de\/wp-json\/wp\/v2\/posts\/1043086\/revisions"}],"wp:featuredmedia":[{"embeddable":true,"href":"https:\/\/www.europesays.com\/de\/wp-json\/wp\/v2\/media\/1043087"}],"wp:attachment":[{"href":"https:\/\/www.europesays.com\/de\/wp-json\/wp\/v2\/media?parent=1043086"}],"wp:term":[{"taxonomy":"category","embeddable":true,"href":"https:\/\/www.europesays.com\/de\/wp-json\/wp\/v2\/categories?post=1043086"},{"taxonomy":"post_tag","embeddable":true,"href":"https:\/\/www.europesays.com\/de\/wp-json\/wp\/v2\/tags?post=1043086"}],"curies":[{"name":"wp","href":"https:\/\/api.w.org\/{rel}","templated":true}]}}