{"id":1043172,"date":"2026-05-24T14:38:32","date_gmt":"2026-05-24T14:38:32","guid":{"rendered":"https:\/\/www.europesays.com\/de\/1043172\/"},"modified":"2026-05-24T14:38:32","modified_gmt":"2026-05-24T14:38:32","slug":"strassenfeiern-karneval-der-kulturen-grosser-umzug-zieht-durch-berlin-kultur","status":"publish","type":"post","link":"https:\/\/www.europesays.com\/de\/1043172\/","title":{"rendered":"Stra\u00dfenfeiern &#8211; Karneval der Kulturen: Gro\u00dfer Umzug zieht durch Berlin &#8211; Kultur"},"content":{"rendered":"<p data-manual=\"paragraph\" data-schema-org-speakable=\"true\" class=\"css-1eosz7k\"><a href=\"https:\/\/www.sueddeutsche.de\/thema\/Berlin\" rel=\"nofollow noopener\" target=\"_blank\">Berlin<\/a> (dpa\/bb) &#8211; Berlin feiert den Karneval der Kulturen. Zum Auftakt des gro\u00dfen Umzugs seien mehrere tausend Menschen vor Ort gewesen, berichtete eine Sprecherin der Polizei. Bei der Parade sollen mehr als 60 internationale Gruppen Tanz, Musik und Kost\u00fcme aus aller Welt zeigen. Der Karneval der Kulturen feiert in diesem Jahr sein 30. Jubil\u00e4um.<\/p>\n<p data-manual=\"paragraph\" data-schema-org-speakable=\"true\" class=\"css-1eosz7k\">Die Strecke des Stra\u00dfenumzugs f\u00fchrt wegen einer gro\u00dfen Baustelle in Kreuzberg wie im vergangenen Jahr \u00fcber die Frankfurter Allee und die Karl-Marx-Allee in Friedrichshain.<\/p>\n<p><img decoding=\"async\" src=\"https:\/\/www.europesays.com\/de\/wp-content\/uploads\/2026\/05\/ebd6a6ef-e895-4cf7-a966-217186b775e1.jpg\"   alt=\"Den Karneval gibt es seit 1996.\" loading=\"lazy\" class=\"css-8atqhb\"\/>Den Karneval gibt es seit 1996. Christophe Gateau\/dpa<\/p>\n<p data-manual=\"paragraph\" data-schema-org-speakable=\"true\" class=\"css-1eosz7k\">Die Veranstalter appellierten an die Menschen, sich verantwortungsvoll zu verhalten und Toiletten zu benutzen. Zudem baten sie, den abgesperrten Gr\u00fcnstreifen auf der Karl-Marx-Allee nicht zu betreten und zu zertrampeln.<\/p>\n<p data-manual=\"paragraph\" data-schema-org-speakable=\"true\" class=\"css-1eosz7k\">Der viert\u00e4gige Karneval der Kulturen begann am Freitag mit einem Stra\u00dfenfest in Kreuzberg am Bl\u00fccherplatz. Seine Urspr\u00fcnge hat er in Kreuzberg und Neuk\u00f6lln im Jahr 1996.<\/p>\n<p data-manual=\"paragraph\" data-schema-org-speakable=\"true\" class=\"css-1eosz7k\">\u00a9 dpa-infocom, dpa:260524-930-123854\/1<\/p>\n","protected":false},"excerpt":{"rendered":"Berlin (dpa\/bb) &#8211; Berlin feiert den Karneval der Kulturen. Zum Auftakt des gro\u00dfen Umzugs seien mehrere tausend Menschen&hellip;\n","protected":false},"author":2,"featured_media":1043173,"comment_status":"","ping_status":"","sticky":false,"template":"","format":"standard","meta":{"footnotes":"","_share_on_mastodon":"0"},"categories":[1825],"tags":[5934,296,29,22935,20785,2507,30,1724,80,2057,149],"class_list":["post-1043172","post","type-post","status-publish","format-standard","has-post-thumbnail","category-berlin","tag-umzug","tag-berlin","tag-deutschland","tag-fest-kultur","tag-feste","tag-freizeit","tag-germany","tag-gesellschaft","tag-kultur","tag-leben-und-gesellschaft","tag-sueddeutsche-zeitung"],"share_on_mastodon":{"url":"https:\/\/pubeurope.com\/@de\/116630068210410520","error":""},"_links":{"self":[{"href":"https:\/\/www.europesays.com\/de\/wp-json\/wp\/v2\/posts\/1043172","targetHints":{"allow":["GET"]}}],"collection":[{"href":"https:\/\/www.europesays.com\/de\/wp-json\/wp\/v2\/posts"}],"about":[{"href":"https:\/\/www.europesays.com\/de\/wp-json\/wp\/v2\/types\/post"}],"author":[{"embeddable":true,"href":"https:\/\/www.europesays.com\/de\/wp-json\/wp\/v2\/users\/2"}],"replies":[{"embeddable":true,"href":"https:\/\/www.europesays.com\/de\/wp-json\/wp\/v2\/comments?post=1043172"}],"version-history":[{"count":0,"href":"https:\/\/www.europesays.com\/de\/wp-json\/wp\/v2\/posts\/1043172\/revisions"}],"wp:featuredmedia":[{"embeddable":true,"href":"https:\/\/www.europesays.com\/de\/wp-json\/wp\/v2\/media\/1043173"}],"wp:attachment":[{"href":"https:\/\/www.europesays.com\/de\/wp-json\/wp\/v2\/media?parent=1043172"}],"wp:term":[{"taxonomy":"category","embeddable":true,"href":"https:\/\/www.europesays.com\/de\/wp-json\/wp\/v2\/categories?post=1043172"},{"taxonomy":"post_tag","embeddable":true,"href":"https:\/\/www.europesays.com\/de\/wp-json\/wp\/v2\/tags?post=1043172"}],"curies":[{"name":"wp","href":"https:\/\/api.w.org\/{rel}","templated":true}]}}