{"id":1043252,"date":"2026-05-24T15:30:21","date_gmt":"2026-05-24T15:30:21","guid":{"rendered":"https:\/\/www.europesays.com\/de\/1043252\/"},"modified":"2026-05-24T15:30:21","modified_gmt":"2026-05-24T15:30:21","slug":"polizei-stuermt-bueros-der-tuerkischen-oppositionspartei-chp","status":"publish","type":"post","link":"https:\/\/www.europesays.com\/de\/1043252\/","title":{"rendered":"Polizei st\u00fcrmt B\u00fcros der t\u00fcrkischen Oppositionspartei CHP"},"content":{"rendered":"<p>            <img loading=\"lazy\" decoding=\"async\" class=\"ts-image\" src=\"https:\/\/www.europesays.com\/de\/wp-content\/uploads\/2026\/05\/tuerkei-chp-parteizentrale-100.jpg\" alt=\"Polizisten setzen bei der St\u00fcrmung der CHP-Parteizentrale Tr\u00e4nengas ein\" title=\"Polizisten setzen bei der St\u00fcrmung der CHP-Parteizentrale Tr\u00e4nengas ein | REUTERS\"\/><\/p>\n<p class=\"metatextline\">Stand: 24.05.2026 \u2022 16:29 Uhr<\/p>\n<p class=\"article-head__shorttext\">\n        <strong>In einer umstrittenen Gerichtsentscheidung wurde der Chef der gr\u00f6\u00dften t\u00fcrkischen Oppositionspartei CHP abgesetzt. Daraufhin verschanzte er sich in der Zentrale seiner Partei. Nun hat die Polizei die B\u00fcros mit Tr\u00e4nengas gest\u00fcrmt.<\/strong>\n    <\/p>\n<p class=\"textabsatz m-ten m-offset-one l-eight l-offset-two columns twelve\">Die Polizei hat in der T\u00fcrkei die B\u00fcros der gr\u00f6\u00dften Oppositionspartei CHP gest\u00fcrmt. Einsatzkr\u00e4fte drangen unter dem Einsatz von Tr\u00e4nengas und Gummigeschossen in das Geb\u00e4ude in der Hauptstadt Ankara ein, in dem sich der abgesetzte Parteivorsitzende \u00d6zg\u00fcr \u00d6zel seit Tagen verschanzt hatte.<\/p>\n<p class=\"textabsatz m-ten m-offset-one l-eight l-offset-two columns twelve\">Die Polizei durchbrach dabei Barrikaden, wie auf Bildern des Senders Halk TV zu sehen war. CHP-Parteimitglieder hatten den Eingang mit M\u00f6beln blockiert. Im Geb\u00e4ude hingen dicke Rauchschwaden.<\/p>\n<p class=\"textabsatz m-ten m-offset-one l-eight l-offset-two columns twelve\">\u00d6zel hatte zun\u00e4chst angek\u00fcndigt, die Parteizentrale weiter nicht verlassen zu wollen. &#8222;Wir werden angegriffen&#8220;, sagte er in einem Video-Statement. Nach dem Polizeieinsatz verlie\u00df er unter Applaus seiner Anh\u00e4nger das Geb\u00e4ude. &#8222;Ab jetzt ist die Republikanische Volkspartei CHP auf der Stra\u00dfe, auf den Pl\u00e4tzen und auf dem Weg an die Macht&#8220;, sagte \u00d6zel. Er marschierte umringt von CHP-Abgeordneten und Anh\u00e4ngern zum Parlamentsgeb\u00e4ude.<\/p>\n<p class=\"absatzbild__info__text\">\n                        CHP-Mitglieder und Unterst\u00fctzer versuchten, die Polizei aufzuhalten.\n                    <\/p>\n<p>    Umstrittenes Gerichtsurteil<\/p>\n<p class=\"textabsatz m-ten m-offset-one l-eight l-offset-two columns twelve\">Das Gouverneursamt in Ankara hatte die R\u00e4umung angeordnet und setzte damit die Entscheidung eines Gerichts durch. Dieses hatte am Donnerstag den Parteitag 2023, auf dem \u00d6zel zum CHP-Vorsitzenden gew\u00e4hlt worden war, r\u00fcckwirkend f\u00fcr ung\u00fcltig erkl\u00e4rt und \u00d6zel abgesetzt. Als neuen Parteichef setzte das Gericht vorl\u00e4ufig seinen umstrittenen Vorg\u00e4nger Kemal K\u0131l\u0131\u00e7daro\u011flu ein. Das l\u00f6ste Proteste in Ankara und weiteren St\u00e4dten aus.<\/p>\n<p class=\"textabsatz m-ten m-offset-one l-eight l-offset-two columns twelve\">In dem Verfahren war es um den Vorwurf gegangen, Delegierte seien bestochen worden, um f\u00fcr \u00d6zel zu stimmen. Ein ehemaliges Parteimitglied hatte den Prozess angestrengt. Es war im Oktober zun\u00e4chst abgewiesen worden und wurde dann neu aufgerollt. Die CHP-F\u00fchrung weist die Vorw\u00fcrfe zur\u00fcck, \u00d6zel sprach von einem Justiz-Putsch.<\/p>\n<p>    Vorgehen st\u00f6\u00dft international auf Kritik<\/p>\n<p class=\"textabsatz m-ten m-offset-one l-eight l-offset-two columns twelve\">Beobachter halten die Gerichtsentscheidung f\u00fcr verfassungswidrig und werten sie als politisch motiviert. Die Opposition wirft der Regierung vor, die CHP schw\u00e4chen zu wollen, w\u00e4hrend zahlreiche Gerichtsverfahren gegen Parteimitglieder und gew\u00e4hlte Amtstr\u00e4ger laufen.<\/p>\n<p class=\"textabsatz m-ten m-offset-one l-eight l-offset-two columns twelve\">Auch die EU kritisierte das Vorgehen scharf. Bundesau\u00dfenminister Johann Wadephul (CDU) \u00e4u\u00dferte sich auch mit Blick auf die angestrebte EU-Mitgliedschaft des Landes besorgt.<\/p>\n<p class=\"textabsatz m-ten m-offset-one l-eight l-offset-two columns twelve\">Unter der F\u00fchrung von \u00d6zel hatte die CHP bei der Kommunalwahl 2024 einen \u00fcberraschenden Erfolg eingefahren und die meisten B\u00fcrgermeister\u00e4mter im Land gewonnen. Seitdem wurden zahlreiche oppositionelle B\u00fcrgermeister im Zuge von Terror- und Korruptionsermittlungen verhaftet, darunter der ehemalige Istanbuler Oberb\u00fcrgermeister und Erdogan-Rivale Ekrem \u0130mamo\u011flu.<\/p>\n","protected":false},"excerpt":{"rendered":"Stand: 24.05.2026 \u2022 16:29 Uhr In einer umstrittenen Gerichtsentscheidung wurde der Chef der gr\u00f6\u00dften t\u00fcrkischen Oppositionspartei CHP abgesetzt.&hellip;\n","protected":false},"author":2,"featured_media":1043253,"comment_status":"","ping_status":"","sticky":false,"template":"","format":"standard","meta":{"footnotes":"","_share_on_mastodon":"0"},"categories":[5],"tags":[331,332,1207,107656,3364,29,30,13,14,15,12,143],"class_list":["post-1043252","post","type-post","status-publish","format-standard","has-post-thumbnail","category-nachrichten","tag-aktuelle-nachrichten","tag-aktuelle-news","tag-ankara","tag-chp","tag-de","tag-deutschland","tag-germany","tag-headlines","tag-nachrichten","tag-news","tag-schlagzeilen","tag-tuerkei"],"share_on_mastodon":{"url":"https:\/\/pubeurope.com\/@de\/116630272535262559","error":""},"_links":{"self":[{"href":"https:\/\/www.europesays.com\/de\/wp-json\/wp\/v2\/posts\/1043252","targetHints":{"allow":["GET"]}}],"collection":[{"href":"https:\/\/www.europesays.com\/de\/wp-json\/wp\/v2\/posts"}],"about":[{"href":"https:\/\/www.europesays.com\/de\/wp-json\/wp\/v2\/types\/post"}],"author":[{"embeddable":true,"href":"https:\/\/www.europesays.com\/de\/wp-json\/wp\/v2\/users\/2"}],"replies":[{"embeddable":true,"href":"https:\/\/www.europesays.com\/de\/wp-json\/wp\/v2\/comments?post=1043252"}],"version-history":[{"count":0,"href":"https:\/\/www.europesays.com\/de\/wp-json\/wp\/v2\/posts\/1043252\/revisions"}],"wp:featuredmedia":[{"embeddable":true,"href":"https:\/\/www.europesays.com\/de\/wp-json\/wp\/v2\/media\/1043253"}],"wp:attachment":[{"href":"https:\/\/www.europesays.com\/de\/wp-json\/wp\/v2\/media?parent=1043252"}],"wp:term":[{"taxonomy":"category","embeddable":true,"href":"https:\/\/www.europesays.com\/de\/wp-json\/wp\/v2\/categories?post=1043252"},{"taxonomy":"post_tag","embeddable":true,"href":"https:\/\/www.europesays.com\/de\/wp-json\/wp\/v2\/tags?post=1043252"}],"curies":[{"name":"wp","href":"https:\/\/api.w.org\/{rel}","templated":true}]}}