{"id":1043269,"date":"2026-05-24T15:44:19","date_gmt":"2026-05-24T15:44:19","guid":{"rendered":"https:\/\/www.europesays.com\/de\/1043269\/"},"modified":"2026-05-24T15:44:19","modified_gmt":"2026-05-24T15:44:19","slug":"dynamo-dresden-antrag-bei-mv-warum-die-rangers-noch-nicht-gegen-dynamo-spielen-sport","status":"publish","type":"post","link":"https:\/\/www.europesays.com\/de\/1043269\/","title":{"rendered":"Dynamo Dresden: Antrag bei MV! Warum die Rangers noch NICHT gegen Dynamo spielen | Sport"},"content":{"rendered":"<p><a class=\"skip-content skip-content--link\" href=\"#in-content-skip-link-target-v-0-0\">TTS-Player \u00fcberspringen\u21b5<\/a><a id=\"in-content-skip-link-target-v-0-0\" class=\"skip-content--target-link-hidden skip-content skip-content--target-link\" href=\"#in-content-skip-link-target-v-0-0\">Artikel weiterlesen<\/a><\/p>\n<p data-21134c99=\"0-1308\"><b>Die Organisation dieser Begegnung hatte es zuletzt sogar als Tagesordnungspunkt auf die Mitgliederversammlung bei Dynamo Dresden geschafft. SDG-Mitglieder Frank Bergmann erwirkte per Antrag die Planung eines Testspiels des Zweitligisten gegen Schotten-Kultklub Glasgow Rangers. Zumindest in diesem Sommer wird das aber nicht stattfinden.<\/b><\/p>\n<p data-21134c99=\"0-1308\">Der Cheftrainer der Rangers, der in Zwickau geborene Danny R\u00f6hl (37), musste f\u00fcr 2026 absagen. R\u00f6hl erkl\u00e4rte gegen\u00fcber bild.de: \u201eSolche ein Spiel h\u00e4tten wir zu gern m\u00f6glich gemacht. Beispielsweise mit einem Trainingslager im Weimarer Land und dann Testspielen in <a href=\"https:\/\/www.bild.de\/sport\/fussball\/dynamo-dresden\/startseite-dynamo-46789412.bild.html\" class=\"text-link\" rel=\"nofollow noopener\" target=\"_blank\">Dresden <\/a>und beim <a href=\"https:\/\/www.bild.de\/sport\/fussball\/fsv-zwickau\/home-80643572.bild.html\" class=\"text-link\" rel=\"nofollow noopener\" target=\"_blank\">FSV Zwickau<\/a> \u2013 da h\u00e4tte ich uns schon gern eine kleine Osttour gebaut.\u201c<\/p>\n<p>Fr\u00fcher Trainingsstart bei den Rangers<\/p>\n<p data-21134c99=\"0-1308\">Allerdings wird zumindest in diesem Sommer nichts daraus. \u201eWir werden schon am 19. Juni wieder mit dem Training beginnen, weil wir voraussichtlich fr\u00fch in die Quali-Runden zum Europacup einsteigen. Das wird zeitlich zu knapp.\u201c <\/p>\n<p><img decoding=\"async\" width=\"992\" height=\"558\" alt=\"Danny R\u00f6hl (r.) und Sascha Lense trainieren die Glasgow Rangers\" src=\"https:\/\/www.europesays.com\/de\/wp-content\/uploads\/2026\/05\/6c04d45bc734507004497dd23b986ce0,e79b64ab.jpeg\"   class=\"landscape\" loading=\"lazy\"\/><\/p>\n<p class=\"fig__caption__text\">Danny R\u00f6hl (r.) und Sascha Lense trainieren die Glasgow Rangers<\/p>\n<p>Foto: Kirk O&#8217;Rourke\/Rangers FC\/Shutterstock<\/p>\n<p data-21134c99=\"0-1308\">Die Rangers sind unter der Leistung von R\u00f6hl und <a href=\"https:\/\/www.bild.de\/sport\/fussball\/roehl-und-lense-bei-den-glasgow-rangers-wie-zwei-sachsen-die-schotten-auf-kurs-bringen-691dba4f76d3bd8e531d006a\" class=\"text-link\" rel=\"nofollow noopener\" target=\"_blank\">Ex-Dynamo Sascha Lense (50)<\/a>, der als Performance Manager (Sportpsychologe) arbeitet, in der abgelaufenen Saison auf Platz drei eingelaufen. Platz eins und zwei h\u00e4tten sogar f\u00fcr die Champions League berechtigt. Durch den Pokalsieg von Erzrivale und Meister Celtic starten die Rangers zumindest in der Quali zur Europa League.<\/p>\n<p>Dresdner Europacup-Spiel feiert Jubil\u00e4um<\/p>\n<p data-21134c99=\"1309-2181\">Bleibt die Hoffnung, dass es kommenden Sommer klappt. Im November hatte Dynamo-Mitglied Bergmann einen Extra-Antrag gestellt. Seine Idee: Anl\u00e4sslich des 60-j\u00e4hrigen Jubil\u00e4ums des ersten Dresdner Europapokalspiels 1967 gegen die <a href=\"https:\/\/www.bild.de\/sport\/fussball\/fussball-traditionsklub-feuert-trainer-abschied-unter-polizeischutz-68e35bb9c9fcb483178b8cfa\" class=\"text-link\" rel=\"nofollow noopener\" target=\"_blank\">Glasgow Rangers<\/a> soll Dynamo im Sommer 2027 ein Freundschaftsspiel gegen die Schotten organisieren. Daheim! <\/p>\n<p data-21134c99=\"1309-2181\">\u201eIm Ibrox-Stadium war ich schon beim Old-Firm-Derby gegen Celtic, da ist die Stimmung auch gut, aber ich w\u00fcrde lieber ein Heimspiel sehen\u201c, hatte er damals gesagt. Der Antrag wurde durchgewunken.<\/p>\n<p data-21134c99=\"1309-2181\">Klar ist: Die Chancen auf ein Jubil\u00e4umsspiel kommenden Sommer sind gro\u00df, wenn es der Zeitplan hergibt und Danny R\u00f6hl die Rangers erfolgreich durch die Saison f\u00fchrt. Vielleicht kommen die Schotten dann sogar als Meister und Champions-League-Starter nach Sachsen.  <\/p>\n","protected":false},"excerpt":{"rendered":"TTS-Player \u00fcberspringen\u21b5Artikel weiterlesen Die Organisation dieser Begegnung hatte es zuletzt sogar als Tagesordnungspunkt auf die Mitgliederversammlung bei Dynamo&hellip;\n","protected":false},"author":2,"featured_media":1043270,"comment_status":"","ping_status":"","sticky":false,"template":"","format":"standard","meta":{"footnotes":"","_share_on_mastodon":"0"},"categories":[1835],"tags":[621,3364,29,2386,3766,5855,10149,347,30,86370,12071,859,5383,3460,784],"class_list":["post-1043269","post","type-post","status-publish","format-standard","has-post-thumbnail","category-dresden","tag-2-bundesliga","tag-de","tag-deutschland","tag-dresden","tag-dynamo-dresden","tag-europa-league","tag-fsv-zwickau","tag-fussball","tag-germany","tag-glasgow","tag-glasgow-rangers","tag-sachsen","tag-schottland","tag-sport-leuchtturm-leipzig","tag-zweite-bundesliga"],"share_on_mastodon":{"url":"https:\/\/pubeurope.com\/@de\/116630327663577722","error":""},"_links":{"self":[{"href":"https:\/\/www.europesays.com\/de\/wp-json\/wp\/v2\/posts\/1043269","targetHints":{"allow":["GET"]}}],"collection":[{"href":"https:\/\/www.europesays.com\/de\/wp-json\/wp\/v2\/posts"}],"about":[{"href":"https:\/\/www.europesays.com\/de\/wp-json\/wp\/v2\/types\/post"}],"author":[{"embeddable":true,"href":"https:\/\/www.europesays.com\/de\/wp-json\/wp\/v2\/users\/2"}],"replies":[{"embeddable":true,"href":"https:\/\/www.europesays.com\/de\/wp-json\/wp\/v2\/comments?post=1043269"}],"version-history":[{"count":0,"href":"https:\/\/www.europesays.com\/de\/wp-json\/wp\/v2\/posts\/1043269\/revisions"}],"wp:featuredmedia":[{"embeddable":true,"href":"https:\/\/www.europesays.com\/de\/wp-json\/wp\/v2\/media\/1043270"}],"wp:attachment":[{"href":"https:\/\/www.europesays.com\/de\/wp-json\/wp\/v2\/media?parent=1043269"}],"wp:term":[{"taxonomy":"category","embeddable":true,"href":"https:\/\/www.europesays.com\/de\/wp-json\/wp\/v2\/categories?post=1043269"},{"taxonomy":"post_tag","embeddable":true,"href":"https:\/\/www.europesays.com\/de\/wp-json\/wp\/v2\/tags?post=1043269"}],"curies":[{"name":"wp","href":"https:\/\/api.w.org\/{rel}","templated":true}]}}