{"id":1043393,"date":"2026-05-24T17:00:41","date_gmt":"2026-05-24T17:00:41","guid":{"rendered":"https:\/\/www.europesays.com\/de\/1043393\/"},"modified":"2026-05-24T17:00:41","modified_gmt":"2026-05-24T17:00:41","slug":"nach-merz-vorstoss-selenskyj-fordert-vollstaendige-eu-mitgliedschaft-der-ukraine","status":"publish","type":"post","link":"https:\/\/www.europesays.com\/de\/1043393\/","title":{"rendered":"Nach Merz-Vorstoss: Selenskyj fordert vollst\u00e4ndige EU-Mitgliedschaft der Ukraine"},"content":{"rendered":"<p>Der ukrainische Pr\u00e4sident Wolodymyr Selenskyj fordert von der Europ\u00e4ischen Union weiterhin eine vollst\u00e4ndige Mitgliedschaft seines Landes. In einem Brief an die EU-Spitzen lehnt er einen Sonderstatus f\u00fcr die Ukraine ab. Dies <a href=\"https:\/\/www.welt.de\/newsticker\/dpa_nt\/infoline_nt\/politik_ausland_nt\/article6a11ade23b7096456ac80a52\/selenskyj-pocht-in-brief-an-eu-auf-volle-mitgliedschaft.html\" rel=\"nofollow noopener\" target=\"_blank\">berichtet die Deutsche Presse-Agentur<\/a>. \u00abEs w\u00e4re ungerecht f\u00fcr die Ukraine, in der Europ\u00e4ischen Union pr\u00e4sent zu sein, aber ohne Stimme zu bleiben\u00bb, schreibt Selenskyj laut dem Bericht.<\/p>\n<p>                <img src=\"https:\/\/www.europesays.com\/de\/wp-content\/uploads\/2026\/05\/709353935_highres-1024x722.jpg\" alt=\"SERGEY DOLZHENKO \/ KEYSTONE\" itemprop=\"contentUrl\" class=\"story-img story-img--landscape\" loading=\"lazy\" decoding=\"async\"\/><\/p>\n<p>                                                    epa12914890 Ukrainian President Volodymyr Zelensky speaks with journalists before meeting Moldovan President Maia Sandu at the Mariinsky Palace in Kyiv, Ukraine, 26 April 2026<br \/>\n                                                                            <\/p>\n<p>                                        SERGEY DOLZHENKO \/ KEYSTONE<\/p>\n<p>Der ukrainische Pr\u00e4sident reagiert damit auf einen Vorschlag von Bundeskanzler Friedrich Merz. Der CDU-Politiker hatte sich f\u00fcr einen Status als \u00abassoziiertes Mitglied\u00bb ausgesprochen. Ein schneller vollst\u00e4ndiger EU-Beitritt der Ukraine sei aus seiner Sicht derzeit ausgeschlossen. Nach Angaben aus Berlin soll der Vorschlag als politische Br\u00fccke dienen.<\/p>\n<p>Selenskyj erkl\u00e4rt in seinem Schreiben, der Erweiterungsprozess der EU dauere zu lange. Europa m\u00fcsse sich schneller bewegen und die Ukraine nicht in einem \u00abWarteraum\u00bb halten, bis eine Vollmitgliedschaft m\u00f6glich werde. Auch in einer Videobotschaft bekr\u00e4ftigt er seine Forderung nach einer vollst\u00e4ndigen Aufnahme. \u00abEs kann kein vollst\u00e4ndiges europ\u00e4isches Projekt ohne die Ukraine geben, und der Platz der Ukraine in der Europ\u00e4ischen Union muss ebenfalls vollst\u00e4ndig sein \u2013 voll und gleichberechtigt\u00bb, sagt Selenskyj.<\/p>\n<p>\n                 _e(&#8218;Werbung&#8216;, &#8218;weltwoche&#8216;); ?&gt;\n            <\/p>\n<p>Aus Regierungskreisen in Berlin heisst es, Deutschland bleibe der wichtigste Unterst\u00fctzer der Ukraine und sehe sich weiterhin als Wegbereiter f\u00fcr einen sp\u00e4teren EU-Beitritt. Der Vorschlag eines Sonderstatus solle eine Debatte \u00fcber \u00abpragmatische Zwischenschritte\u00bb er\u00f6ffnen. Die Vollmitgliedschaft bleibe das langfristige Ziel. Derzeit gehe es vor allem darum, weitere Kapitel der Beitrittsverhandlungen zu er\u00f6ffnen.<\/p>\n","protected":false},"excerpt":{"rendered":"Der ukrainische Pr\u00e4sident Wolodymyr Selenskyj fordert von der Europ\u00e4ischen Union weiterhin eine vollst\u00e4ndige Mitgliedschaft seines Landes. In einem&hellip;\n","protected":false},"author":2,"featured_media":1043394,"comment_status":"","ping_status":"","sticky":false,"template":"","format":"standard","meta":{"footnotes":"","_share_on_mastodon":"0"},"categories":[3933],"tags":[331,332,548,663,158,3934,3935,13,984,182,13634,14,15,16,12,116,317],"class_list":["post-1043393","post","type-post","status-publish","format-standard","has-post-thumbnail","category-eu","tag-aktuelle-nachrichten","tag-aktuelle-news","tag-eu","tag-europa","tag-europaeische-union","tag-europe","tag-european-union","tag-headlines","tag-international","tag-merz","tag-mitgliedschaft","tag-nachrichten","tag-news","tag-politik","tag-schlagzeilen","tag-selenskyj","tag-ukraine"],"share_on_mastodon":{"url":"https:\/\/pubeurope.com\/@de\/116630627926727325","error":""},"_links":{"self":[{"href":"https:\/\/www.europesays.com\/de\/wp-json\/wp\/v2\/posts\/1043393","targetHints":{"allow":["GET"]}}],"collection":[{"href":"https:\/\/www.europesays.com\/de\/wp-json\/wp\/v2\/posts"}],"about":[{"href":"https:\/\/www.europesays.com\/de\/wp-json\/wp\/v2\/types\/post"}],"author":[{"embeddable":true,"href":"https:\/\/www.europesays.com\/de\/wp-json\/wp\/v2\/users\/2"}],"replies":[{"embeddable":true,"href":"https:\/\/www.europesays.com\/de\/wp-json\/wp\/v2\/comments?post=1043393"}],"version-history":[{"count":0,"href":"https:\/\/www.europesays.com\/de\/wp-json\/wp\/v2\/posts\/1043393\/revisions"}],"wp:featuredmedia":[{"embeddable":true,"href":"https:\/\/www.europesays.com\/de\/wp-json\/wp\/v2\/media\/1043394"}],"wp:attachment":[{"href":"https:\/\/www.europesays.com\/de\/wp-json\/wp\/v2\/media?parent=1043393"}],"wp:term":[{"taxonomy":"category","embeddable":true,"href":"https:\/\/www.europesays.com\/de\/wp-json\/wp\/v2\/categories?post=1043393"},{"taxonomy":"post_tag","embeddable":true,"href":"https:\/\/www.europesays.com\/de\/wp-json\/wp\/v2\/tags?post=1043393"}],"curies":[{"name":"wp","href":"https:\/\/api.w.org\/{rel}","templated":true}]}}