{"id":1043436,"date":"2026-05-24T17:26:18","date_gmt":"2026-05-24T17:26:18","guid":{"rendered":"https:\/\/www.europesays.com\/de\/1043436\/"},"modified":"2026-05-24T17:26:18","modified_gmt":"2026-05-24T17:26:18","slug":"zum-nachlesen-sg-flensburg-handewitt-verliert-gegen-stuttgart","status":"publish","type":"post","link":"https:\/\/www.europesays.com\/de\/1043436\/","title":{"rendered":"Zum Nachlesen: SG Flensburg-Handewitt verliert gegen Stuttgart"},"content":{"rendered":"<p class=\"\">\n                    Die SG Flensburg-Handewitt hat im Kampf um die direkte Qualifikation f\u00fcr die Champions League den n\u00e4chsten R\u00fcckschlag hinnehmen m\u00fcssen. Das Ausw\u00e4rtsspiel beim TVB Stuttgart endete mit einer 33:37 (16:19)-Niederlage f\u00fcr den Tabellen-Dritten der Handball-Bundesliga. Beste Werfer waren der Flensburger Marko Grgic mit sieben Toren sowie Lenny Rubin mit zehn Treffern f\u00fcr Stuttgart.\n            <\/p>\n<p class=\"\">\n                    Die SG startete beh\u00e4big in das Spiel. Schon in der 4. Minute lag die Mannschaft von Trainer Ales Pajovic mit 1:5 zur\u00fcck. Torh\u00fcter Kevin M\u00f6ller sorgte beim 3:6 (8.) mit einem gehaltenen Siebenmeter gegen Kai H\u00e4fner f\u00fcr ein erstes Ausrufezeichen der Flensburger. Sicherheit gab diese Parade aber nicht. Im Gegenteil: Die Norddeutschen hatten gro\u00dfes Gl\u00fcck, dass Rubin beim 18:14 (29.) die Chance auf die erste F\u00fcnf-Tore-F\u00fchrung der Schwaben vergab.\n            <\/p>\n<p>            Flensburg verliert auch das Grgic-Familien-Duell<\/p>\n<p class=\"\">\n                    Nach der Pause arbeitete sich Flensburg heran und ging beim 26:25 (45.) durch Emil Jakobsen erstmals in F\u00fchrung. Danach aber verfiel das Pajovic-Team wieder in Lethargie und machte zu viele Fehler. Beim 33:28 (53.) hatte Stuttgart die Weichen auf Sieg gestellt. Nach dem 30:31 beim neuen Meister SC Magdeburg am Donnerstag war es die zweite Flensburger Ausw\u00e4rtspleite hintereinander. Im Familienduell setzte sich der Stuttgarter Co-Trainer Danijel Grgic gegen seinen Sohn Marko und dessen Flensburger durch.\n            <\/p>\n<p>            Liveticker nachlesen: SG Flensburg-Handewitt gegen TVB 1898 Stuttgart<\/p>\n","protected":false},"excerpt":{"rendered":"Die SG Flensburg-Handewitt hat im Kampf um die direkte Qualifikation f\u00fcr die Champions League den n\u00e4chsten R\u00fcckschlag hinnehmen&hellip;\n","protected":false},"author":2,"featured_media":1043437,"comment_status":"","ping_status":"","sticky":false,"template":"","format":"standard","meta":{"footnotes":"","_share_on_mastodon":"0"},"categories":[1830],"tags":[1634,26994,3364,26996,29,2085,30,223523,20455,4063,26997,9378,9949,26998,1441],"class_list":["post-1043436","post","type-post","status-publish","format-standard","has-post-thumbnail","category-stuttgart","tag-baden-wuerttemberg","tag-data_entplusst","tag-de","tag-deutsche-meisterschaften","tag-deutschland","tag-flensburg","tag-germany","tag-herber-daempfer","tag-kai-haefner","tag-magdeburg","tag-pokalwettbewerb","tag-sc-magdeburg","tag-sg-flensburg-handewitt","tag-sportergebnis","tag-stuttgart"],"share_on_mastodon":{"url":"https:\/\/pubeurope.com\/@de\/116630728887582779","error":""},"_links":{"self":[{"href":"https:\/\/www.europesays.com\/de\/wp-json\/wp\/v2\/posts\/1043436","targetHints":{"allow":["GET"]}}],"collection":[{"href":"https:\/\/www.europesays.com\/de\/wp-json\/wp\/v2\/posts"}],"about":[{"href":"https:\/\/www.europesays.com\/de\/wp-json\/wp\/v2\/types\/post"}],"author":[{"embeddable":true,"href":"https:\/\/www.europesays.com\/de\/wp-json\/wp\/v2\/users\/2"}],"replies":[{"embeddable":true,"href":"https:\/\/www.europesays.com\/de\/wp-json\/wp\/v2\/comments?post=1043436"}],"version-history":[{"count":0,"href":"https:\/\/www.europesays.com\/de\/wp-json\/wp\/v2\/posts\/1043436\/revisions"}],"wp:featuredmedia":[{"embeddable":true,"href":"https:\/\/www.europesays.com\/de\/wp-json\/wp\/v2\/media\/1043437"}],"wp:attachment":[{"href":"https:\/\/www.europesays.com\/de\/wp-json\/wp\/v2\/media?parent=1043436"}],"wp:term":[{"taxonomy":"category","embeddable":true,"href":"https:\/\/www.europesays.com\/de\/wp-json\/wp\/v2\/categories?post=1043436"},{"taxonomy":"post_tag","embeddable":true,"href":"https:\/\/www.europesays.com\/de\/wp-json\/wp\/v2\/tags?post=1043436"}],"curies":[{"name":"wp","href":"https:\/\/api.w.org\/{rel}","templated":true}]}}