{"id":1043502,"date":"2026-05-24T18:08:23","date_gmt":"2026-05-24T18:08:23","guid":{"rendered":"https:\/\/www.europesays.com\/de\/1043502\/"},"modified":"2026-05-24T18:08:23","modified_gmt":"2026-05-24T18:08:23","slug":"antisemitismus-verdacht-gegen-leiterin-eines-augsburger-seelsorge-projekts-fuer-muslime","status":"publish","type":"post","link":"https:\/\/www.europesays.com\/de\/1043502\/","title":{"rendered":"Antisemitismus-Verdacht gegen Leiterin eines Augsburger Seelsorge-Projekts f\u00fcr Muslime"},"content":{"rendered":"<p class=\"mb-6 text-xs md:text-m lg:text-l font-serif group-[.font-sans]:font-sans \">\n    Am Krankenbett zuh\u00f6ren, <a href=\"https:\/\/www.augsburger-allgemeine.de\/augsburg\/augsburger-anwaeltin-machte-missstaende-um-jva-gablingen-dann-brach-sie-zusammen-112578567\" target=\"_self\" class=\"underline \" rel=\"nofollow noopener\">Gefangenenbesuche machen<\/a> \u2013 auch muslimische Familien k\u00f6nnen nicht alles auffangen und brauchen bisweilen Unterst\u00fctzung von au\u00dfen. Um ihnen zur Seite stehen zu k\u00f6nnen, gr\u00fcndete sich vor 15 Jahren das Projekt Muslimische Seelsorge Augsburg (Musa). Das Institut f\u00fcr transkulturelle Verst\u00e4ndigung (ITV) als Projekttr\u00e4gerin sowie Partnerin von Stadt und Innenministerium bildet seither muslimische Seelsorgerinnen und Seelsorger aus. Kurs-Dozenten sind neben theologisch gebildeten Muslimen auch \u00c4rztinnen sowie Profis der kirchlichen Seelsorge-Institutionen. Doch jetzt ger\u00e4t die ehrenamtliche Leiterin und Initiatorin des Projekts <a href=\"https:\/\/www.augsburger-allgemeine.de\/politik\/kommentar-egal-wo-der-judenhass-herkommt-er-hat-in-deutschland-nichts-verloren-114249107\" target=\"_self\" class=\"underline \" rel=\"nofollow noopener\">wegen Antisemitismus auf ihrem Social-Media-Profil<\/a> in die Kritik.\n  <\/p>\n","protected":false},"excerpt":{"rendered":"Am Krankenbett zuh\u00f6ren, Gefangenenbesuche machen \u2013 auch muslimische Familien k\u00f6nnen nicht alles auffangen und brauchen bisweilen Unterst\u00fctzung von&hellip;\n","protected":false},"author":2,"featured_media":1043503,"comment_status":"","ping_status":"","sticky":false,"template":"","format":"standard","meta":{"footnotes":"","_share_on_mastodon":"0"},"categories":[1846],"tags":[680,772,3364,29,548,663,3934,291,2690,30,13,7539,411,51930,3312,14,15,12,38698,1441,223532,12755],"class_list":["post-1043502","post","type-post","status-publish","format-standard","has-post-thumbnail","category-augsburg","tag-augsburg","tag-bayern","tag-de","tag-deutschland","tag-eu","tag-europa","tag-europe","tag-facebook","tag-gericht","tag-germany","tag-headlines","tag-innenministerium","tag-israel","tag-itv","tag-muslime","tag-nachrichten","tag-news","tag-schlagzeilen","tag-seelsorge","tag-stuttgart","tag-tarek-bae","tag-ulm"],"share_on_mastodon":{"url":"https:\/\/pubeurope.com\/@de\/116630894052057602","error":""},"_links":{"self":[{"href":"https:\/\/www.europesays.com\/de\/wp-json\/wp\/v2\/posts\/1043502","targetHints":{"allow":["GET"]}}],"collection":[{"href":"https:\/\/www.europesays.com\/de\/wp-json\/wp\/v2\/posts"}],"about":[{"href":"https:\/\/www.europesays.com\/de\/wp-json\/wp\/v2\/types\/post"}],"author":[{"embeddable":true,"href":"https:\/\/www.europesays.com\/de\/wp-json\/wp\/v2\/users\/2"}],"replies":[{"embeddable":true,"href":"https:\/\/www.europesays.com\/de\/wp-json\/wp\/v2\/comments?post=1043502"}],"version-history":[{"count":0,"href":"https:\/\/www.europesays.com\/de\/wp-json\/wp\/v2\/posts\/1043502\/revisions"}],"wp:featuredmedia":[{"embeddable":true,"href":"https:\/\/www.europesays.com\/de\/wp-json\/wp\/v2\/media\/1043503"}],"wp:attachment":[{"href":"https:\/\/www.europesays.com\/de\/wp-json\/wp\/v2\/media?parent=1043502"}],"wp:term":[{"taxonomy":"category","embeddable":true,"href":"https:\/\/www.europesays.com\/de\/wp-json\/wp\/v2\/categories?post=1043502"},{"taxonomy":"post_tag","embeddable":true,"href":"https:\/\/www.europesays.com\/de\/wp-json\/wp\/v2\/tags?post=1043502"}],"curies":[{"name":"wp","href":"https:\/\/api.w.org\/{rel}","templated":true}]}}