{"id":1043516,"date":"2026-05-24T18:18:24","date_gmt":"2026-05-24T18:18:24","guid":{"rendered":"https:\/\/www.europesays.com\/de\/1043516\/"},"modified":"2026-05-24T18:18:24","modified_gmt":"2026-05-24T18:18:24","slug":"recovery-college-vor-dem-aus-bielefeld-droht-der-verlust-eines-besonderen-hilfsangebots","status":"publish","type":"post","link":"https:\/\/www.europesays.com\/de\/1043516\/","title":{"rendered":"\u201eRecovery College\u201c vor dem Aus: Bielefeld droht der Verlust eines besonderen Hilfsangebots"},"content":{"rendered":"<p id=\"absatz1\" class=\"em_text\">Bielefeld. Eigentlich sollte das \u201eRecovery College\u201c ein Zukunftsmodell sein: ein Ort, an dem Menschen mit psychischen Krisenerfahrungen nicht nur Unterst\u00fctzung bekommen, sondern selbst ihr Wissen weitergeben, Kurse gestalten und anderen Mut machen. Zum Start im Juli 2025 erschienen rund 100 G\u00e4ste aus Praxis, Politik, Selbsthilfe und Stadtgesellschaft in Bethel, um das ungew\u00f6hnliche Projekt zu feiern. Jetzt, nicht einmal ein Jahr sp\u00e4ter, steht das Angebot selbst vor einer Krise: Ende Mai l\u00e4uft die F\u00f6rderung aus, eine gesicherte Anschlussfinanzierung gibt es aufgrund der knappen Kassen der Stadt bislang nicht.<\/p>\n<p id=\"absatz2\" class=\"em_text\">Dabei sprechen die Zahlen eine deutliche Sprache. Seit dem Start haben bereits 231 Menschen an Kursen, Workshops und Schulungen teilgenommen. Das Angebot reicht von Achtsamkeit und Entspannung \u00fcber Theater- und Schreibworkshops bis zu Kursen \u00fcber Stigmatisierung, Selbstbestimmung und soziale Kompetenzen. Selbst Menschen mit Long Covid oder ME\/CFS finden hier spezielle Angebote.<\/p>\n<p id=\"absatz3\" class=\"em_text\">Das Besondere am Recovery College ist, dass nicht Diagnosen im Mittelpunkt stehen, sondern Erfahrungen. Menschen mit eigener psychischer Krisenerfahrung entwickeln die Angebote gemeinsam mit Fachkr\u00e4ften. \u201eCo-Produktion\u201c nennt sich dieser in zahlreichen L\u00e4ndern bereits etablierte Ansatz, der auch im Landespsychiatrieplan NRW empfohlen wird. Die Idee dahinter: Erfahrungswissen z\u00e4hlt genauso viel wie professionelles Fachwissen \u2013 man redet also nicht \u00fcber Betroffene, sondern mit ihnen.<\/p>\n<p>\n        \u00d7\n    <\/p>\n<p>\n            Sie erhalten in wenigen Minuten eine E-Mail zur Best\u00e4tigung Ihrer Anmeldung.\n        <\/p>\n<p>Erst danach ist diese abgeschlossen.<\/p>\n<p>Bitte pr\u00fcfen Sie auch den Spam-Ordner.<\/p>\n<p>\n        \u00d7\n    <\/p>\n<p>\n            Sie haben bisher Ihre E-Mail-Adresse noch nicht best\u00e4tigt.\n        <\/p>\n<p>Erst danach ist diese abgeschlossen.<\/p>\n<p>Bitte pr\u00fcfen Sie auch den Spam-Ordner.<\/p>\n<p>\n        \u00d7\n    <\/p>\n<p>\n            Es ist einen Fehler aufgetreten\n        <\/p>\n<p>Bei Fragen hilft unser Newsletter-Support<\/p>\n<p> Newsletter<\/p>\n<p> Update zum Abend<\/p>\n<p>Informiert bleiben mit t\u00e4glichen News aus Bielefeld, OWL und der Welt.<\/p>\n<p>                Jetzt anmelden<\/p>\n<p>Experten fordern mehr niedrigschwellige Angebote \u2013 nicht weniger<\/p>\n<p class=\"em_text\">Dass das Konzept offenbar funktioniert, zeigt die wachsende Nachfrage. Immer h\u00e4ufiger gibt es externe Anfragen f\u00fcr Schulungen. Selbst Einrichtungen wie Bethel oder Ausbildungsgruppen f\u00fcr FSJlerinnen und FSJler greifen das Konzept inzwischen auf. Kooperationen mit der Hochschule Bielefeld und der Universit\u00e4t Bielefeld sind bereits angesto\u00dfen.<\/p>\n<p id=\"absatz5\"><b class=\"bold\">Lesen Sie auch: <\/b><a href=\"https:\/\/www.nw.de\/lokal\/kreis_guetersloh\/guetersloh\/23450576_Gueterslohs-Fitnessstudio-fuer-die-Seele-Das-steckt-hinter-dem-Recovery-College.html\" rel=\"nofollow noopener\" target=\"_blank\">Fitnessstudio f\u00fcr die Seele: Das steckt hinter dem Recovery College | nw.de<\/a><\/p>\n<p id=\"absatz6\" class=\"em_text\">Umso paradoxer wirkt die aktuelle Situation. W\u00e4hrend Politik und Fachwelt mehr Pr\u00e4vention, mehr Entstigmatisierung und niedrigschwellige Hilfen fordern, k\u00f6nnte ausgerechnet das erfolgreich gestartete Angebot schon nach kurzer Zeit wieder verschwinden. Denn trotz der gro\u00dfen Unterst\u00fctzung und der positiven Resonanz in den vergangenen Monaten war die finanzielle Basis von Anfang an schmal.<\/p>\n<p id=\"absatz7\"><b class=\"bold\">Zum Thema:<\/b> <a href=\"https:\/\/www.nw.de\/lokal\/bielefeld\/mitte\/24321911_Bielefelder-leidet-unter-raetselhafter-Krankheit-ME-CFS-schon-Aufstehen-ist-eine-Belastung.html\" rel=\"nofollow noopener\" target=\"_blank\">Bielefelder leidet unter r\u00e4tselhafter Krankheit ME\/CFS \u2013 schon Aufstehen ist eine Belastung<\/a><\/p>\n<p>        <a href=\"https:\/\/www.nw.de\/_em_daten\/_cache\/image\/1xQ0lQWU5tSVE2WVJzdkJZTXE0SGVZd2k0NVVzL1ptbGpJbktTUHBFNWh3dXQwNEtsdFg5WUhWZno2YnduVEVoREdUbW5yQTBESUFURFZpdnBxcWMySFE9PQ\/260524-1219-902346564.jpg\" class=\"nw-article-image\" title=\"Fritz Hillebrenner, Genesungsbegleiter in Bethel, im Dialog bei einer Veranstaltung des Recovery College.\" data-glightbox=\"type: image; description: Fritz Hillebrenner, Genesungsbegleiter in Bethel, im Dialog bei einer Veranstaltung des Recovery College.  | \u00a9 Stadt Bielefeld \" rel=\"nofollow noopener\" target=\"_blank\"><br \/>\n            <img decoding=\"async\" src=\"https:\/\/www.europesays.com\/de\/wp-content\/uploads\/2026\/05\/260524-1219-902346564.jpg\" class=\"nw-img-fluid nw-w-full nw-lazy nw-rounded-t-md\" alt=\"Fritz Hillebrenner, Genesungsbegleiter in Bethel, im Dialog bei einer Veranstaltung des Recovery College. - \u00a9 Stadt Bielefeld\" data-format=\"16:9\"\/><br \/>\n        <\/a><\/p>\n<p>                Fritz Hillebrenner, Genesungsbegleiter in Bethel, im Dialog bei einer Veranstaltung des Recovery College.<br \/>\n                                    | \u00a9 Stadt Bielefeld<\/p>\n<p id=\"absatz8\" class=\"em_text\">\u201eDas \u2019Recovery College Bielefeld\u2019 ist eine echte Graswurzelbewegung\u201c, sagte Sabine Jacobs vom Gemeindepsychiatrischen Verbund zur Er\u00f6ffnung: Dieser Satz bekommt nun eine neue Bedeutung. Denn tats\u00e4chlich lebt das Projekt bislang vor allem vom Engagement der Beteiligten und vom Glauben daran, dass psychische Gesundheit mehr Aufmerksamkeit verdient. Vieles wurde ehrenamtlich getragen, 10.000 Euro von der Aktion Mensch erm\u00f6glichten erste Schritte, dazu kam Unterst\u00fctzung des nordrhein-westf\u00e4lischen Gesundheitsministeriums beim Aufbau der Koordinierungsstruktur. Doch dauerhaft abgesichert ist das Projekt bis heute nicht.<\/p>\n<p>Es drohen \u201eerhebliche Nachteile f\u00fcr betroffene Menschen\u201c<\/p>\n<p id=\"absatz9\" class=\"em_text\">Die Stadt Bielefeld selbst warnt in einem Bericht, der am Mittwoch, 20. Mai, dem Psychiatriebeirat vorgestellt wird, vor \u201eerheblichen Nachteilen f\u00fcr die betroffenen Menschen und die Versorgungslandschaft\u201c, sollte das Angebot eingestellt werden.<\/p>\n<p id=\"absatz10\"><b class=\"bold\">Lesen Sie auch: <\/b><a href=\"https:\/\/www.nw.de\/lokal\/bielefeld\/mitte\/24333209_Wenn-der-Arztbesuch-zur-Huerde-wird-Wo-Bielefelds-Gesundheitswesen-Menschen-ausschliesst.html\" rel=\"nofollow noopener\" target=\"_blank\">Wenn der Arztbesuch zur H\u00fcrde wird: Wo Bielefelds Gesundheitswesen Menschen ausschlie\u00dft | nw.de<\/a><\/p>\n<p id=\"absatz11\" class=\"em_text\">Trotz der unsicheren Zukunft wird bereits weitergedacht. Geplant ist ein \u201eDiscovery College\u201c f\u00fcr Jugendliche und junge Erwachsene zwischen 16 und 27 Jahren. Vorgesehen sind ein Mental-Health-Caf\u00e9, offene Kurse und Fortbildungen f\u00fcr Schulen und Jugendeinrichtungen. Das Konzept steht bereits. Was fehlt, ist auch hier eine gesicherte Finanzierung.<\/p>\n<p id=\"absatz12\" class=\"em_text\">Weitere Infos zum Recovery College und zu den aktuellen Angeboten gibt es online auf der <a href=\"https:\/\/rc-bi.de\/\" rel=\"noopener nofollow\" target=\"_blank\">Website des Projekts<\/a>.<\/p>\n<p id=\"absatz13\">\ud83d\udcf1 <b class=\"TextRun SCXW116935027 BCX8 NormalTextRun SCXW116935027 BCX8 bold\">News direkt aufs Smartphone: <\/b><a href=\"https:\/\/whatsapp.com\/channel\/0029VaeYHJ40Qeam4DWyn109\" rel=\"noreferrer noopener nofollow\" target=\"_blank\">Hier finden Sie den kostenlosen Whatsapp-Kanal der NW-Bielefeld<\/a>  <\/p>\n","protected":false},"excerpt":{"rendered":"Bielefeld. Eigentlich sollte das \u201eRecovery College\u201c ein Zukunftsmodell sein: ein Ort, an dem Menschen mit psychischen Krisenerfahrungen nicht&hellip;\n","protected":false},"author":2,"featured_media":1043517,"comment_status":"","ping_status":"","sticky":false,"template":"","format":"standard","meta":{"footnotes":"","_share_on_mastodon":"0"},"categories":[1841],"tags":[22060,1605,3364,29,30,10231,669,223534,1611,4280,28985,198715,736,164252,28479,1613,1209,176],"class_list":["post-1043516","post","type-post","status-publish","format-standard","has-post-thumbnail","category-bielefeld","tag-bethel","tag-bielefeld","tag-de","tag-deutschland","tag-germany","tag-hilfsangebot","tag-krise","tag-krisenerfahrung","tag-label_informiere-mich","tag-label_l-120","tag-long-covid","tag-meta_artikelklasse_nische","tag-meta_copyrights_nw","tag-meta_eo_zusammenfassung","tag-meta_themen_gesundheit","tag-meta_userneeds_informieremich","tag-nordrhein-westfalen","tag-nrw"],"share_on_mastodon":{"url":"https:\/\/pubeurope.com\/@de\/116630933298843070","error":""},"_links":{"self":[{"href":"https:\/\/www.europesays.com\/de\/wp-json\/wp\/v2\/posts\/1043516","targetHints":{"allow":["GET"]}}],"collection":[{"href":"https:\/\/www.europesays.com\/de\/wp-json\/wp\/v2\/posts"}],"about":[{"href":"https:\/\/www.europesays.com\/de\/wp-json\/wp\/v2\/types\/post"}],"author":[{"embeddable":true,"href":"https:\/\/www.europesays.com\/de\/wp-json\/wp\/v2\/users\/2"}],"replies":[{"embeddable":true,"href":"https:\/\/www.europesays.com\/de\/wp-json\/wp\/v2\/comments?post=1043516"}],"version-history":[{"count":0,"href":"https:\/\/www.europesays.com\/de\/wp-json\/wp\/v2\/posts\/1043516\/revisions"}],"wp:featuredmedia":[{"embeddable":true,"href":"https:\/\/www.europesays.com\/de\/wp-json\/wp\/v2\/media\/1043517"}],"wp:attachment":[{"href":"https:\/\/www.europesays.com\/de\/wp-json\/wp\/v2\/media?parent=1043516"}],"wp:term":[{"taxonomy":"category","embeddable":true,"href":"https:\/\/www.europesays.com\/de\/wp-json\/wp\/v2\/categories?post=1043516"},{"taxonomy":"post_tag","embeddable":true,"href":"https:\/\/www.europesays.com\/de\/wp-json\/wp\/v2\/tags?post=1043516"}],"curies":[{"name":"wp","href":"https:\/\/api.w.org\/{rel}","templated":true}]}}