{"id":1043584,"date":"2026-05-24T19:15:27","date_gmt":"2026-05-24T19:15:27","guid":{"rendered":"https:\/\/www.europesays.com\/de\/1043584\/"},"modified":"2026-05-24T19:15:27","modified_gmt":"2026-05-24T19:15:27","slug":"3733-sieg-gegen-flensburg-handewitt-der-tvb-stuttgart-spielt-gross-auf-tvb-stuttgart-news-aus-der-handball-bundesliga","status":"publish","type":"post","link":"https:\/\/www.europesays.com\/de\/1043584\/","title":{"rendered":"37:33-Sieg gegen Flensburg-Handewitt: Der TVB Stuttgart spielt gro\u00df auf &#8211; TVB Stuttgart: News aus der Handball-Bundesliga"},"content":{"rendered":"<p><strong>Stuttgart. <\/strong> Was f\u00fcr ein Spiel, was f\u00fcr eine grandiose Leistung des Handball-Erstligisten TVB Stuttgart am Pfingstsonntag: Vor 5044 begeisterten Fans in der Porsche-Arena bezwang das Team von Trainer Misha Kaufmann die SG Flensburg-Handewitt verdienterma\u00dfen mit 37:33 (19:16). F\u00fcr den TVB war es der zweite Sieg gegen die Flensburger in der Bundesligageschichte. Die SG musste einen bitteren R\u00fcckschlag einstecken im Duell mit den F\u00fcchsen Berlin um den zweiten Tabellenplatz, der<\/p>\n","protected":false},"excerpt":{"rendered":"Stuttgart. Was f\u00fcr ein Spiel, was f\u00fcr eine grandiose Leistung des Handball-Erstligisten TVB Stuttgart am Pfingstsonntag: Vor 5044&hellip;\n","protected":false},"author":2,"featured_media":1043585,"comment_status":"","ping_status":"","sticky":false,"template":"","format":"standard","meta":{"footnotes":"","_share_on_mastodon":"0"},"categories":[1830],"tags":[4808,1634,3364,29,30,1391,51891,120540,74607,1441,7401],"class_list":["post-1043584","post","type-post","status-publish","format-standard","has-post-thumbnail","category-stuttgart","tag-1-bundesliga","tag-baden-wuerttemberg","tag-de","tag-deutschland","tag-germany","tag-handball","tag-misha-kaufmann","tag-rems-murr-handball","tag-rems-murr-sport","tag-stuttgart","tag-tvb-stuttgart"],"share_on_mastodon":{"url":"https:\/\/pubeurope.com\/@de\/116631157418412125","error":""},"_links":{"self":[{"href":"https:\/\/www.europesays.com\/de\/wp-json\/wp\/v2\/posts\/1043584","targetHints":{"allow":["GET"]}}],"collection":[{"href":"https:\/\/www.europesays.com\/de\/wp-json\/wp\/v2\/posts"}],"about":[{"href":"https:\/\/www.europesays.com\/de\/wp-json\/wp\/v2\/types\/post"}],"author":[{"embeddable":true,"href":"https:\/\/www.europesays.com\/de\/wp-json\/wp\/v2\/users\/2"}],"replies":[{"embeddable":true,"href":"https:\/\/www.europesays.com\/de\/wp-json\/wp\/v2\/comments?post=1043584"}],"version-history":[{"count":0,"href":"https:\/\/www.europesays.com\/de\/wp-json\/wp\/v2\/posts\/1043584\/revisions"}],"wp:featuredmedia":[{"embeddable":true,"href":"https:\/\/www.europesays.com\/de\/wp-json\/wp\/v2\/media\/1043585"}],"wp:attachment":[{"href":"https:\/\/www.europesays.com\/de\/wp-json\/wp\/v2\/media?parent=1043584"}],"wp:term":[{"taxonomy":"category","embeddable":true,"href":"https:\/\/www.europesays.com\/de\/wp-json\/wp\/v2\/categories?post=1043584"},{"taxonomy":"post_tag","embeddable":true,"href":"https:\/\/www.europesays.com\/de\/wp-json\/wp\/v2\/tags?post=1043584"}],"curies":[{"name":"wp","href":"https:\/\/api.w.org\/{rel}","templated":true}]}}