{"id":1043675,"date":"2026-05-24T20:20:52","date_gmt":"2026-05-24T20:20:52","guid":{"rendered":"https:\/\/www.europesays.com\/de\/1043675\/"},"modified":"2026-05-24T20:20:52","modified_gmt":"2026-05-24T20:20:52","slug":"vereinigte-staaten-u17-guatemala-u17-11-04-2013-concacaf-u17-championship-spielbericht","status":"publish","type":"post","link":"https:\/\/www.europesays.com\/de\/1043675\/","title":{"rendered":"Vereinigte Staaten U17 &#8211; Guatemala U17, 11.04.2013 &#8211; CONCACAF U17-Championship &#8211; Spielbericht"},"content":{"rendered":"<p>Vereinigte Staaten U17 &#8211; Guatemala U17, 11.04.2013 &#8211; CONCACAF U17-Championship &#8211; Spielbericht | Transfermarkt<\/p>\n<p>                                    <a href=\"https:\/\/www4.transfermarkt.de\/\" class=\"main-navbar__lp-link \" onclick=\"tmEvent(&#039;hauptnavi&#039;, \" https:=\"\" rel=\"nofollow noopener\" target=\"_blank\"><br \/>\n                        News                    <\/a><br \/>\n                                    <a href=\"https:\/\/www4.transfermarkt.de\/navigation\/transfersundgeruechte\" class=\"main-navbar__lp-link \" onclick=\"tmEvent(&#039;hauptnavi&#039;, \" https:=\"\" ger=\"\" rel=\"nofollow noopener\" target=\"_blank\"><br \/>\n                        Transfers &amp; Ger\u00fcchte                    <\/a><br \/>\n                                    <a href=\"https:\/\/www4.transfermarkt.de\/navigation\/marktwerte\" class=\"main-navbar__lp-link \" onclick=\"tmEvent(&#039;hauptnavi&#039;, \" https:=\"\" rel=\"nofollow noopener\" target=\"_blank\"><br \/>\n                        Marktwerte                    <\/a><br \/>\n                                    <a href=\"https:\/\/www4.transfermarkt.de\/navigation\/wettbewerbe\" class=\"main-navbar__lp-link \" onclick=\"tmEvent(&#039;hauptnavi&#039;, \" https:=\"\" rel=\"nofollow noopener\" target=\"_blank\"><br \/>\n                        Wettbewerbe                    <\/a><br \/>\n                                    <a href=\"https:\/\/www4.transfermarkt.de\/navigation\/statistiken\" class=\"main-navbar__lp-link \" onclick=\"tmEvent(&#039;hauptnavi&#039;, \" https:=\"\" rel=\"nofollow noopener\" target=\"_blank\"><br \/>\n                        Statistiken                    <\/a><br \/>\n                                    <a href=\"https:\/\/www4.transfermarkt.de\/navigation\/community\" class=\"main-navbar__lp-link \" onclick=\"tmEvent(&#039;hauptnavi&#039;, \" https:=\"\" rel=\"nofollow noopener\" target=\"_blank\"><br \/>\n                        Community                    <\/a><br \/>\n                                    <a href=\"https:\/\/www4.transfermarkt.de\/navigation\/gaming\" class=\"main-navbar__lp-link \" onclick=\"tmEvent(&#039;hauptnavi&#039;, \" https:=\"\" rel=\"nofollow noopener\" target=\"_blank\"><br \/>\n                        Gaming                    <\/a><\/p>\n<p>                                    Empfehlungen<\/p>\n<p>                                    F\u00fcr Spielerberater<\/p>\n<p>                                    F\u00fcr Spielerberater<\/p>\n<p>    <a class=\"close-reveal close-icon\" data-close=\"\" aria-label=\"Close modal\"\/><\/p>\n<p>                        <a title=\"Vereinigte Staaten U17Vereinigte Staaten U17\" href=\"https:\/\/www4.transfermarkt.de\/vereinigte-staaten-u17\/startseite\/verein\/25514\/saison_id\/2012\" rel=\"nofollow noopener\" target=\"_blank\"><img decoding=\"async\" src=\"https:\/\/www.europesays.com\/de\/wp-content\/uploads\/2026\/05\/25514_1464192805.png\" title=\"Vereinigte Staaten U17\" alt=\"Vereinigte Staaten U17\" class=\"\"\/><\/a>                    <\/p>\n<p>                        <a title=\"Guatemala U17Guatemala U17\" href=\"https:\/\/www4.transfermarkt.de\/guatemala-u17\/startseite\/verein\/45284\/saison_id\/2012\" rel=\"nofollow noopener\" target=\"_blank\"><img decoding=\"async\" src=\"https:\/\/www.europesays.com\/de\/wp-content\/uploads\/2026\/05\/45284.png\" title=\"Guatemala U17\" alt=\"Guatemala U17\" class=\"\"\/><\/a>                    <\/p>\n<p><a href=\"https:\/\/www.transfermarkt.de\/api\/spielerDerSaison\/tmWahl?cp=L2\" target=\"1\" class=\"db mt10\" onclick=\"tmEvent(&#039;banner&#039;, &#039;https:\/\/www.transfermarkt.de\/api\/spielerDerSaison\/tmWahl?cp=L2&#039;, &#039;d-day-banner&#039;);\" rel=\"nofollow noopener\"><br \/>\n    <img decoding=\"async\" loading=\"lazy\" src=\"https:\/\/www.europesays.com\/de\/wp-content\/uploads\/2026\/05\/pots25262bundesligaDEdesktop.png\" width=\"1034\" height=\"99\" alt=\"deadline-day banner\"\/><br \/>\n<\/a><\/p>\n<p>                    Zeitleiste                <\/p>\n<p>                        <a title=\"Vereinigte Staaten U17\" class=\"sb-vereinslink\" href=\"https:\/\/www4.transfermarkt.de\/vereinigte-staaten-u17\/startseite\/verein\/25514\/saison_id\/2012\" rel=\"nofollow noopener\" target=\"_blank\"><img decoding=\"async\" src=\"https:\/\/www.europesays.com\/de\/wp-content\/uploads\/2026\/05\/1779654048_228_25514_1464192805.png\" title=\"\u00a0\" alt=\"Vereinigte Staaten U17\" class=\"\"\/><\/a>                        <a title=\"Guatemala U17\" class=\"sb-vereinslink\" href=\"https:\/\/www4.transfermarkt.de\/guatemala-u17\/startseite\/verein\/45284\/saison_id\/2012\" rel=\"nofollow noopener\" target=\"_blank\"><img decoding=\"async\" src=\"https:\/\/www.europesays.com\/de\/wp-content\/uploads\/2026\/05\/1779654049_798_45284.png\" title=\"Guatemala U17\" alt=\"Guatemala U17\" class=\"\"\/><\/a>                    <\/p>\n<p>                Formationen            <\/p>\n<p>                    <a title=\"Vereinigte Staaten U17\" href=\"https:\/\/www4.transfermarkt.de\/vereinigte-staaten-u17\/startseite\/verein\/25514\/saison_id\/2012\" rel=\"nofollow noopener\" target=\"_blank\"><img decoding=\"async\" src=\"https:\/\/www.europesays.com\/de\/wp-content\/uploads\/2025\/06\/184.png\" title=\"Vereinigte Staaten U17\" alt=\"Vereinigte Staaten U17\" class=\"flaggenrahmen\"\/><\/a><\/p>\n<p>\n                Startaufstellung: 4-3-3 offensiv            <\/p>\n<p>\n                Ersatzbank            <\/p>\n<p>                            <img decoding=\"async\" src=\"https:\/\/www.europesays.com\/de\/wp-content\/uploads\/2025\/11\/spielfeld_klein.png\" style=\"position: absolute; height: auto; width: 1000px;\" class=\"lazy\"\/><\/p>\n<p>                    <a title=\"Guatemala U17\" href=\"https:\/\/www4.transfermarkt.de\/guatemala-u17\/startseite\/verein\/45284\/saison_id\/2012\" rel=\"nofollow noopener\" target=\"_blank\"><img decoding=\"async\" src=\"https:\/\/www.europesays.com\/de\/wp-content\/uploads\/2026\/05\/58.png\" title=\"Guatemala U17\" alt=\"Guatemala U17\" class=\"flaggenrahmen\"\/><\/a><\/p>\n<p>Widerruf Tracking &amp; Cookies<\/p>\n<p class=\"tm-modal__text\">Du hast erfolgreich deine Einwilligung in die Nutzung unseres Angebots mit Tracking und Cookies widerrufen. Damit entfallen alle Einwilligungen, die du zuvor \u00fcber den (Cookie-) Einwilligungsbanner bzw. \u00fcber den Privacy-Manager erteilt hast. Du kannst dich jetzt erneut zwischen dem Pur-Abo und der Nutzung mit Tracking und Cookies entscheiden. Bitte beachte, dass dieser Widerruf aus technischen Gr\u00fcnden keine Wirksamkeit f\u00fcr sonstige Einwilligungen (z.B. in den Empfang von Newslettern) entfalten kann. Bitte wende dich diesbez\u00fcglich an datenschutz@transfermarkt.de.<\/p>\n","protected":false},"excerpt":{"rendered":"Vereinigte Staaten U17 &#8211; Guatemala U17, 11.04.2013 &#8211; CONCACAF U17-Championship &#8211; Spielbericht | Transfermarkt News Transfers &amp; Ger\u00fcchte&hellip;\n","protected":false},"author":2,"featured_media":8110,"comment_status":"","ping_status":"","sticky":false,"template":"","format":"standard","meta":{"footnotes":"","_share_on_mastodon":"0"},"categories":[3977],"tags":[20566,65259,331,332,223553,223555,223552,13,14,15,223554,12,4017,4018,4016,64,4019,135759,4020],"class_list":["post-1043675","post","type-post","status-publish","format-standard","has-post-thumbnail","category-usa","tag-20566","tag-3-spieltag","tag-aktuelle-nachrichten","tag-aktuelle-news","tag-concacaf-u17-championship","tag-corey-baird","tag-guatemala-u17","tag-headlines","tag-nachrichten","tag-news","tag-saison-12-13","tag-schlagzeilen","tag-united-states","tag-united-states-of-america","tag-us","tag-usa","tag-vereinigte-staaten","tag-vereinigte-staaten-u17","tag-vereinigte-staaten-von-amerika"],"share_on_mastodon":{"url":"https:\/\/pubeurope.com\/@de\/116631418807812723","error":""},"_links":{"self":[{"href":"https:\/\/www.europesays.com\/de\/wp-json\/wp\/v2\/posts\/1043675","targetHints":{"allow":["GET"]}}],"collection":[{"href":"https:\/\/www.europesays.com\/de\/wp-json\/wp\/v2\/posts"}],"about":[{"href":"https:\/\/www.europesays.com\/de\/wp-json\/wp\/v2\/types\/post"}],"author":[{"embeddable":true,"href":"https:\/\/www.europesays.com\/de\/wp-json\/wp\/v2\/users\/2"}],"replies":[{"embeddable":true,"href":"https:\/\/www.europesays.com\/de\/wp-json\/wp\/v2\/comments?post=1043675"}],"version-history":[{"count":0,"href":"https:\/\/www.europesays.com\/de\/wp-json\/wp\/v2\/posts\/1043675\/revisions"}],"wp:featuredmedia":[{"embeddable":true,"href":"https:\/\/www.europesays.com\/de\/wp-json\/wp\/v2\/media\/8110"}],"wp:attachment":[{"href":"https:\/\/www.europesays.com\/de\/wp-json\/wp\/v2\/media?parent=1043675"}],"wp:term":[{"taxonomy":"category","embeddable":true,"href":"https:\/\/www.europesays.com\/de\/wp-json\/wp\/v2\/categories?post=1043675"},{"taxonomy":"post_tag","embeddable":true,"href":"https:\/\/www.europesays.com\/de\/wp-json\/wp\/v2\/tags?post=1043675"}],"curies":[{"name":"wp","href":"https:\/\/api.w.org\/{rel}","templated":true}]}}