{"id":1043741,"date":"2026-05-24T21:09:26","date_gmt":"2026-05-24T21:09:26","guid":{"rendered":"https:\/\/www.europesays.com\/de\/1043741\/"},"modified":"2026-05-24T21:09:26","modified_gmt":"2026-05-24T21:09:26","slug":"hamburg-schwerverletzte-bei-brand-auf-frachtschiff-in-hamburg","status":"publish","type":"post","link":"https:\/\/www.europesays.com\/de\/1043741\/","title":{"rendered":"Hamburg: Schwerverletzte bei Brand auf Frachtschiff in Hamburg"},"content":{"rendered":"<p>Feuer im Hafen <\/p>\n<p>Acht Schwerverletzte bei Brand auf Frachtschiff in Hamburg<\/p>\n<p>Aktualisiert am 24.05.2026 &#8211; 20:15 UhrLesedauer: 1 Min.<\/p>\n<p><a href=\"#focus-0\" class=\"transition-colors duration-200 block text-current relative\" data-sctrack=\"FocusGalleryImage.Reference\"><img fetchpriority=\"high\" data-testid=\"Opener.Image\"   loading=\"eager\" src=\"https:\/\/www.europesays.com\/de\/wp-content\/uploads\/2026\/05\/sieben-der-acht-schwerverletzten-wurden-in-umliegende-krankenhaeuser-transportiert-symbolbild.jpg\" alt=\"Aufruf der Hamburger Feuerwehr\" title=\"Aufruf der Hamburger Feuerwehr\" width=\"2048\" height=\"1152\" class=\"bg-[url:var(--lqipURL)] bg-cover bg-center flex h-full w-full max-w-full\" style=\"--lqipURL:url('https:\/\/images.t-online.de\/2026\/05\/o8Kw6kwHN-NJ\/0x56:2048x1152\/fit-in\/150x0\/filters:blur(25)\/sieben-der-acht-schwerverletzten-wurden-in-umliegende-krankenhaeuser-transportiert-symbolbild.jpg')\" decoding=\"async\"\/><img loading=\"lazy\" src=\"https:\/\/www.t-online.de\/s\/paper\/_next\/static\/media\/zoom-in.f7dae02f.svg\" alt=\"Vergr\u00f6\u00dfern des Bildes\" title=\"Vergr\u00f6\u00dfern des Bildes\" class=\"block h-[calc(var(--height)_\/_16_*_1rem)] w-[calc(var(--width)_\/_16_*_1rem)] max-w-none absolute bottom-8 right-8 rounded-4 bg-snow p-8\" style=\"--width:32;--height:32\" decoding=\"async\"\/><\/a><\/p>\n<p>Sieben der acht Schwerverletzten wurden in umliegende Krankenh\u00e4user transportiert. (Symbolbild) (Quelle: Julian Weber\/dpa\/dpa-bilder)<\/p>\n<p><img loading=\"lazy\" src=\"https:\/\/www.t-online.de\/s\/paper\/_next\/static\/media\/audio-volume.6689034c.svg\" alt=\"\" title=\"\" class=\"block h-[calc(var(--height)_\/_16_*_1rem)] w-[calc(var(--width)_\/_16_*_1rem)] max-w-none group-hover:brightness-0 group-hover:invert\" style=\"--width:16;--height:16\" decoding=\"async\"\/>Vorlesen<\/p>\n<p>Aktuelle Zeit:0:00Gesamtdauer:0:00<\/p>\n<p>1x<\/p>\n<p class=\"text-center\">Jetzt neu bei t-online:<\/p>\n<p class=\"text-center\">Schriftgr\u00f6\u00dfe anpassen!<\/p>\n<p><img loading=\"lazy\" src=\"https:\/\/www.t-online.de\/s\/paper\/_next\/static\/media\/font-sizes.32942e33.svg\" alt=\"\" title=\"\" class=\"block h-[calc(var(--height)_\/_16_*_1rem)] w-[calc(var(--width)_\/_16_*_1rem)] max-w-none group-hover:hidden group-aria-expanded:hidden\" style=\"--width:16;--height:16\" decoding=\"async\"\/><img loading=\"lazy\" src=\"https:\/\/www.t-online.de\/s\/paper\/_next\/static\/media\/font-sizes-dark-mode.e382645c.svg\" alt=\"\" title=\"\" class=\"block h-[calc(var(--height)_\/_16_*_1rem)] w-[calc(var(--width)_\/_16_*_1rem)] max-w-none hidden group-hover:block group-aria-expanded:block\" style=\"--width:16;--height:16\" decoding=\"async\"\/><img loading=\"lazy\" src=\"https:\/\/www.t-online.de\/s\/paper\/_next\/static\/media\/sharing-menu-icon.1eb71368.svg\" alt=\"\" title=\"\" class=\"block h-[calc(var(--height)_\/_16_*_1rem)] w-[calc(var(--width)_\/_16_*_1rem)] max-w-none group-hover:brightness-0 group-hover:invert\" style=\"--width:16;--height:16\" decoding=\"async\"\/>Artikel teilen<\/p>\n<p class=\"font-bold text-18 leading-17 user-text-lg:text-22 user-text-xl:text-24\">Rauch \u00fcber dem Hamburger Hafen: Ein Frachtschiff f\u00e4ngt Feuer, acht Menschen werden schwer verletzt \u2013 darunter ein Feuerwehrmann. 80 Einsatzkr\u00e4fte k\u00e4mpfen stundenlang gegen die Flammen.<\/p>\n<p class=\"text-18 leading-17 user-text-lg:text-22 user-text-xl:text-24\">Bei einem Brand auf einem Frachtschiff im <a class=\"transition-colors duration-200 cursor-pointer text-inherit no-underline text-salemsfur md:hover:text-magenta md:hover:border-magenta md:focus:text-magenta border-current border-b border-solid break-words\" data-tracking=\"{&quot;action&quot;:&quot;click&quot;,&quot;category&quot;:&quot;intextLink&quot;,&quot;label&quot;:&quot;\/themen\/hamburger-hafen\/&quot;}\" href=\"https:\/\/www.t-online.de\/themen\/hamburger-hafen\/\" data-sctrack=\"BodyAnchor\" rel=\"nofollow noopener\" target=\"_blank\">Hamburger Hafen<\/a> sind acht Menschen schwer verletzt worden. Sieben Verletzte seien in Krankenh\u00e4user gebracht worden, teilte die Feuerwehr mit. Unter den Schwerverletzten sei auch ein Feuerwehrmann. Eine weitere Person sei nach not\u00e4rztlicher Behandlung an der Einsatzstelle geblieben.<\/p>\n<p class=\"text-18 leading-17 user-text-lg:text-22 user-text-xl:text-24\">Das Feuer brach den Angaben zufolge am Nachmittag im Lagerbereich des rund 90 Meter langen Schiffs am Hamburger Hafen aus. Beim Eintreffen der ersten Einsatzkr\u00e4fte sei Rauch aus dem Heckbereich des Schiffs aufgestiegen. Die Besatzung habe zu diesem Zeitpunkt bereits mit ersten L\u00f6schma\u00dfnahmen begonnen.<\/p>\n<p>Gro\u00dfeinsatz der Feuerwehr<\/p>\n<p class=\"text-18 leading-17 user-text-lg:text-22 user-text-xl:text-24\">Insgesamt waren Berufsfeuerwehr, Freiwillige Feuerwehr und Rettungsdienst mit rund 80 Einsatzkr\u00e4ften etwa drei Stunden vor Ort. Die Feuerwehr bek\u00e4mpfte das Feuer unter Atemschutz. Die Wasserversorgung erfolgte unter anderem \u00fcber ein Feuerl\u00f6schboot. Taucher sicherten die Einsatzkr\u00e4fte zus\u00e4tzlich ab.<\/p>\n<p class=\"text-18 leading-17 user-text-lg:text-22 user-text-xl:text-24\">Nach dem L\u00f6schen folgten Nachl\u00f6scharbeiten und Kontrollen. Messungen h\u00e4tten keine kritischen Temperaturen mehr ergeben. Nach Abschluss der L\u00f6scharbeiten \u00fcbergab die Feuerwehr die Einsatzstelle an die Polizei, die die Brandursache ermittelt.<\/p>\n","protected":false},"excerpt":{"rendered":"Feuer im Hafen Acht Schwerverletzte bei Brand auf Frachtschiff in Hamburg Aktualisiert am 24.05.2026 &#8211; 20:15 UhrLesedauer: 1&hellip;\n","protected":false},"author":2,"featured_media":1043742,"comment_status":"","ping_status":"","sticky":false,"template":"","format":"standard","meta":{"footnotes":"","_share_on_mastodon":"0"},"categories":[1826],"tags":[1434,29,2540,985,107924,30,692,1989],"class_list":["post-1043741","post","type-post","status-publish","format-standard","has-post-thumbnail","category-hamburg","tag-1434","tag-deutschland","tag-einsatzkraft","tag-feuerwehr","tag-frachtschiff","tag-germany","tag-hamburg","tag-hamburger-hafen"],"share_on_mastodon":{"url":"https:\/\/pubeurope.com\/@de\/116631605998238447","error":""},"_links":{"self":[{"href":"https:\/\/www.europesays.com\/de\/wp-json\/wp\/v2\/posts\/1043741","targetHints":{"allow":["GET"]}}],"collection":[{"href":"https:\/\/www.europesays.com\/de\/wp-json\/wp\/v2\/posts"}],"about":[{"href":"https:\/\/www.europesays.com\/de\/wp-json\/wp\/v2\/types\/post"}],"author":[{"embeddable":true,"href":"https:\/\/www.europesays.com\/de\/wp-json\/wp\/v2\/users\/2"}],"replies":[{"embeddable":true,"href":"https:\/\/www.europesays.com\/de\/wp-json\/wp\/v2\/comments?post=1043741"}],"version-history":[{"count":0,"href":"https:\/\/www.europesays.com\/de\/wp-json\/wp\/v2\/posts\/1043741\/revisions"}],"wp:featuredmedia":[{"embeddable":true,"href":"https:\/\/www.europesays.com\/de\/wp-json\/wp\/v2\/media\/1043742"}],"wp:attachment":[{"href":"https:\/\/www.europesays.com\/de\/wp-json\/wp\/v2\/media?parent=1043741"}],"wp:term":[{"taxonomy":"category","embeddable":true,"href":"https:\/\/www.europesays.com\/de\/wp-json\/wp\/v2\/categories?post=1043741"},{"taxonomy":"post_tag","embeddable":true,"href":"https:\/\/www.europesays.com\/de\/wp-json\/wp\/v2\/tags?post=1043741"}],"curies":[{"name":"wp","href":"https:\/\/api.w.org\/{rel}","templated":true}]}}