{"id":1043842,"date":"2026-05-24T22:12:33","date_gmt":"2026-05-24T22:12:33","guid":{"rendered":"https:\/\/www.europesays.com\/de\/1043842\/"},"modified":"2026-05-24T22:12:33","modified_gmt":"2026-05-24T22:12:33","slug":"blackout-nuernberg-feuerwehr-erklaert-wo-buerger-infos-und-hilfe-bekommen","status":"publish","type":"post","link":"https:\/\/www.europesays.com\/de\/1043842\/","title":{"rendered":"Blackout N\u00fcrnberg: Feuerwehr erkl\u00e4rt, wo B\u00fcrger Infos und Hilfe bekommen"},"content":{"rendered":"<p>Feuerwehr gibt Tipps <\/p>\n<p>Blackout in N\u00fcrnberg? Was B\u00fcrger im Ernstfall wissen sollten<\/p>\n<ul class=\"grid grid-flow-col gap-4\" aria-label=\"Autorenbilder\">\n<li class=\"leading-0\"><img data-tb-author-image=\"\"  loading=\"lazy\" src=\"https:\/\/www.europesays.com\/de\/wp-content\/uploads\/2025\/11\/1764485653_271_image.jpg\" alt=\"\" title=\"\" width=\"40\" height=\"40\" class=\"\" decoding=\"async\"\/><\/li>\n<\/ul>\n<p>Aktualisiert am 24.05.2026 &#8211; 22:49 UhrLesedauer: 2 Min.<\/p>\n<p><a href=\"#focus-0\" class=\"transition-colors duration-200 block text-current relative\" data-sctrack=\"FocusGalleryImage.Reference\"><img fetchpriority=\"high\" data-testid=\"Opener.Image\"   loading=\"eager\" src=\"https:\/\/www.europesays.com\/de\/wp-content\/uploads\/2026\/05\/1779660750_852_image.jpg\" alt=\"1471566023\" title=\"1471566023\" width=\"3120\" height=\"1755\" class=\"bg-[url:var(--lqipURL)] bg-cover bg-center flex h-full w-full max-w-full\" style=\"--lqipURL:url('https:\/\/images.t-online.de\/2026\/05\/9rFFPllfH4Pi\/0x163:3120x1755\/fit-in\/150x0\/filters:blur(25)\/image.jpg')\" decoding=\"async\"\/><img loading=\"lazy\" src=\"https:\/\/nuernberg.t-online.de\/s\/paper\/_next\/static\/media\/zoom-in.f7dae02f.svg\" alt=\"Vergr\u00f6\u00dfern des Bildes\" title=\"Vergr\u00f6\u00dfern des Bildes\" class=\"block h-[calc(var(--height)_\/_16_*_1rem)] w-[calc(var(--width)_\/_16_*_1rem)] max-w-none absolute bottom-8 right-8 rounded-4 bg-snow p-8\" style=\"--width:32;--height:32\" decoding=\"async\"\/><\/a><\/p>\n<p>Taschenlampe und Radio (Symbolbild): Was soll man bei einem kompletten Stromausfall tun? (Quelle: shironagasukujira\/getty-images-bilder)<\/p>\n<p><img loading=\"lazy\" src=\"https:\/\/nuernberg.t-online.de\/s\/paper\/_next\/static\/media\/audio-volume.6689034c.svg\" alt=\"\" title=\"\" class=\"block h-[calc(var(--height)_\/_16_*_1rem)] w-[calc(var(--width)_\/_16_*_1rem)] max-w-none group-hover:brightness-0 group-hover:invert\" style=\"--width:16;--height:16\" decoding=\"async\"\/>Vorlesen<\/p>\n<p>Aktuelle Zeit:0:00Gesamtdauer:0:00<\/p>\n<p>1x<\/p>\n<p class=\"text-center\">Jetzt neu bei t-online:<\/p>\n<p class=\"text-center\">Schriftgr\u00f6\u00dfe anpassen!<\/p>\n<p><img loading=\"lazy\" src=\"https:\/\/nuernberg.t-online.de\/s\/paper\/_next\/static\/media\/font-sizes.32942e33.svg\" alt=\"\" title=\"\" class=\"block h-[calc(var(--height)_\/_16_*_1rem)] w-[calc(var(--width)_\/_16_*_1rem)] max-w-none group-hover:hidden group-aria-expanded:hidden\" style=\"--width:16;--height:16\" decoding=\"async\"\/><img loading=\"lazy\" src=\"https:\/\/nuernberg.t-online.de\/s\/paper\/_next\/static\/media\/font-sizes-dark-mode.e382645c.svg\" alt=\"\" title=\"\" class=\"block h-[calc(var(--height)_\/_16_*_1rem)] w-[calc(var(--width)_\/_16_*_1rem)] max-w-none hidden group-hover:block group-aria-expanded:block\" style=\"--width:16;--height:16\" decoding=\"async\"\/><img loading=\"lazy\" src=\"https:\/\/nuernberg.t-online.de\/s\/paper\/_next\/static\/media\/sharing-menu-icon.1eb71368.svg\" alt=\"\" title=\"\" class=\"block h-[calc(var(--height)_\/_16_*_1rem)] w-[calc(var(--width)_\/_16_*_1rem)] max-w-none group-hover:brightness-0 group-hover:invert\" style=\"--width:16;--height:16\" decoding=\"async\"\/>Artikel teilen<\/p>\n<p class=\"font-bold text-18 leading-17 user-text-lg:text-22 user-text-xl:text-24\">N\u00fcrnberg probt den Ernstfall: Ein Blackout kann Kommunikation, W\u00e4rme und Versorgung abrupt lahmlegen. Das st\u00e4dtische Konzept setzt auf feste Anlaufstellen f\u00fcr Hilfe und Infos.<\/p>\n<p class=\"text-18 leading-17 user-text-lg:text-22 user-text-xl:text-24\">Ein pl\u00f6tzlicher Stromausfall kann mehr lahmlegen als nur das Licht. Telefonnetze brechen zusammen, Notrufe sind wom\u00f6glich nicht erreichbar, Heizungen bleiben kalt, Wasser flie\u00dft nicht mehr durch die Leitungen. F\u00fcr solche Szenarien hat N\u00fcrnbergs Stadtspitze ein umfangreiches Konzept entwickelt. Es beruht auf einer zentralen Botschaft: Wer Hilfe braucht, muss wissen, wo er sie im Ernstfall bekommt. <a class=\"transition-colors duration-200 cursor-pointer text-inherit no-underline text-salemsfur md:hover:text-magenta md:hover:border-magenta md:focus:text-magenta border-current border-b border-solid break-words\" data-tracking=\"{&quot;action&quot;:&quot;click&quot;,&quot;category&quot;:&quot;intextLink&quot;,&quot;label&quot;:&quot;\/region\/nuernberg\/id_101214028\/nuernberg-im-stress-test-was-passiert-wenn-der-strom-weg-ist-.html&quot;}\" href=\"https:\/\/nuernberg.t-online.de\/region\/nuernberg\/id_101214028\/nuernberg-im-stress-test-was-passiert-wenn-der-strom-weg-ist-.html\" data-sctrack=\"BodyAnchor\" rel=\"nofollow noopener\" target=\"_blank\">Das \u00fcbten alle beteiligten Kr\u00e4fte Anfang Mai unter dem Stichwort &#8222;BlackNoris 2026&#8220; gro\u00dffl\u00e4chig in der Stadt<\/a>.<\/p>\n<p class=\"text-18 leading-17 user-text-lg:text-22 user-text-xl:text-24\">F\u00fcr solche Lagen gibt es in N\u00fcrnberg ein Konzept mit sogenannten Leuchtt\u00fcrmen. Das sind Anlaufstellen, an denen B\u00fcrger Hilfe holen und Informationen bekommen k\u00f6nnen. &#8222;Wenn denn so ein Szenario in N\u00fcrnberg passiert, dann gehen diese Leuchtt\u00fcrme in Betrieb&#8220;, sagt Ren\u00e9 Kleemeier, Kommandant der Freiwilligen Feuerwehr Moorenbrunn. Als Leuchtt\u00fcrme gelten dann ausgew\u00e4hlte Geb\u00e4ude der Feuerwehr, der Polizei, des THW und anderer Hilfsorganisationen.<\/p>\n<p><a href=\"#focus-1\" class=\"transition-colors duration-200 block text-current relative\" data-sctrack=\"FocusGalleryImage.Reference\"><img   loading=\"lazy\" src=\"https:\/\/www.europesays.com\/de\/wp-content\/uploads\/2026\/05\/einsatzkleidung-der-freiwilligen-feuerwehr-moorenbrunn-die-kann-dank-neuem-anbau-bald-in-einem-eigen.jpeg\" alt=\"Einsatzkleidung der Freiwilligen Feuerwehr Moorenbrunn: Die kann dank neuem Anbau bald in einem eigenen Umkleideraum angelegt werden.\" title=\"Einsatzkleidung der Freiwilligen Feuerwehr Moorenbrunn: Die kann dank neuem Anbau bald in einem eigenen Umkleideraum angelegt werden.\" width=\"1920\" height=\"1080\" class=\"h-full w-full max-w-full rounded-8\" decoding=\"async\"\/><img loading=\"lazy\" src=\"https:\/\/nuernberg.t-online.de\/s\/paper\/_next\/static\/media\/zoom-in.f7dae02f.svg\" alt=\"Vergr\u00f6\u00dfern des Bildes\" title=\"Vergr\u00f6\u00dfern des Bildes\" class=\"block h-[calc(var(--height)_\/_16_*_1rem)] w-[calc(var(--width)_\/_16_*_1rem)] max-w-none absolute bottom-8 right-8 rounded-4 bg-snow p-8\" style=\"--width:32;--height:32\" decoding=\"async\"\/>Einsatzkleidung der Freiwilligen Feuerwehr Moorenbrunn: Allzeit bereit. (Quelle: Freiwillige Feuerwehr Moorenbrunn)<\/a><\/p>\n<p class=\"text-18 leading-17 user-text-lg:text-22 user-text-xl:text-24\">Ein Leuchtturm ist auch das Ger\u00e4tehaus der Freiwilligen Feuerwehr in Moorenbrunn im S\u00fcdosten N\u00fcrnbergs. Sollte es zu Notlagen kommen, k\u00f6nnen sich die Menschen in diesem Stadtteil dorthin wenden. Es sind dann geschulte Kr\u00e4fte vor Ort, die weiterhelfen und Informationen aus erster Hand weitergeben. Die Standorte dienen prim\u00e4r als Informationspunkte, nicht jedoch als Unterk\u00fcnfte oder Versorgungsorte, betonen die Verantwortlichen.<\/p>\n<p class=\"text-18 leading-17 user-text-lg:text-22 user-text-xl:text-24\">Auch technisch sind die Standorte vorbereitet. In Moorenbrunn verf\u00fcgt das Feuerwehrhaus \u00fcber eine eigene Notstromversorgung. &#8222;Damit k\u00f6nnen wir uns selbst versorgen&#8220;, sagt Kleemeier. Damit werde die Wache nicht nur sprichw\u00f6rtlich eine &#8222;Insel im dunklen Stadtteil&#8220;.<\/p>\n<p class=\"text-18 leading-17 user-text-lg:text-22 user-text-xl:text-24\"><a rel=\"nofollow noopener\" target=\"_blank\" class=\"transition-colors duration-200 cursor-pointer text-inherit no-underline text-salemsfur md:hover:text-magenta md:hover:border-magenta md:focus:text-magenta border-current border-b border-solid break-words\" data-tracking=\"{&quot;action&quot;:&quot;click&quot;,&quot;category&quot;:&quot;intextLink&quot;,&quot;label&quot;:&quot;https:\/\/www.nuernberg.de\/internet\/notfallvorsorge_katastrophenschutz\/katastrophenschutz_leuchttuerme.html&quot;}\" href=\"https:\/\/www.nuernberg.de\/internet\/notfallvorsorge_katastrophenschutz\/katastrophenschutz_leuchttuerme.html\" data-sctrack=\"BodyAnchor\">Hier findet sich eine Liste mit allen 43 Leuchtt\u00fcrmen im Stadtgebiet<\/a> \u2013 f\u00fcr jeden Stadtteil gibt es eine Anlaufstelle.<\/p>\n<p>Was im Ernstfall zu tun ist: Ruhe bewahren und informieren<\/p>\n<p class=\"text-18 leading-17 user-text-lg:text-22 user-text-xl:text-24\">Stefan Lauber, Sachgebietsleitung Bev\u00f6lkerungsschutz N\u00fcrnberg, sagt, dass ein Stromausfall nicht automatisch eine gro\u00dffl\u00e4chige Krise bedeute. &#8222;Der B\u00fcrger soll zun\u00e4chst einmal Ruhe bewahren&#8220;, sagt er im Gespr\u00e4ch mit der N\u00fcrnberger Lokalredaktion von t-online. H\u00e4ufig handele es sich zun\u00e4chst um lokale oder zeitlich begrenzte St\u00f6rungen. Wichtig sei es, Informationen einzuholen, etwa \u00fcber Radio oder offizielle Kan\u00e4le, sofern diese noch verf\u00fcgbar seien. Gleichzeitig appelliert Lauber, auch im direkten Umfeld aufmerksam zu bleiben und sich gegenseitig zu unterst\u00fctzen.<\/p>\n<p class=\"text-18 leading-17 user-text-lg:text-22 user-text-xl:text-24\">Lauber r\u00e4t den B\u00fcrgern, sich unabh\u00e4ngig von konkreten Ereignissen auf m\u00f6gliche Ausnahmesituationen vorzubereiten. Orientierung bieten die <a rel=\"nofollow noopener\" target=\"_blank\" class=\"transition-colors duration-200 cursor-pointer text-inherit no-underline text-salemsfur md:hover:text-magenta md:hover:border-magenta md:focus:text-magenta border-current border-b border-solid break-words\" data-tracking=\"{&quot;action&quot;:&quot;click&quot;,&quot;category&quot;:&quot;intextLink&quot;,&quot;label&quot;:&quot;https:\/\/www.bbk.bund.de\/DE\/Warnung-Vorsorge\/warnung-vorsorge_node.html&quot;}\" href=\"https:\/\/www.bbk.bund.de\/DE\/Warnung-Vorsorge\/warnung-vorsorge_node.html\" data-sctrack=\"BodyAnchor\">Empfehlungen des Bundesamts f\u00fcr Bev\u00f6lkerungsschutz<\/a>. Demnach sollten Haushalte etwa mit Wasser, haltbaren Lebensmitteln, Taschenlampen, einem Radio, Bargeld, Medikamenten und Verbandsmaterial so ausgestattet sein, dass sie f\u00fcr ein bis zwei Tage ohne externe Versorgung auskommen k\u00f6nnen.<\/p>\n","protected":false},"excerpt":{"rendered":"Feuerwehr gibt Tipps Blackout in N\u00fcrnberg? Was B\u00fcrger im Ernstfall wissen sollten Aktualisiert am 24.05.2026 &#8211; 22:49 UhrLesedauer:&hellip;\n","protected":false},"author":2,"featured_media":1043843,"comment_status":"","ping_status":"","sticky":false,"template":"","format":"standard","meta":{"footnotes":"","_share_on_mastodon":"0"},"categories":[1837],"tags":[96813,43487,772,6424,3364,29,11391,985,2774,30,223578,3783,121,223579,223580,226,7540],"class_list":["post-1043842","post","type-post","status-publish","format-standard","has-post-thumbnail","category-nuernberg","tag-taschenlampe","tag-anlaufstelle","tag-bayern","tag-blackout","tag-de","tag-deutschland","tag-ernstfall","tag-feuerwehr","tag-freiwillige-feuerwehr","tag-germany","tag-moorenbrunn","tag-nuernberg","tag-polizei","tag-rene-kleemeier","tag-stefan-lauber","tag-t-online","tag-thw"],"share_on_mastodon":{"url":"https:\/\/pubeurope.com\/@de\/116631853875887750","error":""},"_links":{"self":[{"href":"https:\/\/www.europesays.com\/de\/wp-json\/wp\/v2\/posts\/1043842","targetHints":{"allow":["GET"]}}],"collection":[{"href":"https:\/\/www.europesays.com\/de\/wp-json\/wp\/v2\/posts"}],"about":[{"href":"https:\/\/www.europesays.com\/de\/wp-json\/wp\/v2\/types\/post"}],"author":[{"embeddable":true,"href":"https:\/\/www.europesays.com\/de\/wp-json\/wp\/v2\/users\/2"}],"replies":[{"embeddable":true,"href":"https:\/\/www.europesays.com\/de\/wp-json\/wp\/v2\/comments?post=1043842"}],"version-history":[{"count":0,"href":"https:\/\/www.europesays.com\/de\/wp-json\/wp\/v2\/posts\/1043842\/revisions"}],"wp:featuredmedia":[{"embeddable":true,"href":"https:\/\/www.europesays.com\/de\/wp-json\/wp\/v2\/media\/1043843"}],"wp:attachment":[{"href":"https:\/\/www.europesays.com\/de\/wp-json\/wp\/v2\/media?parent=1043842"}],"wp:term":[{"taxonomy":"category","embeddable":true,"href":"https:\/\/www.europesays.com\/de\/wp-json\/wp\/v2\/categories?post=1043842"},{"taxonomy":"post_tag","embeddable":true,"href":"https:\/\/www.europesays.com\/de\/wp-json\/wp\/v2\/tags?post=1043842"}],"curies":[{"name":"wp","href":"https:\/\/api.w.org\/{rel}","templated":true}]}}