{"id":1043946,"date":"2026-05-24T23:21:21","date_gmt":"2026-05-24T23:21:21","guid":{"rendered":"https:\/\/www.europesays.com\/de\/1043946\/"},"modified":"2026-05-24T23:21:21","modified_gmt":"2026-05-24T23:21:21","slug":"trainer-mitch-kniat-verlaesst-arminia-bielefeld","status":"publish","type":"post","link":"https:\/\/www.europesays.com\/de\/1043946\/","title":{"rendered":"Trainer Mitch Kniat verl\u00e4sst Arminia Bielefeld"},"content":{"rendered":"<p>Bielefeld &#8211; Nach drei Jahren beenden der DSC Arminia Bielefeld und Cheftrainer Mitch Kniat die Zusammenarbeit nach der abgelaufenen Saison.<\/p>\n<p>Beide Parteien einigten sich &#8222;nach umfangreichen Analysen und tiefgehenden Gespr\u00e4chen einvernehmlich&#8220;, teilte der Zweitligist am Samstag mit. Neben Mitch Kniat werden auch die Co-Trainer Dani Jara und Janik Steringer den Verein verlassen.<\/p>\n<p>&#8222;Es waren sehr intensive und pr\u00e4gende Jahre, in denen wir gemeinsam sehr viel erreicht und Stadt sowie Verein mit herausragenden Erfolgen begeistert haben&#8220;, erkl\u00e4rte Sport-Gesch\u00e4ftsf\u00fchrer Michael Mutzel. &#8222;Es spricht f\u00fcr unsere vertrauensvolle Zusammenarbeit \u00fcber die gesamte Zeit und auch jetzt, dass wir offen und ehrlich miteinander \u00fcber unsere aktuellen Einsch\u00e4tzungen sprechen konnten &#8211; so, wie wir es in der Vergangenheit immer getan haben.&#8220;<\/p>\n<p>&#8222;Nach mehreren Gespr\u00e4chen und der gemeinsamen Analyse haben wir uns auch \u00fcber die weiteren Entwicklungsschritte ausgetauscht und festgestellt, dass wir bei der Zukunftsplanung nicht deckungsgleich sind. Daraus resultierend sind wir dann \u00fcbereinstimmend zu dem Ergebnis gekommen, dass es besser ist, die Zusammenarbeit mit dem positiven Saisonabschluss und dem Erfolg des Klassenerhaltes zu beenden. Auch wenn es immer schade ist, wenn eine fantastische und von vielen tollen Erlebnissen gepr\u00e4gte Zeit endet, bleibt der Stolz f\u00fcr das Erreichte&#8220;, so Mutzel.<\/p>\n<p>&#8222;Wir haben in den vergangenen drei Jahren viele emotionale und intensive Momente erlebt. Unvergessen bleiben ganz sicher der Aufstieg als Meister und das Erreichen des Endspiels im DFB-Pokal mit Arminia Bielefeld. Dass wir in dieser Saison den Klassenerhalt geschafft haben, ist ein Erfolg, auf den wir alle stolz sein k\u00f6nnen. Wenn man sich an den Ausgangspunkt unserer Arbeit vor drei Jahren zur\u00fcckerinnert, dann ist es einfach sensationell, welche Erfolge wir alle bis heute feiern konnten. Ich bin dankbar f\u00fcr diese Zeit und m\u00f6chte mich bei allen Mitarbeitern, Verantwortlichen, dem gesamten Staff, unseren Fans und nat\u00fcrlich bei meinen Spielern bedanken. Es war mir jeden Tag eine Freude und eine besondere Erfahrung, f\u00fcr diesen Traditionsverein zu arbeiten&#8220;, sagte Mitch Kniat.<\/p>\n<p>&#8222;Eine unserer St\u00e4rken war immer, zu einhundert Prozent einen gemeinsamen Plan und Weg verfolgt zu haben. Mit Blick auf die zuk\u00fcnftige Entwicklung und Priorisierung haben wir festgestellt, dass Schnittmengen kleiner geworden sind und eine neue Ausrichtung f\u00fcr beide Seiten der richtige Schritt ist. Wer mich kennt, wei\u00df, dass ich dem Club und diesem fu\u00dfballverr\u00fcckten Umfeld nur das Beste w\u00fcnsche, und ich bin mir sicher, dass man sich im Fu\u00dfball immer wieder treffen wird.&#8220;<\/p>\n<p>Kniat hatte die Mannschaft im Sommer 2023 \u00fcbernommen. Im ersten Jahr nach dem Abstieg in die 3. Liga gelang der Klassenerhalt. Im Folgejahr stieg Arminia als Meister der Saison 2024\/25 in die 2. Bundesliga auf und erreichte parallel das Finale des DFB-Pokals (2:4 gegen den VfB Stuttgart). Die dritte Spielzeit schloss der DSC als Tabellen-13. mit dem Klassenerhalt in der neuen Spielklasse ab. Beim Spiel gegen Hertha BSC stand Kniat zum 132. und vorerst letzten Mal in einem Pflichtspiel an der Seitenlinie der Ostwestfalen.<\/p>\n","protected":false},"excerpt":{"rendered":"Bielefeld &#8211; Nach drei Jahren beenden der DSC Arminia Bielefeld und Cheftrainer Mitch Kniat die Zusammenarbeit nach der&hellip;\n","protected":false},"author":2,"featured_media":4508,"comment_status":"","ping_status":"","sticky":false,"template":"","format":"standard","meta":{"footnotes":"","_share_on_mastodon":"0"},"categories":[1841],"tags":[26504,1605,3364,29,30,96263,143929,1209,5843,223589],"class_list":["post-1043946","post","type-post","status-publish","format-standard","has-post-thumbnail","category-bielefeld","tag-arminia","tag-bielefeld","tag-de","tag-deutschland","tag-germany","tag-kniat","tag-mitch","tag-nordrhein-westfalen","tag-trainer","tag-verlsst"],"share_on_mastodon":{"url":"https:\/\/pubeurope.com\/@de\/116632124934676634","error":""},"_links":{"self":[{"href":"https:\/\/www.europesays.com\/de\/wp-json\/wp\/v2\/posts\/1043946","targetHints":{"allow":["GET"]}}],"collection":[{"href":"https:\/\/www.europesays.com\/de\/wp-json\/wp\/v2\/posts"}],"about":[{"href":"https:\/\/www.europesays.com\/de\/wp-json\/wp\/v2\/types\/post"}],"author":[{"embeddable":true,"href":"https:\/\/www.europesays.com\/de\/wp-json\/wp\/v2\/users\/2"}],"replies":[{"embeddable":true,"href":"https:\/\/www.europesays.com\/de\/wp-json\/wp\/v2\/comments?post=1043946"}],"version-history":[{"count":0,"href":"https:\/\/www.europesays.com\/de\/wp-json\/wp\/v2\/posts\/1043946\/revisions"}],"wp:featuredmedia":[{"embeddable":true,"href":"https:\/\/www.europesays.com\/de\/wp-json\/wp\/v2\/media\/4508"}],"wp:attachment":[{"href":"https:\/\/www.europesays.com\/de\/wp-json\/wp\/v2\/media?parent=1043946"}],"wp:term":[{"taxonomy":"category","embeddable":true,"href":"https:\/\/www.europesays.com\/de\/wp-json\/wp\/v2\/categories?post=1043946"},{"taxonomy":"post_tag","embeddable":true,"href":"https:\/\/www.europesays.com\/de\/wp-json\/wp\/v2\/tags?post=1043946"}],"curies":[{"name":"wp","href":"https:\/\/api.w.org\/{rel}","templated":true}]}}