{"id":1044157,"date":"2026-05-25T01:41:17","date_gmt":"2026-05-25T01:41:17","guid":{"rendered":"https:\/\/www.europesays.com\/de\/1044157\/"},"modified":"2026-05-25T01:41:17","modified_gmt":"2026-05-25T01:41:17","slug":"hamburg-mann-an-hamburger-sternschanze-mit-glasflasche-attackiert-2","status":"publish","type":"post","link":"https:\/\/www.europesays.com\/de\/1044157\/","title":{"rendered":"Hamburg: Mann an Hamburger Sternschanze mit Glasflasche attackiert"},"content":{"rendered":"<p>Quelle: dpa Hamburg\/Schleswig-Holstein<br \/>\n        24. Mai 2026, 23:47 Uhr\n    <\/p>\n<p>        Hinweis<\/p>\n<p class=\"article-notice__text\">DIE ZEIT hat diese Meldung redaktionell nicht bearbeitet. Sie wurde automatisch von der Deutschen Presse-Agentur (dpa) \u00fcbernommen.<\/p>\n<p>            <img decoding=\"async\" class=\"article__media-item\" src=\"https:\/\/www.europesays.com\/de\/wp-content\/uploads\/2026\/05\/1779673277_268_wide__660x371.jpeg\" alt=\"Hamburg: Ein Tatverd\u00e4chtiger wurde festgenommen - drei weitere werden gesucht (Symbolbild).\"\/><\/p>\n<p>                    Ein Tatverd\u00e4chtiger wurde festgenommen &#8211; drei weitere werden gesucht (Symbolbild).<br \/>\n            \u00a9\u00a0Christian Charisius\/\u200bdpa<\/p>\n<p class=\"paragraph article__item\">Bei einem Angriff mit einer Glasflasche ist ein Mann am Hamburger Bahnhof Sternschanze schwer verletzt worden. Ein mutma\u00dflicher T\u00e4ter wurde festgenommen, drei weitere Tatverd\u00e4chtige sind noch auf der Flucht, wie die <a class=\"rtr-entity\" href=\"https:\/\/www.zeit.de\/thema\/polizei\" rel=\"nofollow noopener\" target=\"_blank\">Polizei<\/a> mitteilte. Es werde wegen gef\u00e4hrlicher K\u00f6rperverletzung ermittelt.\n<\/p>\n<p>Aktuelles<\/p>\n<p>                <a href=\"https:\/\/www.zeit.de\/politik\/ausland\/2026-04\/korrespondentendinner-washington-schuesse-donald-trump-gxe\" data-ct-label=\"Korrespondentendinner des Wei\u00dfen Hauses: Was \u00fcber die Sch\u00fcsse beim Korrespondentendinner bekannt ist\" data-uuid=\"e9a26e67-8965-4314-b296-0a37d5a20cba\" rel=\"nofollow noopener\" target=\"_blank\"><\/p>\n<p>        Z+ (abopflichtiger Inhalt);<\/p>\n<p>    Korrespondentendinner des Wei\u00dfen Hauses:<br \/>\n                        Was \u00fcber die Sch\u00fcsse beim Korrespondentendinner bekannt ist<\/p>\n<p>                <\/a><\/p>\n<p>                <a href=\"https:\/\/www.zeit.de\/gesellschaft\/zeitgeschehen\/2026-04\/london-messerangriff-juedisches-viertel-golders-green\" data-ct-label=\"London: Mann sticht mehrere Menschen in einem j\u00fcdischen Viertel Londons nieder\" data-uuid=\"75bb7d5b-b7c3-49b6-bcf5-eac2e2889009\" rel=\"nofollow noopener\" target=\"_blank\"><\/p>\n<p>                        London:<br \/>\n                        Mann sticht mehrere Menschen in einem j\u00fcdischen Viertel Londons nieder<\/p>\n<p>                <\/a><\/p>\n<p>                <a href=\"https:\/\/www.zeit.de\/gesellschaft\/zeitgeschehen\/2026-05\/leipzig-tatverdaechtiger-polizei-bekannt-tote\" data-ct-label=\"Mutma\u00dfliche Amokfahrt in Leipzig: Tatverd\u00e4chtiger von Leipzig war der Polizei bekannt\" data-uuid=\"49c20c17-8f04-4fda-95a1-abafa1dd4dda\" rel=\"nofollow noopener\" target=\"_blank\"><\/p>\n<p>                        Mutma\u00dfliche Amokfahrt in Leipzig:<br \/>\n                        Tatverd\u00e4chtiger von Leipzig war der Polizei bekannt<\/p>\n<p>                <\/a><\/p>\n<p class=\"paragraph article__item\">Am Nachmittag habe es eine Auseinandersetzung zwischen dem Mann und den vier Personen gegeben. Er sei mit einer Glasflasche bedroht worden &#8211; bei einem Angriff sei diese dann gebrochen und habe die Verletzungen verursacht. Der Verletzte wurde ins Krankenhaus gebracht. Sein aktueller Zustand sei stabil, teilte die Polizei mit.\n<\/p>\n<p class=\"paragraph article__item\">\u00a9 dpa-infocom, dpa:260524-930-124773\/1<\/p>\n","protected":false},"excerpt":{"rendered":"Quelle: dpa Hamburg\/Schleswig-Holstein 24. Mai 2026, 23:47 Uhr Hinweis DIE ZEIT hat diese Meldung redaktionell nicht bearbeitet. Sie&hellip;\n","protected":false},"author":2,"featured_media":1044158,"comment_status":"","ping_status":"","sticky":false,"template":"","format":"standard","meta":{"footnotes":"","_share_on_mastodon":"0"},"categories":[1826],"tags":[29,30,692,15,121,104063],"class_list":["post-1044157","post","type-post","status-publish","format-standard","has-post-thumbnail","category-hamburg","tag-deutschland","tag-germany","tag-hamburg","tag-news","tag-polizei","tag-sternschanze"],"share_on_mastodon":{"url":"https:\/\/pubeurope.com\/@de\/116632675044417798","error":""},"_links":{"self":[{"href":"https:\/\/www.europesays.com\/de\/wp-json\/wp\/v2\/posts\/1044157","targetHints":{"allow":["GET"]}}],"collection":[{"href":"https:\/\/www.europesays.com\/de\/wp-json\/wp\/v2\/posts"}],"about":[{"href":"https:\/\/www.europesays.com\/de\/wp-json\/wp\/v2\/types\/post"}],"author":[{"embeddable":true,"href":"https:\/\/www.europesays.com\/de\/wp-json\/wp\/v2\/users\/2"}],"replies":[{"embeddable":true,"href":"https:\/\/www.europesays.com\/de\/wp-json\/wp\/v2\/comments?post=1044157"}],"version-history":[{"count":0,"href":"https:\/\/www.europesays.com\/de\/wp-json\/wp\/v2\/posts\/1044157\/revisions"}],"wp:featuredmedia":[{"embeddable":true,"href":"https:\/\/www.europesays.com\/de\/wp-json\/wp\/v2\/media\/1044158"}],"wp:attachment":[{"href":"https:\/\/www.europesays.com\/de\/wp-json\/wp\/v2\/media?parent=1044157"}],"wp:term":[{"taxonomy":"category","embeddable":true,"href":"https:\/\/www.europesays.com\/de\/wp-json\/wp\/v2\/categories?post=1044157"},{"taxonomy":"post_tag","embeddable":true,"href":"https:\/\/www.europesays.com\/de\/wp-json\/wp\/v2\/tags?post=1044157"}],"curies":[{"name":"wp","href":"https:\/\/api.w.org\/{rel}","templated":true}]}}