{"id":1044219,"date":"2026-05-25T02:25:14","date_gmt":"2026-05-25T02:25:14","guid":{"rendered":"https:\/\/www.europesays.com\/de\/1044219\/"},"modified":"2026-05-25T02:25:14","modified_gmt":"2026-05-25T02:25:14","slug":"wuppertaler-stadtwerke-planen-e-ladesaeulen-am-campus-grifflenberg-blickfeld","status":"publish","type":"post","link":"https:\/\/www.europesays.com\/de\/1044219\/","title":{"rendered":"Wuppertaler Stadtwerke planen E-Lades\u00e4ulen am Campus Grifflenberg &#8211; blickfeld"},"content":{"rendered":"<p class=\"wp-block-paragraph\">Die <strong>Wuppertaler Stadtwerke (WSW)<\/strong> planen im Bereich der <strong>Gau\u00dfstra\u00dfe am Campus Grifflenberg<\/strong> die Errichtung von <strong>zehn Lades\u00e4ulen<\/strong>. Die <strong>Bezirksvertretung (BV)<\/strong> Elberfeld hat dem auf ihrer <a href=\"https:\/\/ris.wuppertal.de\/vo0050.asp?__kvonr=35096\" target=\"_blank\" rel=\"noreferrer noopener nofollow\">Sitzung Anfang Februar<\/a> einstimmig zugestimmt.<\/p>\n<p>Zehn Lades\u00e4ulen mit 20 AC-Ladepunkten<\/p>\n<p class=\"wp-block-paragraph\">\u201eWir gehen derzeit davon aus, dass wir im <strong>Sommer<\/strong> mit dem Bau der Ladestation beginnen k\u00f6nnen. Es wird sich um <strong>AC-Ladepunkte<\/strong> handeln\u201c, erkl\u00e4rt ein WSW-Sprecher gegen\u00fcber blickfeld.<\/p>\n<p><a href=\"https:\/\/www.blickfeld-wuppertal.de\/wp-content\/bf-uploads\/2026\/05\/vo_1155_25_06_lageplan_parallele_parkplaetze-scaled.jpg\" data-slb-active=\"1\" data-slb-asset=\"1534560198\" data-slb-internal=\"0\" data-slb-group=\"47474\" rel=\"nofollow noopener\" target=\"_blank\"><img loading=\"lazy\" decoding=\"async\" width=\"600\" height=\"410\" src=\"https:\/\/www.europesays.com\/de\/wp-content\/uploads\/2026\/05\/vo_1155_25_06_lageplan_parallele_parkplaetze-600x410.jpg\" alt=\"\" class=\"wp-image-47476\"  \/><\/a>Sitzungsvorlage der BV Elberfeld<\/p>\n<p><a href=\"https:\/\/www.blickfeld-wuppertal.de\/wp-content\/bf-uploads\/2026\/05\/vo_1155_25_07_lageplan_parallele_parkplaetze-scaled.jpg\" data-slb-active=\"1\" data-slb-asset=\"439732385\" data-slb-internal=\"0\" data-slb-group=\"47474\" rel=\"nofollow noopener\" target=\"_blank\"><img loading=\"lazy\" decoding=\"async\" width=\"600\" height=\"410\" src=\"https:\/\/www.europesays.com\/de\/wp-content\/uploads\/2026\/05\/vo_1155_25_07_lageplan_parallele_parkplaetze-600x410.jpg\" alt=\"\" class=\"wp-image-47477\"  \/><\/a>Sitzungsvorlage der BV Elberfeld<\/p>\n<p class=\"wp-block-paragraph\">Die Lades\u00e4ulen \u2013 mit insgesamt <strong>20 Ladepunkten<\/strong> \u2013 sollen gegen\u00fcber dem Hochschulkindergarten und der neuen Experimentierhalle Physik aufgestellt werden. \u00bb<a href=\"https:\/\/www.blickfeld-wuppertal.de\/ueber-uns\/blickfeld-redaktion\" rel=\"nofollow noopener\" target=\"_blank\">mw<\/a>\u00ab<\/p>\n","protected":false},"excerpt":{"rendered":"Die Wuppertaler Stadtwerke (WSW) planen im Bereich der Gau\u00dfstra\u00dfe am Campus Grifflenberg die Errichtung von zehn Lades\u00e4ulen. Die&hellip;\n","protected":false},"author":2,"featured_media":1044220,"comment_status":"","ping_status":"","sticky":false,"template":"","format":"standard","meta":{"footnotes":"","_share_on_mastodon":"0"},"categories":[1840],"tags":[33950,3364,29,2314,30,1466,35334,1209,383,4418],"class_list":["post-1044219","post","type-post","status-publish","format-standard","has-post-thumbnail","category-wuppertal","tag-campus-grifflenberg","tag-de","tag-deutschland","tag-featured","tag-germany","tag-mobilitaet","tag-mw","tag-nordrhein-westfalen","tag-umwelt","tag-wuppertal"],"share_on_mastodon":{"url":"https:\/\/pubeurope.com\/@de\/116632848651413856","error":""},"_links":{"self":[{"href":"https:\/\/www.europesays.com\/de\/wp-json\/wp\/v2\/posts\/1044219","targetHints":{"allow":["GET"]}}],"collection":[{"href":"https:\/\/www.europesays.com\/de\/wp-json\/wp\/v2\/posts"}],"about":[{"href":"https:\/\/www.europesays.com\/de\/wp-json\/wp\/v2\/types\/post"}],"author":[{"embeddable":true,"href":"https:\/\/www.europesays.com\/de\/wp-json\/wp\/v2\/users\/2"}],"replies":[{"embeddable":true,"href":"https:\/\/www.europesays.com\/de\/wp-json\/wp\/v2\/comments?post=1044219"}],"version-history":[{"count":0,"href":"https:\/\/www.europesays.com\/de\/wp-json\/wp\/v2\/posts\/1044219\/revisions"}],"wp:featuredmedia":[{"embeddable":true,"href":"https:\/\/www.europesays.com\/de\/wp-json\/wp\/v2\/media\/1044220"}],"wp:attachment":[{"href":"https:\/\/www.europesays.com\/de\/wp-json\/wp\/v2\/media?parent=1044219"}],"wp:term":[{"taxonomy":"category","embeddable":true,"href":"https:\/\/www.europesays.com\/de\/wp-json\/wp\/v2\/categories?post=1044219"},{"taxonomy":"post_tag","embeddable":true,"href":"https:\/\/www.europesays.com\/de\/wp-json\/wp\/v2\/tags?post=1044219"}],"curies":[{"name":"wp","href":"https:\/\/api.w.org\/{rel}","templated":true}]}}