{"id":1044325,"date":"2026-05-25T03:40:19","date_gmt":"2026-05-25T03:40:19","guid":{"rendered":"https:\/\/www.europesays.com\/de\/1044325\/"},"modified":"2026-05-25T03:40:19","modified_gmt":"2026-05-25T03:40:19","slug":"joschka-fischer-warnt-cdu-vor-koalition-mit-afd-spinnen-die-deutschen-jetzt-wieder","status":"publish","type":"post","link":"https:\/\/www.europesays.com\/de\/1044325\/","title":{"rendered":"Joschka Fischer warnt CDU vor Koalition mit AfD: \u201eSpinnen die Deutschen jetzt wieder?\u201c"},"content":{"rendered":"<p>Gr\u00fcnen-Urgestein Joschka Fischer r\u00e4t der CDU von einem B\u00fcndnis mit der AfD ab. Es k\u00f6nnte das Ende der Partei und das Ende Europas sein. Bei der Frage, ob er unter einem AfD-Kanzler das Land verlassen w\u00fcrde, weicht Fischer aus.<\/p>\n<p class=\"is-first-paragraph\" data-external=\"Article.FirstParagraph\">Der fr\u00fchere Au\u00dfenminister Joschka Fischer (Gr\u00fcne) geht davon aus, dass trotz eines Unvereinbarkeitsbeschlusses einige in der CDU ein B\u00fcndnis mit der AfD bef\u00fcrworten. \u201eEs gibt, unter der Oberfl\u00e4che, eine Debatte in der CDU, ob sie nicht mit der AfD kooperieren, sogar koalieren kann\u201c, sagte Fischer dem \u201eTagesspiegel\u201c.<\/p>\n<p>F\u00fcr die Christdemokratie w\u00e4re ein solches B\u00fcndnis sch\u00e4dlich, findet Fischer. \u201eEine solche Zusammenarbeit w\u00fcrde die CDU nicht \u00fcberleben. Es w\u00fcrde sie spalten. Ein Ende der CDU w\u00fcrde Deutschland erheblich destabilisieren.\u201c Fischer verwies auf den <a class=\"is-link c-block-items__link c-link--rich-text-renderer\" href=\"https:\/\/www.welt.de\/print-welt\/article593940\/Italien-und-die-Schatten-der-CDU.html\" data-internal-tracking-enabled=\"true\" data-internal-tracking=\"{&quot;action&quot;:&quot;click&quot;,&quot;label&quot;:&quot;link&quot;,&quot;name&quot;:&quot;Inline Element&quot;,&quot;data&quot;:{&quot;source&quot;:&quot;&quot;,&quot;target&quot;:&quot;https:\/\/www.welt.de\/print-welt\/article593940\/Italien-und-die-Schatten-der-CDU.html&quot;,&quot;trackingName&quot;:&quot;&quot;,&quot;trackingLabel&quot;:&quot;&quot;}}\" rel=\"nofollow noopener\" target=\"_blank\">Niedergang der italienischen Democrazia Cristiana<\/a>. Er bejahte die Frage, ob er es CDU-Chef Friedrich Merz abnehme, wenn er sage, er werde niemals mit der AfD koalieren.<\/p>\n<p>Der langj\u00e4hrige Gr\u00fcnen-Spitzenpolitiker nannte die Vorstellung eines AfD-Ministerpr\u00e4sidenten, etwa in Sachsen-Anhalt, \u201ebe\u00e4ngstigend\u201c. Da gebe es \u201enichts zu verharmlosen\u201c, sagte Fischer: \u201eEine AfD-Regierung w\u00fcrde an der Kultur- und Wissenschaftsfreiheit r\u00fctteln und die Unabh\u00e4ngigkeit der Justiz infrage stellen.\u201c Mit einem AfD-Ministerpr\u00e4sidenten w\u00e4ren \u201eessenzielle Teile unserer freiheitlichen Verfassung bedroht\u201c.<\/p>\n<p>Die AfD in Regierungsverantwortung w\u00e4re \u201eein schwerer Schlag f\u00fcr die deutsche Demokratie\u201c, sagte Fischer weiter. Das internationale Vertrauen in Deutschland w\u00fcrde in einem solchen Falle \u201ekollabieren\u201c. Die Forderung der AfD nach einer Re-Nationalisierung sei \u201eschon jetzt die gr\u00f6\u00dfte innenpolitische Herausforderung\u201c. Wenn Nationalisten in den wichtigsten L\u00e4ndern Europas an die Macht k\u00e4men, habe Europa keine Zukunft. Fischer lie\u00df die Frage offen, ob er in Deutschland leben k\u00f6nne, sofern die AfD regiere oder sogar den Bundeskanzler stelle. Das wisse er nicht, sagte er: \u201eEin Bundeskanzler von der AfD w\u00e4re schon tough.\u201c<\/p>\n<p>Wenn Sachsen-Anhalt im September so w\u00e4hle, wie es die <a class=\"is-link c-block-items__link c-link--rich-text-renderer\" href=\"https:\/\/www.welt.de\/politik\/deutschland\/article6a04602835916b2930edc439\/vor-landtagswahl-afd-in-sachsen-anhalt-bei-42-prozent-spd-knapp-drin.html\" data-internal-tracking-enabled=\"true\" data-internal-tracking=\"{&quot;action&quot;:&quot;click&quot;,&quot;label&quot;:&quot;link&quot;,&quot;name&quot;:&quot;Inline Element&quot;,&quot;data&quot;:{&quot;source&quot;:&quot;&quot;,&quot;target&quot;:&quot;https:\/\/www.welt.de\/politik\/deutschland\/article6a04602835916b2930edc439\/vor-landtagswahl-afd-in-sachsen-anhalt-bei-42-prozent-spd-knapp-drin.html&quot;,&quot;trackingName&quot;:&quot;&quot;,&quot;trackingLabel&quot;:&quot;&quot;}}\" rel=\"nofollow noopener\" target=\"_blank\">Umfragen<\/a> jetzt zeigten, \u201ewerden die Menschen vor Ort einen hohen Preis bezahlen. Und wir mit ihnen\u201c, sagte Fischer. \u201eSollte die AfD in einem Land an die Macht kommen, wird man sich in Polen und Frankreich fragen, ob es wieder so weit ist. Wir werden dann die Frage h\u00f6ren: Spinnen die Deutschen jetzt wieder?\u201c<\/p>\n<p>Fischer war von 1998 bis 2005 erster gr\u00fcner Au\u00dfenminister und Vizekanzler. Von 1985 bis 1987 war er erster Minister der Gr\u00fcnen \u00fcberhaupt, als Umweltminister in Hessen.<\/p>\n<p>sebe<\/p>\n","protected":false},"excerpt":{"rendered":"Gr\u00fcnen-Urgestein Joschka Fischer r\u00e4t der CDU von einem B\u00fcndnis mit der AfD ab. Es k\u00f6nnte das Ende der&hellip;\n","protected":false},"author":2,"featured_media":1044326,"comment_status":"","ping_status":"","sticky":false,"template":"","format":"standard","meta":{"footnotes":"","_share_on_mastodon":"0"},"categories":[5],"tags":[186,31,10927,13,137380,97373,14,15,110,860,12,45,10,8,9,11],"class_list":["post-1044325","post","type-post","status-publish","format-standard","has-post-thumbnail","category-nachrichten","tag-afd","tag-cdu","tag-fischer","tag-headlines","tag-joschka","tag-landtagswahlen-ks","tag-nachrichten","tag-news","tag-newsteam","tag-sachsen-anhalt","tag-schlagzeilen","tag-texttospeech","tag-top-news","tag-top-meldungen","tag-topmeldungen","tag-topnews"],"share_on_mastodon":{"url":"https:\/\/pubeurope.com\/@de\/116633143040105434","error":""},"_links":{"self":[{"href":"https:\/\/www.europesays.com\/de\/wp-json\/wp\/v2\/posts\/1044325","targetHints":{"allow":["GET"]}}],"collection":[{"href":"https:\/\/www.europesays.com\/de\/wp-json\/wp\/v2\/posts"}],"about":[{"href":"https:\/\/www.europesays.com\/de\/wp-json\/wp\/v2\/types\/post"}],"author":[{"embeddable":true,"href":"https:\/\/www.europesays.com\/de\/wp-json\/wp\/v2\/users\/2"}],"replies":[{"embeddable":true,"href":"https:\/\/www.europesays.com\/de\/wp-json\/wp\/v2\/comments?post=1044325"}],"version-history":[{"count":0,"href":"https:\/\/www.europesays.com\/de\/wp-json\/wp\/v2\/posts\/1044325\/revisions"}],"wp:featuredmedia":[{"embeddable":true,"href":"https:\/\/www.europesays.com\/de\/wp-json\/wp\/v2\/media\/1044326"}],"wp:attachment":[{"href":"https:\/\/www.europesays.com\/de\/wp-json\/wp\/v2\/media?parent=1044325"}],"wp:term":[{"taxonomy":"category","embeddable":true,"href":"https:\/\/www.europesays.com\/de\/wp-json\/wp\/v2\/categories?post=1044325"},{"taxonomy":"post_tag","embeddable":true,"href":"https:\/\/www.europesays.com\/de\/wp-json\/wp\/v2\/tags?post=1044325"}],"curies":[{"name":"wp","href":"https:\/\/api.w.org\/{rel}","templated":true}]}}