{"id":1044344,"date":"2026-05-25T03:51:32","date_gmt":"2026-05-25T03:51:32","guid":{"rendered":"https:\/\/www.europesays.com\/de\/1044344\/"},"modified":"2026-05-25T03:51:32","modified_gmt":"2026-05-25T03:51:32","slug":"sv-waldhof-nach-der-zerreissprobe-zieht-der-boss-die-reissleine-fussball","status":"publish","type":"post","link":"https:\/\/www.europesays.com\/de\/1044344\/","title":{"rendered":"SV Waldhof: Nach der Zerrei\u00dfprobe zieht der Boss die Rei\u00dfleine &#8211; Fu\u00dfball"},"content":{"rendered":"<p class=\"rhp-dpa-teaser\"><b>Das Aus des D\u00fcsseldorfer Spielerberaters Thorsten Weck als sportlicher Berater von Pr\u00e4sident Bernd Beetz ohne offizielle Funktion beim Drittligisten ist besiegelt.<\/b><\/p>\n<p>Nur wenige Stunden<a href=\"https:\/\/www.rheinpfalz.de\/rheinpfalz-am-sonntag_artikel,-waldhof-mannheim-siegt-im-pokal-und-beruhigt-die-gem%C3%BCter-zumindest-ein-bisschen-_arid,5893135.html\" class=\"external-link-new-window\" title=\"svw2\" target=\"_self\" rel=\"nofollow noopener\"> nach dem 3:0-Erfolg im badischen Verbandspokal gegen den Oberligisten und Stadtrivalen VfR Mannheim<\/a> erteilte der Verein am Samstagabend Weck Hausverbot zu s\u00e4mtlichen R\u00e4umen der <a class=\"rtr-entity\" data-rtr-entity=\"SV Waldhof Mannheim\" data-rtr-id=\"04f0508b97f8697bbdfe677755dd565fa2d88525\" data-rtr-score=\"25.97718865598027\" data-rtr-etype=\"organisation\" data-rtr-index=\"0\" href=\"https:\/\/www.rheinpfalz.de\/themen\/sv-waldhof-mannheim\" rel=\"nofollow noopener\" target=\"_blank\">SV Waldhof Mannheim<\/a> Spielbetriebs 07 GmbH. Das umfasst das Trainingsgel\u00e4nde am Alsenweg sowie die VIP-Bereiche im Carl-Benz-Stadion. Auch untersagte der <a class=\"rtr-entity\" data-rtr-entity=\"Waldhof\" data-rtr-id=\"1a3016d0cc64004e3b21b8ea8c213eaaa9806271\" data-rtr-score=\"51.89889025893958\" data-rtr-etype=\"location\" data-rtr-index=\"14\" href=\"https:\/\/www.rheinpfalz.de\/themen\/waldhof\" rel=\"nofollow noopener\" target=\"_blank\">Waldhof<\/a> Weck, Kontakt zu Mitarbeitenden aufzunehmen und ihnen Anweisungen zu geben. <\/p>\n<p>Zuvor war der Druck auf den Pr\u00e4sidenten gr\u00f6\u00dfer geworden, zu handeln. Die Ultras Mannheim 99 sollen dem Vernehmen nach f\u00fcr das Pokalspiel<\/p>\n<p class=\"rhp-teaser\"><b>Das Aus des D\u00fcsseldorfer Spielerberaters Thorsten Weck als sportlicher Berater von Pr\u00e4sident Bernd Beetz ohne offizielle Funktion beim Drittligisten ist besiegelt.<\/b><\/p>\n","protected":false},"excerpt":{"rendered":"Das Aus des D\u00fcsseldorfer Spielerberaters Thorsten Weck als sportlicher Berater von Pr\u00e4sident Bernd Beetz ohne offizielle Funktion beim&hellip;\n","protected":false},"author":2,"featured_media":1044345,"comment_status":"","ping_status":"","sticky":false,"template":"","format":"standard","meta":{"footnotes":"","_share_on_mastodon":"0"},"categories":[1845],"tags":[1634,41695,17596,3364,29,68959,548,663,3934,30,13,2096,14,15,12,265,28625,16438,113715,21037,23297],"class_list":["post-1044344","post","type-post","status-publish","format-standard","has-post-thumbnail","category-mannheim","tag-baden-wuerttemberg","tag-bernd-beetz","tag-carl-benz-stadion","tag-de","tag-deutschland","tag-drittligist","tag-eu","tag-europa","tag-europe","tag-germany","tag-headlines","tag-mannheim","tag-nachrichten","tag-news","tag-schlagzeilen","tag-sport","tag-sv-waldhof","tag-sv-waldhof-mannheim","tag-thorsten-weck","tag-vfr-mannheim","tag-waldhof"],"share_on_mastodon":{"url":"https:\/\/pubeurope.com\/@de\/116633186284793208","error":""},"_links":{"self":[{"href":"https:\/\/www.europesays.com\/de\/wp-json\/wp\/v2\/posts\/1044344","targetHints":{"allow":["GET"]}}],"collection":[{"href":"https:\/\/www.europesays.com\/de\/wp-json\/wp\/v2\/posts"}],"about":[{"href":"https:\/\/www.europesays.com\/de\/wp-json\/wp\/v2\/types\/post"}],"author":[{"embeddable":true,"href":"https:\/\/www.europesays.com\/de\/wp-json\/wp\/v2\/users\/2"}],"replies":[{"embeddable":true,"href":"https:\/\/www.europesays.com\/de\/wp-json\/wp\/v2\/comments?post=1044344"}],"version-history":[{"count":0,"href":"https:\/\/www.europesays.com\/de\/wp-json\/wp\/v2\/posts\/1044344\/revisions"}],"wp:featuredmedia":[{"embeddable":true,"href":"https:\/\/www.europesays.com\/de\/wp-json\/wp\/v2\/media\/1044345"}],"wp:attachment":[{"href":"https:\/\/www.europesays.com\/de\/wp-json\/wp\/v2\/media?parent=1044344"}],"wp:term":[{"taxonomy":"category","embeddable":true,"href":"https:\/\/www.europesays.com\/de\/wp-json\/wp\/v2\/categories?post=1044344"},{"taxonomy":"post_tag","embeddable":true,"href":"https:\/\/www.europesays.com\/de\/wp-json\/wp\/v2\/tags?post=1044344"}],"curies":[{"name":"wp","href":"https:\/\/api.w.org\/{rel}","templated":true}]}}