{"id":1044381,"date":"2026-05-25T04:18:11","date_gmt":"2026-05-25T04:18:11","guid":{"rendered":"https:\/\/www.europesays.com\/de\/1044381\/"},"modified":"2026-05-25T04:18:11","modified_gmt":"2026-05-25T04:18:11","slug":"ice-attentaeter-von-siegburg-war-zwei-mal-ueberprueft-worden","status":"publish","type":"post","link":"https:\/\/www.europesays.com\/de\/1044381\/","title":{"rendered":"ICE-Attent\u00e4ter von Siegburg war zwei Mal \u00fcberpr\u00fcft worden"},"content":{"rendered":"<p class=\"text_ohne_einzug richtext text-em-55 !leading-serif mx-6 desktop:mx-0\">Die <a href=\"https:\/\/rp-online.de\/thema\/polizei\/\" rel=\"nofollow noopener\" target=\"_blank\">Polizei<\/a> in NRW hatte den mutma\u00dflichen Attent\u00e4ter aus einem <a href=\"https:\/\/rp-online.de\/thema\/ice\/\" rel=\"nofollow noopener\" target=\"_blank\">ICE<\/a> bei K\u00f6ln bereits vor der Tat auf dem Schirm: Der Mann wurde 2024 erstmals als m\u00f6gliche Risikoperson im landeseigenen Programm \u201ePeRiskoP\u201c \u00fcberpr\u00fcft, 2025 dann erneut. Ein Ergebnis gab es bis zu dem Vorfall im Zug Anfang April 2026 aber nicht. Das geht aus einem noch unver\u00f6ffentlichten Papier des Innenministeriums f\u00fcr den Landtag hervor.<\/p>\n<p class=\"richtext text-em-55 !leading-serif mx-6 desktop:mx-0\">Laut der Antwort auf eine Kleine Anfrage der AfD, die der dpa vorliegt, hatte der 20-J\u00e4hrige am 2. April \u201enach vorheriger Versendung eines selbst verfassten Manifests an diverse Empf\u00e4nger zwei Sprengk\u00f6rper (Softair Granaten) in den Wagen 23 des ICE geworfen\u201c. Durch umherfliegende Plastikkugeln seien zehn bis elf Personen \u201ezumeist oberfl\u00e4chlich verletzt worden\u201c. Ein Fahrgast habe den Mann mit einem Bahn-Mitarbeiter in der Toilette eingeschlossen.<\/p>\n<p class=\"richtext text-em-55 !leading-serif mx-6 desktop:mx-0\">Der Beschuldigte habe unter anderem \u201eein Messer mit sich gef\u00fchrt, welches er im Anschluss an den Einsatz der Sprengk\u00f6rper gegen Personen in dem Zug in T\u00f6tungsabsicht habe einsetzen wollen\u201c, so Innenminister <a href=\"https:\/\/rp-online.de\/thema\/herbert-reul\/\" rel=\"nofollow noopener\" target=\"_blank\">Herbert Reul<\/a> (CDU) in dem aktuellen Papier. Er hatte sich bereits bei den beiden M\u00e4nnern in einem Brief daf\u00fcr bedankt, dass sie Schlimmeres verhindert h\u00e4tten.<\/p>\n<p class=\"richtext text-em-55 !leading-serif mx-6 desktop:mx-0\">In der Antwort auf die Kleine Anfrage der AfD listet Reul mehrere F\u00e4lle auf, wegen der der Verd\u00e4chtige bereits polizeibekannt gewesen sei: Diebstahl, Schwarzfahren, Bedrohung, Vort\u00e4uschen von Straftaten, Betrug und St\u00f6rung des \u00f6ffentlichen Friedens durch Androhen von Straftaten.<\/p>\n<p class=\"richtext text-em-55 !leading-serif mx-6 desktop:mx-0\">Der Tatverd\u00e4chtige sei in der Vergangenheit auch Gegenstand eines polizeilichen Pr\u00fcffalls \u201cim Ph\u00e4nomenbereich der politisch motivierten Kriminalit\u00e4t-Rechts\u201c gewesen, so Reul. Es h\u00e4tten sich beim ersten Mal aber \u201ekeine belastbaren Hinweise\u201c ergeben: \u201eEine Einstufung als Gef\u00e4hrder oder die Vergabe eines sonstigen besonderen polizeilichen Status erfolgte nicht.\u201c Auch das \u201ePeRiskoP\u201c-Programm, durch das zum Beispiel potenzielle Amokl\u00e4ufer identifiziert werden sollen, erbrachte demnach zun\u00e4chst kein Ergebnis. Es gab bei dem 20-J\u00e4hrigen auch <a href=\"https:\/\/rp-online.de\/nrw\/panorama\/siegburg-nach-boellerwurf-in-ice-hinweise-auf-psychische-erkrankung_aid-146341077\" rel=\"nofollow noopener\" target=\"_blank\">Hinweise auf eine psychische Erkrankung<\/a>.<\/p>\n<p>\u201eMein Kampf\u201c ebenso wie Koran gefunden      <\/p>\n<p class=\"richtext text-em-55 !leading-serif mx-6 desktop:mx-0\">\u201eNach einer weiteren Tat im Jahr 2025 wurde das Pr\u00fcfverfahren erneut aufgenommen\u201c, so Reul. Die Einstufung sei nach dem Vorfall im ICE nun erfolgt. Das Ergebnis steht in dem Papier allerdings nicht.<\/p>\n<p class=\"richtext text-em-55 !leading-serif mx-6 desktop:mx-0\">Nach dpa-Informationen wurde der Mann grunds\u00e4tzlich als Risikoperson eingestuft, allerdings ist unklar, ob er politisch motiviert ist. Bei den Ermittlungen fand man demnach ebenso Nazi-Literatur wie auch religi\u00f6se Schriften oder wirre Manifeste aus dem Internet.<\/p>\n<p class=\"richtext text-em-55 !leading-serif mx-6 desktop:mx-0\">Der Deutsche war vor Ostern in Aachen an Bord des ICE gegangen und soll nach einem Zwischenstopp in K\u00f6ln-Deutz mehrere Sprengs\u00e4tze gez\u00fcndet haben. Fahrg\u00e4ste waren durch umherfliegende Plastikkugeln aus den Sprengk\u00f6rpern und Knalltraumata eher leicht verletzt worden. Der ICE stoppte dann au\u00dferplanm\u00e4\u00dfig in Siegburg. Die Bundespolizei nahm den Tatverd\u00e4chtigen am Bahnhof Siegburg fest, die Generalstaatsanwaltschaft und der Staatsschutz der Bonner Polizei \u00fcbernahmen die Ermittlungen.<\/p>\n","protected":false},"excerpt":{"rendered":"Die Polizei in NRW hatte den mutma\u00dflichen Attent\u00e4ter aus einem ICE bei K\u00f6ln bereits vor der Tat auf&hellip;\n","protected":false},"author":2,"featured_media":1044382,"comment_status":"","ping_status":"","sticky":false,"template":"","format":"standard","meta":{"footnotes":"","_share_on_mastodon":"0"},"categories":[1842],"tags":[7378,17873,1741,3364,29,7488,18697,2243,30,15016,2229,1209,223666,223667,2036],"class_list":["post-1044381","post","type-post","status-publish","format-standard","has-post-thumbnail","category-bonn","tag-siegburg","tag-attentaeter","tag-bonn","tag-de","tag-deutschland","tag-dpa","tag-einstufung","tag-ergebnis","tag-germany","tag-herbert-reul","tag-ice","tag-nordrhein-westfalen","tag-periskop","tag-prueffall","tag-zug"],"share_on_mastodon":{"url":"https:\/\/pubeurope.com\/@de\/116633292375539598","error":""},"_links":{"self":[{"href":"https:\/\/www.europesays.com\/de\/wp-json\/wp\/v2\/posts\/1044381","targetHints":{"allow":["GET"]}}],"collection":[{"href":"https:\/\/www.europesays.com\/de\/wp-json\/wp\/v2\/posts"}],"about":[{"href":"https:\/\/www.europesays.com\/de\/wp-json\/wp\/v2\/types\/post"}],"author":[{"embeddable":true,"href":"https:\/\/www.europesays.com\/de\/wp-json\/wp\/v2\/users\/2"}],"replies":[{"embeddable":true,"href":"https:\/\/www.europesays.com\/de\/wp-json\/wp\/v2\/comments?post=1044381"}],"version-history":[{"count":0,"href":"https:\/\/www.europesays.com\/de\/wp-json\/wp\/v2\/posts\/1044381\/revisions"}],"wp:featuredmedia":[{"embeddable":true,"href":"https:\/\/www.europesays.com\/de\/wp-json\/wp\/v2\/media\/1044382"}],"wp:attachment":[{"href":"https:\/\/www.europesays.com\/de\/wp-json\/wp\/v2\/media?parent=1044381"}],"wp:term":[{"taxonomy":"category","embeddable":true,"href":"https:\/\/www.europesays.com\/de\/wp-json\/wp\/v2\/categories?post=1044381"},{"taxonomy":"post_tag","embeddable":true,"href":"https:\/\/www.europesays.com\/de\/wp-json\/wp\/v2\/tags?post=1044381"}],"curies":[{"name":"wp","href":"https:\/\/api.w.org\/{rel}","templated":true}]}}