{"id":1044706,"date":"2026-05-25T07:48:25","date_gmt":"2026-05-25T07:48:25","guid":{"rendered":"https:\/\/www.europesays.com\/de\/1044706\/"},"modified":"2026-05-25T07:48:25","modified_gmt":"2026-05-25T07:48:25","slug":"weil-die-strasse-zugeparkt-ist-seit-wochen-bleibt-hier-in-muenchen-der-muell-liegen","status":"publish","type":"post","link":"https:\/\/www.europesays.com\/de\/1044706\/","title":{"rendered":"Weil die Stra\u00dfe zugeparkt ist: Seit Wochen bleibt hier in M\u00fcnchen der M\u00fcll liegen"},"content":{"rendered":"<p>Als der M\u00fcll in der Gro\u00dfvenedigerstra\u00dfe im Januar zum ersten Mal nicht abgeholt wurde, dachten sich Tatjana K. und ihre Schwiegertochter Evelina M. zun\u00e4chst nichts dabei. Doch auch in den Wochen danach blieben die Tonnen stehen. Die M\u00fcllcontainer quollen \u00fcber, Anwohner stapelten volle M\u00fclls\u00e4cke in ihren Garagen oder auf dem Gehweg.<\/p>\n<p>Stra\u00dfe wegen Gehwegpark-Verbot zu eng<\/p>\n<p>Der Grund: Weil inzwischen durch das Gehwegparken-Verbot deutlich mehr Autos auf der Fahrbahn stehen, \u2013 also dort, wo sie laut Gesetz hingeh\u00f6ren \u2013 passen die M\u00fcllfahrzeuge nicht durch und die Tonnen bleiben ungeleert in der Gro\u00dfvenedigerstra\u00dfe stehen.<\/p>\n<p>Die AZ trifft Tatjana K. an einem verregneten Mittwoch vor ihrem Haus. Sie wirkt erstaunlich gut gelaunt. &#8222;Wir haben uns fast totgelacht&#8220;, sagt sie zur Begr\u00fc\u00dfung. Kurz vor dem Besuch der Reporterin habe ein kleiner wei\u00dfer Transporter die Restm\u00fclltonnen geleert. Ob das mit einer Anfrage zusammenh\u00e4ngt, die die AZ tags zuvor an den Abfallwirtschaftsbetrieb (AWM) geschickt hatte? M\u00f6glich w\u00e4r\u00b4s. Sp\u00e4ter f\u00e4hrt der Miniwagen erneut vorbei und holt auch den Biom\u00fcll ab, schreibt K. sp\u00e4ter per WhatsApp und schickt ein Beweisfoto. Der AWM best\u00e4tigt auf Anfrage, dass der M\u00fcll an diesem Mittwoch mit dem Mini-Fahrzeug &#8222;erfolgreich geleert&#8220; wurde.<\/p>\n<p>      <img decoding=\"async\" loading=\"lazy\" src=\"https:\/\/www.europesays.com\/de\/wp-content\/uploads\/2026\/05\/1692868_dsc03877_artikelbild-100proz_1G4PQj_rzbLQt.jpg\" alt=\"Ganz sch\u00f6n voll: der Papierm\u00fcll wurde seit drei Wochen nicht mehr abgeholt.\" title=\"Ganz sch\u00f6n voll: der Papierm\u00fcll wurde seit drei Wochen nicht mehr abgeholt.\" width=\"812\" height=\"541\"\/><\/p>\n<p>      Ganz sch\u00f6n voll: der Papierm\u00fcll wurde seit drei Wochen nicht mehr abgeholt.<br \/>\n      \u00a9 Daniel von Loeper<\/p>\n<p>    Ganz sch\u00f6n voll: der Papierm\u00fcll wurde seit drei Wochen nicht mehr abgeholt.<\/p>\n<p>von Daniel von Loeper <\/p>\n<p>&#8222;}&#8220;&gt; <\/p>\n<p>AWM versucht, Situation zu entsch\u00e4rfen<\/p>\n<p>Davor allerdings waren die Tonnen drei Wochen lang nicht geleert worden. Tatjana K., ihre Schwiegertochter und weitere Anwohner wandten sich mehrfach an Mobilit\u00e4tsreferat, AWM und Bezirksausschuss. Einige Schreiben liegen der AZ vor.<\/p>\n<p>Dem AWM ist das Problem seit Monaten bekannt. &#8222;Die zust\u00e4ndige Einsammelpartie versucht wiederholt, die Stra\u00dfe anzufahren und die Tonnen zu leeren, was jedoch nicht immer gelingt. Das bedeutet einen erheblichen logistischen Mehraufwand und eine zus\u00e4tzliche Belastung f\u00fcr die Partien&#8220;, erkl\u00e4rt eine Sprecherin auf Anfrage<\/p>\n<p>      <img decoding=\"async\" loading=\"lazy\" src=\"https:\/\/www.europesays.com\/de\/wp-content\/uploads\/2026\/05\/1692869_whatsapp-image-2026-05-20-at-155848_artikelbild-100proz_1G3tgs_BNfWo1.jpg\" alt=\"Ein M\u00fcllwagen kommt hier nicht durch.\" title=\"Ein M\u00fcllwagen kommt hier nicht durch.\" width=\"812\" height=\"609\"\/><\/p>\n<p>      Ein M\u00fcllwagen kommt hier nicht durch.<br \/>\n      \u00a9 privat<\/p>\n<p>    Ein M\u00fcllwagen kommt hier nicht durch.<\/p>\n<p>von privat <\/p>\n<p>&#8222;}&#8220;&gt; <\/p>\n<p>Mitte M\u00e4rz verschickte der Betrieb ein Schreiben an die Anwohner, das der AZ vorliegt. Darin bittet der AWM darum, &#8222;die Stra\u00dfe nicht beidseitig zu verparken&#8220;. Eine Durchfahrtsbreite von drei Metern m\u00fcsse frei bleiben, &#8222;bei wechselseitig versetztem Parken eine L\u00fccke von mindestens sechs Metern&#8220;. Ein Versuch, die Anwohner &#8222;zu sensibilisieren&#8220;, wie der AWM die eigene Ma\u00dfnahme\u00a0beschreibt.<\/p>\n<p>Dar\u00fcber kann K. nur den Kopf sch\u00fctteln. Das habe wenig gebracht, sagt sie. Schlie\u00dflich parkten dort auch Eltern, die ihre Kinder zur Schule bringen, oder Besucher des nahen Michaelibads. F\u00fcr sie ist klar: &#8222;Die L\u00f6sung w\u00e4re, dass die Parksituation so ist, dass die M\u00fcllabfuhr durchkommt.&#8220;<\/p>\n<p>Noch deutlicher formuliert es Evelina M.: &#8222;Wir w\u00fcnschen uns, dass die Stadt ein dauerhaftes Halteverbot erl\u00e4sst.&#8220;<\/p>\n<p>      <img decoding=\"async\" loading=\"lazy\" src=\"https:\/\/www.europesays.com\/de\/wp-content\/uploads\/2026\/05\/1692870_whatsapp-image-2026-05-20-at-111441_artikelbild-100proz_1G4PQl_FWldx5.jpg\" alt=\"Weil die M\u00fcllabfuhr nicht durch die Stra\u00dfe fahren kann, bleibt der M\u00fcll auf der Stra\u00dfe liegen.\" title=\"Weil die M\u00fcllabfuhr nicht durch die Stra\u00dfe fahren kann, bleibt der M\u00fcll auf der Stra\u00dfe liegen.\" width=\"812\" height=\"1083\"\/><\/p>\n<p>      Weil die M\u00fcllabfuhr nicht durch die Stra\u00dfe fahren kann, bleibt der M\u00fcll auf der Stra\u00dfe liegen.<br \/>\n      \u00a9 privat<\/p>\n<p>    Weil die M\u00fcllabfuhr nicht durch die Stra\u00dfe fahren kann, bleibt der M\u00fcll auf der Stra\u00dfe liegen.<\/p>\n<p>von privat <\/p>\n<p>&#8222;}&#8220;&gt; <\/p>\n<p>Mobilit\u00e4tsreferat ebenfalls involviert<\/p>\n<p>Auch das Mobilit\u00e4tsreferat versucht inzwischen, das Problem in den Griff zu bekommen. Von Anfang April an wurden f\u00fcr drei Wochen mobile absolute Haltverbote auf einer Seite aufgestellt, &#8222;um den Autofahrer*innen eine rechtskonforme Parkordnung aufzuzeigen, die sie bestenfalls auch danach, also nach Entfernung der Schilder, dauerhaft beibehalten&#8220;, teilt das Referat mit.<\/p>\n<p>Das Halteverbot hat gut funktioniert, sagt K. Der M\u00fcll wurde in dieser Zeit wie gewohnt abgeholt. Doch kaum war das tempor\u00e4re Parkverbot weg, war die Stra\u00dfe auch schon wieder zugeparkt. Der Wunschfall des Mobilit\u00e4tsreferats trat nicht ein.<\/p>\n<p>      <img decoding=\"async\" loading=\"lazy\" src=\"https:\/\/www.europesays.com\/de\/wp-content\/uploads\/2026\/05\/1692871_whatsapp-image-2026-05-20-at-111504-1_artikelbild-100proz_1G4PQm_6pI8uy.jpg\" alt=\"Nach drei Wochen ohne Leerung wird der Platz in den Containern knapp.\" title=\"Nach drei Wochen ohne Leerung wird der Platz in den Containern knapp.\" width=\"812\" height=\"1083\"\/><\/p>\n<p>      Nach drei Wochen ohne Leerung wird der Platz in den Containern knapp.<br \/>\n      \u00a9 privat<\/p>\n<p>    Nach drei Wochen ohne Leerung wird der Platz in den Containern knapp.<\/p>\n<p>von privat <\/p>\n<p>&#8222;}&#8220;&gt; <\/p>\n<p>W\u00e4hrend des AZ-Besuchs trudelt eine Mail des Mobilit\u00e4tsreferats bei Tatjana K. und Evelina M. ein. Die AZ hatte am Vortag ebenfalls eine Anfrage gestellt. Darin teilt das Referat mit, man arbeite bereits seit Ende April &#8222;an einer neuen \u2013 dauerhaften \u2013 L\u00f6sung&#8220;, die sich &#8222;auch an den Parkbed\u00fcrfnissen der Anwohner*innen orientiert&#8220;. An die AZ schreibt das Referat, dass sich nicht nur daran, sondern auch &#8222;an anderen Belangen, beispielsweise jenen der Rettungskr\u00e4fte oder des Stra\u00dfenbaulasttr\u00e4gers&#8220; orientiert werden muss. Aus diesem Grund sei &#8222;eine dauerhafte L\u00f6sung leider nicht sofort umsetzbar&#8220;.<\/p>\n<p>Nach &#8222;verwaltungsinterner Pr\u00fcfung&#8220; w\u00e4re ein &#8222;einseitiges halb aufgesetztes Gehwegparken vorstellbar&#8220; mit einer verbleibenden Restbreite von 1,80 bis zwei Metern, hei\u00dft es in der E-Mail an K. Doch dazu brauche es die Erlaubnis vom Baureferat \u2013 und die stehe noch aus.<\/p>\n<p>Bis dahin sollen mobile einseitige Haltverbote helfen \u2013 allerdings nur an den M\u00fcllabfuhrtagen und zu den jeweiligen Leerungszeiten. Diese \u00dcbergangsl\u00f6sung soll bis Mitte Juli gelten, hei\u00dft es au\u00dferdem in der E-Mail an K.<\/p>\n<p>\u201cWir waren wirklich geduldig und werden die ganze Zeit nur vertr\u00f6stet\u201d, sagt K. Mit Sorge blickt sie auf die w\u00e4rmeren Tage. &#8222;M\u00fcll steht ganz klar vor Parken.&#8220;<\/p>\n<p>      <img decoding=\"async\" loading=\"lazy\" src=\"https:\/\/www.europesays.com\/de\/wp-content\/uploads\/2026\/05\/1692872_whatsapp-image-2026-05-20-at-114336_artikelbild-100proz_1G3tgz_SZFn3H.jpg\" alt=\"Klein und kompakt: F\u00fcr enge Stra\u00dfen gibt es ein Spezialfahrzeug.\" title=\"Klein und kompakt: F\u00fcr enge Stra\u00dfen gibt es ein Spezialfahrzeug.\" width=\"812\" height=\"1083\"\/><\/p>\n<p>      Klein und kompakt: F\u00fcr enge Stra\u00dfen gibt es ein Spezialfahrzeug.<br \/>\n      \u00a9 privat<\/p>\n<p>    Klein und kompakt: F\u00fcr enge Stra\u00dfen gibt es ein Spezialfahrzeug.<\/p>\n<p>von privat <\/p>\n<p>&#8222;}&#8220;&gt; <\/p>\n<p>Offenbar ist eine Leerung trotz der engen Stra\u00dfe zumindest teilweise m\u00f6glich \u2013 das zeigte sich schlie\u00dflich beim Besuch der AZ. Das wei\u00dfe Spezialfahrzeug sei besonders schmal, so eine AWM-Sprecherin auf Anfrage. Jedoch werde dieses &#8222;bezirksweit ben\u00f6tigt&#8220; und komme &#8222;aufgrund der Parksituation&#8220; trotzdem nicht immer durch.<\/p>\n<p>Die Anwohner werden laut Mobilit\u00e4tsreferat zeitnah vom AWM durch einen Flyer \u00fcber die geplante Zwischenl\u00f6sung informiert. F\u00fcr die Anwohner der Gro\u00dfvenedigerstra\u00dfe bleibt zu hoffen, dass daraus eine dauerhafte L\u00f6sung entsteht.<\/p>\n","protected":false},"excerpt":{"rendered":"Als der M\u00fcll in der Gro\u00dfvenedigerstra\u00dfe im Januar zum ersten Mal nicht abgeholt wurde, dachten sich Tatjana K.&hellip;\n","protected":false},"author":2,"featured_media":1044707,"comment_status":"","ping_status":"","sticky":false,"template":"","format":"standard","meta":{"footnotes":"","_share_on_mastodon":"0"},"categories":[1827],"tags":[19389,772,6535,29,30,1268],"class_list":["post-1044706","post","type-post","status-publish","format-standard","has-post-thumbnail","category-muenchen","tag-awm","tag-bayern","tag-berg-am-laim","tag-deutschland","tag-germany","tag-muenchen"],"share_on_mastodon":{"url":"https:\/\/pubeurope.com\/@de\/116634119463162169","error":""},"_links":{"self":[{"href":"https:\/\/www.europesays.com\/de\/wp-json\/wp\/v2\/posts\/1044706","targetHints":{"allow":["GET"]}}],"collection":[{"href":"https:\/\/www.europesays.com\/de\/wp-json\/wp\/v2\/posts"}],"about":[{"href":"https:\/\/www.europesays.com\/de\/wp-json\/wp\/v2\/types\/post"}],"author":[{"embeddable":true,"href":"https:\/\/www.europesays.com\/de\/wp-json\/wp\/v2\/users\/2"}],"replies":[{"embeddable":true,"href":"https:\/\/www.europesays.com\/de\/wp-json\/wp\/v2\/comments?post=1044706"}],"version-history":[{"count":0,"href":"https:\/\/www.europesays.com\/de\/wp-json\/wp\/v2\/posts\/1044706\/revisions"}],"wp:featuredmedia":[{"embeddable":true,"href":"https:\/\/www.europesays.com\/de\/wp-json\/wp\/v2\/media\/1044707"}],"wp:attachment":[{"href":"https:\/\/www.europesays.com\/de\/wp-json\/wp\/v2\/media?parent=1044706"}],"wp:term":[{"taxonomy":"category","embeddable":true,"href":"https:\/\/www.europesays.com\/de\/wp-json\/wp\/v2\/categories?post=1044706"},{"taxonomy":"post_tag","embeddable":true,"href":"https:\/\/www.europesays.com\/de\/wp-json\/wp\/v2\/tags?post=1044706"}],"curies":[{"name":"wp","href":"https:\/\/api.w.org\/{rel}","templated":true}]}}