{"id":1044743,"date":"2026-05-25T08:08:21","date_gmt":"2026-05-25T08:08:21","guid":{"rendered":"https:\/\/www.europesays.com\/de\/1044743\/"},"modified":"2026-05-25T08:08:21","modified_gmt":"2026-05-25T08:08:21","slug":"ebola-ausbruch-who-zaehlt-ueber-900-verdachtsfaelle","status":"publish","type":"post","link":"https:\/\/www.europesays.com\/de\/1044743\/","title":{"rendered":"Ebola-Ausbruch: WHO z\u00e4hlt \u00fcber 900 Verdachtsf\u00e4lle"},"content":{"rendered":"<p>WHO alarmiert <\/p>\n<p>Ebola: Zahl der Verdachtsf\u00e4lle steigt auf 900<\/p>\n<p>25.05.2026 &#8211; 08:27 UhrLesedauer: 1 Min.<\/p>\n<p><a href=\"#focus-0\" class=\"transition-colors duration-200 block text-current relative\" data-sctrack=\"FocusGalleryImage.Reference\"><img fetchpriority=\"high\" data-testid=\"Opener.Image\"   loading=\"eager\" src=\"https:\/\/www.europesays.com\/de\/wp-content\/uploads\/2026\/05\/260525-beijing-may-25-2026-health-workers-perform-disinfection-in-mongbwalu-ituri-province-the-democ.jpeg\" alt=\"imago images 0857479003\" title=\"imago images 0857479003\" width=\"4000\" height=\"2250\" class=\"bg-[url:var(--lqipURL)] bg-cover bg-center flex h-full w-full max-w-full\" style=\"--lqipURL:url('https:\/\/images.t-online.de\/2026\/05\/xsMvXi2ZH4kt\/0x416:4000x2250\/fit-in\/150x0\/filters:blur(25)\/260525-beijing-may-25-2026-health-workers-perform-disinfection-in-mongbwalu-ituri-province-the-democratic-republic-of-the-congo-may-23-2026-the-government-of-the-democratic-republic-of-the-congo-drc-has-temporarily-suspended-all-passenger-flights-to-and-from-bunia-the-capital-of-the-northeastern-ituri-province-that-is-the-epicenter-of-the-ongoing-ebola-outbreak-the-ministry-of-transport-said-on-saturday-an-ebola-outbreak-was-declared-in-ituri-on-may-15-with-bunia-among-the-main-affected.jpg')\" decoding=\"async\"\/><img loading=\"lazy\" src=\"https:\/\/www.t-online.de\/s\/paper\/_next\/static\/media\/zoom-in.f7dae02f.svg\" alt=\"Vergr\u00f6\u00dfern des Bildes\" title=\"Vergr\u00f6\u00dfern des Bildes\" class=\"block h-[calc(var(--height)_\/_16_*_1rem)] w-[calc(var(--width)_\/_16_*_1rem)] max-w-none absolute bottom-8 right-8 rounded-4 bg-snow p-8\" style=\"--width:32;--height:32\" decoding=\"async\"\/><\/a><\/p>\n<p>Gesundheitspersonal in Mongbwalu in der Provinz Ituri: Hier war der Ausbruch zuerst gemeldet worden. (Quelle: IMAGO\/stringer\/imago)<\/p>\n<p><img loading=\"lazy\" src=\"https:\/\/www.t-online.de\/s\/paper\/_next\/static\/media\/audio-volume.6689034c.svg\" alt=\"\" title=\"\" class=\"block h-[calc(var(--height)_\/_16_*_1rem)] w-[calc(var(--width)_\/_16_*_1rem)] max-w-none group-hover:brightness-0 group-hover:invert\" style=\"--width:16;--height:16\" decoding=\"async\"\/>Vorlesen<\/p>\n<p>Aktuelle Zeit:0:00Gesamtdauer:0:00<\/p>\n<p>1x<\/p>\n<p class=\"text-center\">Jetzt neu bei t-online:<\/p>\n<p class=\"text-center\">Schriftgr\u00f6\u00dfe anpassen!<\/p>\n<p><img loading=\"lazy\" src=\"https:\/\/www.t-online.de\/s\/paper\/_next\/static\/media\/font-sizes.32942e33.svg\" alt=\"\" title=\"\" class=\"block h-[calc(var(--height)_\/_16_*_1rem)] w-[calc(var(--width)_\/_16_*_1rem)] max-w-none group-hover:hidden group-aria-expanded:hidden\" style=\"--width:16;--height:16\" decoding=\"async\"\/><img loading=\"lazy\" src=\"https:\/\/www.t-online.de\/s\/paper\/_next\/static\/media\/font-sizes-dark-mode.e382645c.svg\" alt=\"\" title=\"\" class=\"block h-[calc(var(--height)_\/_16_*_1rem)] w-[calc(var(--width)_\/_16_*_1rem)] max-w-none hidden group-hover:block group-aria-expanded:block\" style=\"--width:16;--height:16\" decoding=\"async\"\/><img loading=\"lazy\" src=\"https:\/\/www.t-online.de\/s\/paper\/_next\/static\/media\/sharing-menu-icon.1eb71368.svg\" alt=\"\" title=\"\" class=\"block h-[calc(var(--height)_\/_16_*_1rem)] w-[calc(var(--width)_\/_16_*_1rem)] max-w-none group-hover:brightness-0 group-hover:invert\" style=\"--width:16;--height:16\" decoding=\"async\"\/>Artikel teilen<\/p>\n<p class=\"font-bold text-18 leading-17 user-text-lg:text-22 user-text-xl:text-24\">In der Demokratischen Republik Kongo breitet sich Ebola rasant aus. Die WHO z\u00e4hlt bereits \u00fcber 900 Verdachtsf\u00e4lle \u2013 mit steigender Tendenz.<\/p>\n<p class=\"text-18 leading-17 user-text-lg:text-22 user-text-xl:text-24\">Nach dem Ebola-Ausbruch in der Demokratischen Republik Kongo sind nach Angaben der Weltgesundheitsorganisation (WHO) inzwischen mehr als 900 Verdachtsf\u00e4lle gemeldet worden. Wie WHO-Chef Tedros Adhanom Ghebreyesus am Sonntagabend mitteilte, wurden in dem zentralafrikanischen Land, in dem Ausr\u00fcstung zum Nachweis des Virus knapp ist, mittlerweile 101 Ebola-Infektionsf\u00e4lle best\u00e4tigt. Neue Angaben zu Todesf\u00e4llen machte er nicht. Das kongolesische <a class=\"transition-colors duration-200 cursor-pointer text-inherit no-underline text-salemsfur md:hover:text-magenta md:hover:border-magenta md:focus:text-magenta border-current border-b border-solid break-words\" data-tracking=\"{&quot;action&quot;:&quot;click&quot;,&quot;category&quot;:&quot;intextLink&quot;,&quot;label&quot;:&quot;\/themen\/gesundheitsministerium\/&quot;}\" href=\"https:\/\/www.t-online.de\/themen\/gesundheitsministerium\/\" data-sctrack=\"BodyAnchor\" rel=\"nofollow noopener\" target=\"_blank\">Gesundheitsministerium<\/a> hatte am Samstag von 204 Todesf\u00e4llen bei insgesamt 867 Verdachtsf\u00e4llen gesprochen.<\/p>\n<p class=\"text-18 leading-17 user-text-lg:text-22 user-text-xl:text-24\">Der Ebola-Ausbruch war am 15. Mai in der von bewaffneten Konflikten betroffenen kongolesischen Provinz Ituri gemeldet worden. Nach Einsch\u00e4tzung der <a class=\"transition-colors duration-200 cursor-pointer text-inherit no-underline text-salemsfur md:hover:text-magenta md:hover:border-magenta md:focus:text-magenta border-current border-b border-solid break-words\" data-tracking=\"{&quot;action&quot;:&quot;click&quot;,&quot;category&quot;:&quot;intextLink&quot;,&quot;label&quot;:&quot;\/themen\/who\/&quot;}\" href=\"https:\/\/www.t-online.de\/themen\/who\/\" data-sctrack=\"BodyAnchor\" rel=\"nofollow noopener\" target=\"_blank\">WHO<\/a> hatte sich das Virus zu diesem Zeitpunkt <a class=\"transition-colors duration-200 cursor-pointer text-inherit no-underline text-salemsfur md:hover:text-magenta md:hover:border-magenta md:focus:text-magenta border-current border-b border-solid break-words\" data-tracking=\"{&quot;action&quot;:&quot;click&quot;,&quot;category&quot;:&quot;intextLink&quot;,&quot;label&quot;:&quot;\/gesundheit\/aktuelles\/id_101267604\/who-ebola-ausbruch-begann-frueher-als-angenommen.html&quot;}\" href=\"https:\/\/www.t-online.de\/gesundheit\/aktuelles\/id_101267604\/who-ebola-ausbruch-begann-frueher-als-angenommen.html\" data-sctrack=\"BodyAnchor\" rel=\"nofollow noopener\" target=\"_blank\">wahrscheinlich schon seit Monaten unentdeckt ausgebreitet<\/a>.<\/p>\n<p><img loading=\"lazy\" src=\"https:\/\/www.t-online.de\/s\/paper\/_next\/static\/media\/ArticleExtenderStarLightIcon.288bf42f.svg\" alt=\"Symbol f\u00fcr das Nutzen von K\u00fcnstlicher Intelligenz\" title=\"Symbol f\u00fcr das Nutzen von K\u00fcnstlicher Intelligenz\" class=\"block h-[calc(var(--height)_\/_16_*_1rem)] w-[calc(var(--width)_\/_16_*_1rem)] max-w-none undefined\" style=\"--width:22;--height:22\" decoding=\"async\"\/>t-online-Assistent<\/p>\n<p class=\"text-18 text-salemsfur\">Erhalten Sie Antworten aus Tausenden t-online-Artikeln.<\/p>\n<p>Seltene Ebola-Variante f\u00fcr Ausbruch verantwortlich<\/p>\n<p class=\"text-18 leading-17 user-text-lg:text-22 user-text-xl:text-24\">Die \u00dcbertragung des Ebola-Virus erfolgt durch direkten Kontakt mit K\u00f6rperfl\u00fcssigkeiten von Infizierten, die Inkubationszeit kann bis zu drei Wochen betragen. Die aktuelle Epidemie wird von der erstmals 2007 nachgewiesenen seltenen Bundibugyo-Variante verursacht, gegen die es keinen <a class=\"transition-colors duration-200 cursor-pointer text-inherit no-underline text-salemsfur md:hover:text-magenta md:hover:border-magenta md:focus:text-magenta border-current border-b border-solid break-words\" data-tracking=\"{&quot;action&quot;:&quot;click&quot;,&quot;category&quot;:&quot;intextLink&quot;,&quot;label&quot;:&quot;\/themen\/impfstoff\/&quot;}\" href=\"https:\/\/www.t-online.de\/themen\/impfstoff\/\" data-sctrack=\"BodyAnchor\" rel=\"nofollow noopener\" target=\"_blank\">Impfstoff<\/a> und keine gezielte Therapie gibt. Die Sterblichkeitsrate bei dieser Ebola-Variante liegt bei etwa 30 bis 50 Prozent.<\/p>\n<p class=\"text-18 leading-17 user-text-lg:text-22 user-text-xl:text-24\">Die WHO hat wegen der Epidemie eine &#8222;gesundheitliche Notlage von internationaler Tragweite&#8220; ausgerufen \u2013 ihre zweith\u00f6chste Alarmstufe. Die Gesundheitsbeh\u00f6rde der Afrikanischen Union (Africa CDC) rief wegen des &#8222;hohen Risikos einer regionalen Ausbreitung&#8220; f\u00fcr den gesamten Kontinent den Notstand aus. Auch aus <a class=\"transition-colors duration-200 cursor-pointer text-inherit no-underline text-salemsfur md:hover:text-magenta md:hover:border-magenta md:focus:text-magenta border-current border-b border-solid break-words\" data-tracking=\"{&quot;action&quot;:&quot;click&quot;,&quot;category&quot;:&quot;intextLink&quot;,&quot;label&quot;:&quot;\/themen\/uganda\/&quot;}\" href=\"https:\/\/www.t-online.de\/themen\/uganda\/\" data-sctrack=\"BodyAnchor\" rel=\"nofollow noopener\" target=\"_blank\">Uganda<\/a> wurden bereits Infektionsf\u00e4lle gemeldet.<\/p>\n","protected":false},"excerpt":{"rendered":"WHO alarmiert Ebola: Zahl der Verdachtsf\u00e4lle steigt auf 900 25.05.2026 &#8211; 08:27 UhrLesedauer: 1 Min. Gesundheitspersonal in Mongbwalu&hellip;\n","protected":false},"author":2,"featured_media":1044744,"comment_status":"","ping_status":"","sticky":false,"template":"","format":"standard","meta":{"footnotes":"","_share_on_mastodon":"0"},"categories":[3],"tags":[39542,106243,134571,13,222412,15542,223709,14,15,12,25233,10,8,9,11,42147,637,103,757,5494,104],"class_list":["post-1044743","post","type-post","status-publish","format-standard","has-post-thumbnail","category-welt","tag-bmg","tag-ebola","tag-gesundheitspersonal","tag-headlines","tag-ituri","tag-kongo","tag-mongbwalu","tag-nachrichten","tag-news","tag-schlagzeilen","tag-tedros-adhanom","tag-top-news","tag-top-meldungen","tag-topmeldungen","tag-topnews","tag-verdachtsfall","tag-virus","tag-welt","tag-weltgesundheitsorganisation","tag-who","tag-world"],"share_on_mastodon":{"url":"https:\/\/pubeurope.com\/@de\/116634198572844258","error":""},"_links":{"self":[{"href":"https:\/\/www.europesays.com\/de\/wp-json\/wp\/v2\/posts\/1044743","targetHints":{"allow":["GET"]}}],"collection":[{"href":"https:\/\/www.europesays.com\/de\/wp-json\/wp\/v2\/posts"}],"about":[{"href":"https:\/\/www.europesays.com\/de\/wp-json\/wp\/v2\/types\/post"}],"author":[{"embeddable":true,"href":"https:\/\/www.europesays.com\/de\/wp-json\/wp\/v2\/users\/2"}],"replies":[{"embeddable":true,"href":"https:\/\/www.europesays.com\/de\/wp-json\/wp\/v2\/comments?post=1044743"}],"version-history":[{"count":0,"href":"https:\/\/www.europesays.com\/de\/wp-json\/wp\/v2\/posts\/1044743\/revisions"}],"wp:featuredmedia":[{"embeddable":true,"href":"https:\/\/www.europesays.com\/de\/wp-json\/wp\/v2\/media\/1044744"}],"wp:attachment":[{"href":"https:\/\/www.europesays.com\/de\/wp-json\/wp\/v2\/media?parent=1044743"}],"wp:term":[{"taxonomy":"category","embeddable":true,"href":"https:\/\/www.europesays.com\/de\/wp-json\/wp\/v2\/categories?post=1044743"},{"taxonomy":"post_tag","embeddable":true,"href":"https:\/\/www.europesays.com\/de\/wp-json\/wp\/v2\/tags?post=1044743"}],"curies":[{"name":"wp","href":"https:\/\/api.w.org\/{rel}","templated":true}]}}