{"id":1045097,"date":"2026-05-25T11:59:22","date_gmt":"2026-05-25T11:59:22","guid":{"rendered":"https:\/\/www.europesays.com\/de\/1045097\/"},"modified":"2026-05-25T11:59:22","modified_gmt":"2026-05-25T11:59:22","slug":"hannover-die-stadt-die-selten-schlaeft","status":"publish","type":"post","link":"https:\/\/www.europesays.com\/de\/1045097\/","title":{"rendered":"Hannover (Die Stadt, die selten schl\u00e4ft)"},"content":{"rendered":"<p>Etwas ganz besonderes hat sich der Hemminger B\u00fcrgermeister Claus Schacht f\u00fcr seinen Bruder, den Gesch\u00e4ftsf\u00fchrer der Markthalle \u2013 dem \u201e<a href=\"https:\/\/www.hannover-entdecken.de\/markthalle-hannover-beliebter-treff-in-der-city\/\" data-internallinksmanager029f6b8e52c=\"3759\" title=\"Markthalle\" rel=\"nofollow noopener\" target=\"_blank\">Bauch von Hannover<\/a>\u201c \u2013 ausgedacht: \u201eGerhard bekommt, stellvertretend f\u00fcr alle B\u00fcrgerinnen und B\u00fcrger, von uns eine Liebeserkl\u00e4rung an Hannover \u00fcberreicht.\u201c<\/p>\n<p>Schacht, der als Bassist mit den Calenberger Heiratsschwindlern bereits \u201azig Songs \u00fcber \u201eseine Stadt\u201c <a href=\"https:\/\/www.hannover-entdecken.de\/hemmingen\/\" data-internallinksmanager029f6b8e52c=\"3741\" title=\"Hemmingen\" rel=\"nofollow noopener\" target=\"_blank\">Hemmingen<\/a> gespielt hat, will mit dem neuen Song nun seiner Heimatstadt huldigen. \u201eEin Ohrwurm sollte es werden; und ich glaube, das haben wir hingekriegt\u201c, sagt Schacht. \u201eImmerhin hab\u2018 ich 40 Jahre lang in der Landeshauptstadt gelebt.\u201c<\/p>\n<\/p>\n<p>Um diesem Ziel nahe zu kommen, hat er sich prominente und erfahrene Musiker mit ins Boot geholt: S\u00e4nger Michael Krowas (Krowas &amp; Friends) und Keyboarder Andreas H\u00fclsemann<br \/>(jazzlike), haben mit Schacht die Grundidee ausgearbeitet. Durch die Produktion von Ecki H\u00fcdepohl (It\u2019s M.E., Ecki &amp; the Moonpie Rats) und mit Unterst\u00fctzung von Marleen Gaida und Michaela Klinger (Agent Dee), die f\u00fcr den Background-Gesang gesorgt haben, entstand eine regelrechte Hymne an die Stadt.<\/p>\n<p><a href=\"https:\/\/www.youtube.com\/@nanoshannover4228\" target=\"_blank\" rel=\"nofollow noopener\">https:\/\/www.youtube.com\/@nanoshannover4228<\/a><\/p>\n<p>Kategorie: <a href=\"https:\/\/www.hannover-entdecken.de\/category\/impressionen\/musikszene\/\" rel=\"category tag nofollow noopener\" target=\"_blank\">Musikszene<\/a>, <a href=\"https:\/\/www.hannover-entdecken.de\/category\/impressionen\/videos\/\" rel=\"category tag nofollow noopener\" target=\"_blank\">Videos<\/a>                <\/p>\n","protected":false},"excerpt":{"rendered":"Etwas ganz besonderes hat sich der Hemminger B\u00fcrgermeister Claus Schacht f\u00fcr seinen Bruder, den Gesch\u00e4ftsf\u00fchrer der Markthalle \u2013&hellip;\n","protected":false},"author":2,"featured_media":1045098,"comment_status":"","ping_status":"","sticky":false,"template":"","format":"standard","meta":{"footnotes":"","_share_on_mastodon":"0"},"categories":[1836],"tags":[3364,29,30,46,7637,42768,1411],"class_list":["post-1045097","post","type-post","status-publish","format-standard","has-post-thumbnail","category-hannover","tag-de","tag-deutschland","tag-germany","tag-hannover","tag-hemmingen","tag-markthalle","tag-niedersachsen"],"share_on_mastodon":{"url":"https:\/\/pubeurope.com\/@de\/116635105153435169","error":""},"_links":{"self":[{"href":"https:\/\/www.europesays.com\/de\/wp-json\/wp\/v2\/posts\/1045097","targetHints":{"allow":["GET"]}}],"collection":[{"href":"https:\/\/www.europesays.com\/de\/wp-json\/wp\/v2\/posts"}],"about":[{"href":"https:\/\/www.europesays.com\/de\/wp-json\/wp\/v2\/types\/post"}],"author":[{"embeddable":true,"href":"https:\/\/www.europesays.com\/de\/wp-json\/wp\/v2\/users\/2"}],"replies":[{"embeddable":true,"href":"https:\/\/www.europesays.com\/de\/wp-json\/wp\/v2\/comments?post=1045097"}],"version-history":[{"count":0,"href":"https:\/\/www.europesays.com\/de\/wp-json\/wp\/v2\/posts\/1045097\/revisions"}],"wp:featuredmedia":[{"embeddable":true,"href":"https:\/\/www.europesays.com\/de\/wp-json\/wp\/v2\/media\/1045098"}],"wp:attachment":[{"href":"https:\/\/www.europesays.com\/de\/wp-json\/wp\/v2\/media?parent=1045097"}],"wp:term":[{"taxonomy":"category","embeddable":true,"href":"https:\/\/www.europesays.com\/de\/wp-json\/wp\/v2\/categories?post=1045097"},{"taxonomy":"post_tag","embeddable":true,"href":"https:\/\/www.europesays.com\/de\/wp-json\/wp\/v2\/tags?post=1045097"}],"curies":[{"name":"wp","href":"https:\/\/api.w.org\/{rel}","templated":true}]}}