{"id":1045278,"date":"2026-05-25T13:50:17","date_gmt":"2026-05-25T13:50:17","guid":{"rendered":"https:\/\/www.europesays.com\/de\/1045278\/"},"modified":"2026-05-25T13:50:17","modified_gmt":"2026-05-25T13:50:17","slug":"gutachten-iw-ranking-in-haar-bei-muenchen-lebt-es-sich-am-besten","status":"publish","type":"post","link":"https:\/\/www.europesays.com\/de\/1045278\/","title":{"rendered":"Gutachten: IW-Ranking: In Haar bei M\u00fcnchen lebt es sich am besten"},"content":{"rendered":"<p class=\"paragraph article__item\">Das 23.000-Einwohner-St\u00e4dtchen Haar bei <a class=\"rtr-entity\" href=\"https:\/\/www.zeit.de\/thema\/muenchen\" rel=\"nofollow noopener\" target=\"_blank\">M\u00fcnchen<\/a> ist laut einer Studie des Instituts der deutschen Wirtschaft (IW) bundesweit am besten versorgt mit \u00c4rzten, Schulen, schnellem Internet und vielen anderen Infrastruktur-Angeboten. Das geht aus dem \u00abIW-Gemeindecheck Daseinsvorsorge\u00bb im Auftrag des Tabakkonzerns Philip Morris hervor, f\u00fcr den s\u00e4mtliche knapp 11.000 Kommunen in Deutschland untersucht wurden.\n<\/p>\n<p>Aktuelles<\/p>\n<p>                <a href=\"https:\/\/www.zeit.de\/wirtschaft\/2026-05\/daseinsvorsorge-oepnv-infrastruktur-internet-gesundheitsversorgung-gemeinde-vergleich\" data-ct-label=\"Daseinsvorsorge: Wo es sich in Deutschland am besten leben l\u00e4sst\" data-uuid=\"b0c66980-f811-4685-994e-bc009a9edba4\" rel=\"nofollow noopener\" target=\"_blank\"><\/p>\n<p>        Z+ (abopflichtiger Inhalt);<\/p>\n<p>    Daseinsvorsorge:<br \/>\n                        Wo es sich in Deutschland am besten leben l\u00e4sst<\/p>\n<p>                <\/a><\/p>\n<p>                <a href=\"https:\/\/www.zeit.de\/2026\/20\/organspende-kaernten-oesterreich-widerspruchsregelung-eurotransplant\" data-ct-label=\"Organspende in K\u00e4rnten: Sich ein Herz fassen\" data-uuid=\"c7bb4a10-5ac7-40b8-af1c-beb0ffe03771\" rel=\"nofollow noopener\" target=\"_blank\"><\/p>\n<p>        Z+ (abopflichtiger Inhalt);<\/p>\n<p>    Organspende in K\u00e4rnten:<br \/>\n                        Sich ein Herz fassen<\/p>\n<p>                <\/a><\/p>\n<p>                <a href=\"https:\/\/www.zeit.de\/2026\/23\/demokratieunterricht-schulen-thueringen-radikale-parteien\" data-ct-label=\"Demokratieunterricht in Th\u00fcringen: Die Verfassungsviertelstunde\" data-uuid=\"08992a35-dc63-4e48-aed0-624ce288a7ec\" rel=\"nofollow noopener\" target=\"_blank\"><\/p>\n<p>        Z+ (abopflichtiger Inhalt);<\/p>\n<p>    Demokratieunterricht in Th\u00fcringen:<br \/>\n                        Die Verfassungsviertelstunde<\/p>\n<p>                <\/a><\/p>\n<p class=\"paragraph article__item\">Ausgewertet wurden nach Angaben der IW-Gesellschaftsforschung 17 Indikatoren in den Bereichen Bildung, Gesundheit, Mobilit\u00e4t, Digitales und Freizeit. Zuerst hatte das Nachrichtenmagazin \u00abSpiegel\u00bb dar\u00fcber berichtet.\n<\/p>\n<p class=\"paragraph article__item\">Im Vergleich der Fl\u00e4chenl\u00e4nder liegt Nordrhein-Westfalen vorn: Mehr als jede zweite NRW-Gemeinde falle in die Kategorie \u00absehr gut\u00bb versorgt &#8211; insgesamt 86 Prozent in eine der beiden Top-Kategorien \u00absehr gut\u00bb und \u00abgut\u00bb, teilte das IW in K\u00f6ln mit. Am anderen Ende steht Mecklenburg-Vorpommern: Dort gilt demnach mehr als jede zweite Gemeinde als \u00absehr schlecht\u00bb versorgt. Der Blick auf die \u00dcbersichtskarte des IW zeigt, dass auch in Bayern einige Regionen durchaus besser dastehen k\u00f6nnten.\n<\/p>\n<p class=\"paragraph article__item\">Die Fachleute bewertet etwa die Versorgung mit Kitas und Schulen, die Anbindung an Autobahnen, Nahverkehr und Flugh\u00e4fen und die Erreichbarkeit von \u00c4rzten, Apotheken, Pflegeeinrichtungen, Theatern, Museen, Schwimmb\u00e4dern. Aber auch die Mobilfunkabdeckung und die Breitbandverf\u00fcgbarkeit gingen in die Auswertung ein.\u00a0\n<\/p>\n<p class=\"paragraph article__item\">\u00dcberraschend: Jenseits der Metropolen schneiden einige Mittel- oder Kleinst\u00e4dte \u00fcberraschend gut ab: Memmingen im Allg\u00e4u etwa kommt deutschlandweit auf Rang f\u00fcnf. Dagegen landen einige Gro\u00dfst\u00e4dte abgeschlagen auf hinteren Pl\u00e4tzen: W\u00fcrzburg etwa auf Rang 1.705.\n<\/p>\n<p class=\"paragraph article__item\">\u00a9 dpa-infocom, dpa:260525-930-127489\/1<\/p>\n","protected":false},"excerpt":{"rendered":"Das 23.000-Einwohner-St\u00e4dtchen Haar bei M\u00fcnchen ist laut einer Studie des Instituts der deutschen Wirtschaft (IW) bundesweit am besten&hellip;\n","protected":false},"author":2,"featured_media":1045279,"comment_status":"","ping_status":"","sticky":false,"template":"","format":"standard","meta":{"footnotes":"","_share_on_mastodon":"0"},"categories":[1827],"tags":[33823,772,29,30,12645,1268,15,85470],"class_list":["post-1045278","post","type-post","status-publish","format-standard","has-post-thumbnail","category-muenchen","tag-gutachten","tag-bayern","tag-deutschland","tag-germany","tag-institut-der-deutschen-wirtschaft","tag-muenchen","tag-news","tag-philip-morris"],"share_on_mastodon":{"url":"https:\/\/pubeurope.com\/@de\/116635541702676178","error":""},"_links":{"self":[{"href":"https:\/\/www.europesays.com\/de\/wp-json\/wp\/v2\/posts\/1045278","targetHints":{"allow":["GET"]}}],"collection":[{"href":"https:\/\/www.europesays.com\/de\/wp-json\/wp\/v2\/posts"}],"about":[{"href":"https:\/\/www.europesays.com\/de\/wp-json\/wp\/v2\/types\/post"}],"author":[{"embeddable":true,"href":"https:\/\/www.europesays.com\/de\/wp-json\/wp\/v2\/users\/2"}],"replies":[{"embeddable":true,"href":"https:\/\/www.europesays.com\/de\/wp-json\/wp\/v2\/comments?post=1045278"}],"version-history":[{"count":0,"href":"https:\/\/www.europesays.com\/de\/wp-json\/wp\/v2\/posts\/1045278\/revisions"}],"wp:featuredmedia":[{"embeddable":true,"href":"https:\/\/www.europesays.com\/de\/wp-json\/wp\/v2\/media\/1045279"}],"wp:attachment":[{"href":"https:\/\/www.europesays.com\/de\/wp-json\/wp\/v2\/media?parent=1045278"}],"wp:term":[{"taxonomy":"category","embeddable":true,"href":"https:\/\/www.europesays.com\/de\/wp-json\/wp\/v2\/categories?post=1045278"},{"taxonomy":"post_tag","embeddable":true,"href":"https:\/\/www.europesays.com\/de\/wp-json\/wp\/v2\/tags?post=1045278"}],"curies":[{"name":"wp","href":"https:\/\/api.w.org\/{rel}","templated":true}]}}