{"id":1045572,"date":"2026-05-25T16:57:23","date_gmt":"2026-05-25T16:57:23","guid":{"rendered":"https:\/\/www.europesays.com\/de\/1045572\/"},"modified":"2026-05-25T16:57:23","modified_gmt":"2026-05-25T16:57:23","slug":"wildschwein-in-berlin-polizei-riegelt-einkaufszentrum-ab","status":"publish","type":"post","link":"https:\/\/www.europesays.com\/de\/1045572\/","title":{"rendered":"Wildschwein in Berlin: Polizei riegelt Einkaufszentrum ab"},"content":{"rendered":"<p>Wildschwein w\u00fctet in Markt <\/p>\n<p>Polizei riegelt Einkaufszentrum ab<\/p>\n<p>13.03.2026Lesedauer: 2 Min.<\/p>\n<p><a href=\"#focus-0\" class=\"transition-colors duration-200 block text-current relative\" data-sctrack=\"FocusGalleryImage.Reference\"><img fetchpriority=\"high\" data-testid=\"Opener.Image\"   loading=\"eager\" src=\"https:\/\/www.europesays.com\/de\/wp-content\/uploads\/2026\/05\/das-wildschwein-im-einkaufszentrum-die-polizei-sperrte-das-gebaeude-ab.jpg\" alt=\"Das Wildschwein im Einkaufszentrum: Die Polizei sperrte das Geb\u00e4ude ab.\" title=\"Das Wildschwein im Einkaufszentrum: Die Polizei sperrte das Geb\u00e4ude ab.\" width=\"1628\" height=\"916\" class=\"bg-[url:var(--lqipURL)] bg-cover bg-center flex h-full w-full max-w-full\" style=\"--lqipURL:url('https:\/\/images.t-online.de\/2026\/03\/4p4ypJv3uZ7K\/0x566:1628x916\/fit-in\/150x0\/filters:blur(25)\/das-wildschwein-im-einkaufszentrum-die-polizei-sperrte-das-gebaeude-ab.jpg')\" decoding=\"async\"\/><img loading=\"lazy\" src=\"https:\/\/www.t-online.de\/s\/paper\/_next\/static\/media\/zoom-in.f7dae02f.svg\" alt=\"Vergr\u00f6\u00dfern des Bildes\" title=\"Vergr\u00f6\u00dfern des Bildes\" class=\"block h-[calc(var(--height)_\/_16_*_1rem)] w-[calc(var(--width)_\/_16_*_1rem)] max-w-none absolute bottom-8 right-8 rounded-4 bg-snow p-8\" style=\"--width:32;--height:32\" decoding=\"async\"\/><\/a><\/p>\n<p>Das Wildschwein im Einkaufszentrum: Die Polizei sperrte das Geb\u00e4ude ab. (Quelle: Polizei)<\/p>\n<p><img loading=\"lazy\" src=\"https:\/\/www.t-online.de\/s\/paper\/_next\/static\/media\/audio-volume.6689034c.svg\" alt=\"\" title=\"\" class=\"block h-[calc(var(--height)_\/_16_*_1rem)] w-[calc(var(--width)_\/_16_*_1rem)] max-w-none group-hover:brightness-0 group-hover:invert\" style=\"--width:16;--height:16\" decoding=\"async\"\/>Vorlesen<\/p>\n<p>Aktuelle Zeit:0:00Gesamtdauer:0:00<\/p>\n<p>1x<\/p>\n<p class=\"text-center\">Jetzt neu bei t-online:<\/p>\n<p class=\"text-center\">Schriftgr\u00f6\u00dfe anpassen!<\/p>\n<p><img loading=\"lazy\" src=\"https:\/\/www.t-online.de\/s\/paper\/_next\/static\/media\/font-sizes.32942e33.svg\" alt=\"\" title=\"\" class=\"block h-[calc(var(--height)_\/_16_*_1rem)] w-[calc(var(--width)_\/_16_*_1rem)] max-w-none group-hover:hidden group-aria-expanded:hidden\" style=\"--width:16;--height:16\" decoding=\"async\"\/><img loading=\"lazy\" src=\"https:\/\/www.t-online.de\/s\/paper\/_next\/static\/media\/font-sizes-dark-mode.e382645c.svg\" alt=\"\" title=\"\" class=\"block h-[calc(var(--height)_\/_16_*_1rem)] w-[calc(var(--width)_\/_16_*_1rem)] max-w-none hidden group-hover:block group-aria-expanded:block\" style=\"--width:16;--height:16\" decoding=\"async\"\/><img loading=\"lazy\" src=\"https:\/\/www.t-online.de\/s\/paper\/_next\/static\/media\/sharing-menu-icon.1eb71368.svg\" alt=\"\" title=\"\" class=\"block h-[calc(var(--height)_\/_16_*_1rem)] w-[calc(var(--width)_\/_16_*_1rem)] max-w-none group-hover:brightness-0 group-hover:invert\" style=\"--width:16;--height:16\" decoding=\"async\"\/>Artikel teilen<\/p>\n<p class=\"font-bold text-18 leading-17 user-text-lg:text-22 user-text-xl:text-24\">In Berlin steht pl\u00f6tzlich ein Wildschwein in einem Markt \u2013 und die Polizei r\u00fcckt zur Gefahrenabwehr an. Ein Einkaufszentrum wird abgesperrt.<\/p>\n<p class=\"text-18 leading-17 user-text-lg:text-22 user-text-xl:text-24\">Die Berliner Polizei ist am Freitagmorgen zu einem ungew\u00f6hnlichen Einsatz nach <a class=\"transition-colors duration-200 cursor-pointer text-inherit no-underline text-salemsfur md:hover:text-magenta md:hover:border-magenta md:focus:text-magenta border-current border-b border-solid break-words\" data-tracking=\"{&quot;action&quot;:&quot;click&quot;,&quot;category&quot;:&quot;intextLink&quot;,&quot;label&quot;:&quot;\/themen\/koepenick\/&quot;}\" href=\"https:\/\/www.t-online.de\/themen\/koepenick\/\" data-sctrack=\"BodyAnchor\" rel=\"nofollow noopener\" target=\"_blank\">K\u00f6penick<\/a> gefahren. Ein Wildschwein war in einen Tedi-Markt eingedrungen.<\/p>\n<p class=\"text-18 leading-17 user-text-lg:text-22 user-text-xl:text-24\">Gegen 9 Uhr sei das Wildschwein mit einem lauten Rumms gegen den Haupteingang eines Shopping-Centers gerannt, berichtete der &#8222;Tagesspiegel&#8220;. Die Glast\u00fcr sei zersprungen, aber die Schiebet\u00fcr habe sich automatisch ge\u00f6ffnet. Das Tier sei daraufhin ins Center gelaufen und habe sich dort direkt in den Tedi-Markt begeben. Auf einem von der Polizei ver\u00f6ffentlichten Foto ist zu sehen, wie es im Kassenbereich umherl\u00e4uft.<\/p>\n<ul class=\"text-18 leading-17 block pl-24 *:pb-16 *:before:inline-block *:before:size-8 *:before:bg-magenta *:before:-ml-[20px] *:before:mb-2 *:before:mr-12 *:before:mt-0\">\n<li><strong class=\"font-bold\">Schwere Unf\u00e4lle:<\/strong> <a class=\"transition-colors duration-200 cursor-pointer text-inherit no-underline text-salemsfur md:hover:text-magenta md:hover:border-magenta md:focus:text-magenta border-current border-b border-solid break-words\" data-tracking=\"{&quot;action&quot;:&quot;click&quot;,&quot;category&quot;:&quot;intextLink&quot;,&quot;label&quot;:&quot;\/nachrichten\/panorama\/ungluecke\/id_101168616\/unfall-auf-der-a2-der-a3-und-der-a6-autobahnen-gesperrt.html&quot;}\" href=\"https:\/\/www.t-online.de\/nachrichten\/panorama\/ungluecke\/id_101168616\/unfall-auf-der-a2-der-a3-und-der-a6-autobahnen-gesperrt.html\" data-sctrack=\"BodyAnchor\" rel=\"nofollow noopener\" target=\"_blank\">Polizei riegelt gleich drei wichtige Autobahnen ab<\/a><\/li>\n<li><strong class=\"font-bold\">&#8222;Wieder in einer Art Gefangenschaft&#8220;:<\/strong> <a class=\"transition-colors duration-200 cursor-pointer text-inherit no-underline text-salemsfur md:hover:text-magenta md:hover:border-magenta md:focus:text-magenta border-current border-b border-solid break-words\" data-tracking=\"{&quot;action&quot;:&quot;click&quot;,&quot;category&quot;:&quot;intextLink&quot;,&quot;label&quot;:&quot;\/nachrichten\/panorama\/menschen-schicksale\/id_101167668\/natascha-kampusch-ist-wieder-in-einer-art-gefangenschaft-.html&quot;}\" href=\"https:\/\/www.t-online.de\/nachrichten\/panorama\/menschen-schicksale\/id_101167668\/natascha-kampusch-ist-wieder-in-einer-art-gefangenschaft-.html\" data-sctrack=\"BodyAnchor\" rel=\"nofollow noopener\" target=\"_blank\">Natascha Kampusch erleidet Zusammenbruch<\/a><\/li>\n<\/ul>\n<p class=\"text-18 leading-17 user-text-lg:text-22 user-text-xl:text-24\">Die Polizei kam und r\u00e4umte &#8222;zur Gefahrenabwehr&#8220; das Allende-Center, in dem sich au\u00dfer dem Tedi noch mehr als 30 andere Shops befinden. Die Absperrung sei &#8222;mit Augenma\u00df&#8220; vorgenommen worden, sagte ein Polizeisprecher t-online. &#8222;Es ging darum, zu verhindern, dass das Wildschwein in den flie\u00dfenden Verkehr rennt.&#8220;<\/p>\n<p>Wildschwein im Einkaufszentrum: Strenger Geruch und Chaos<\/p>\n<p class=\"text-18 leading-17 user-text-lg:text-22 user-text-xl:text-24\">Um das Tier wieder einzufangen, wurden der Berliner Stadtj\u00e4ger und eine Tier\u00e4rztin des Tierparks <a class=\"transition-colors duration-200 cursor-pointer text-inherit no-underline text-salemsfur md:hover:text-magenta md:hover:border-magenta md:focus:text-magenta border-current border-b border-solid break-words\" data-tracking=\"{&quot;action&quot;:&quot;click&quot;,&quot;category&quot;:&quot;intextLink&quot;,&quot;label&quot;:&quot;https:\/\/berlin.t-online.de\/region\/berlin\/&quot;}\" href=\"https:\/\/berlin.t-online.de\/region\/berlin\/\" data-sctrack=\"BodyAnchor\" rel=\"nofollow noopener\" target=\"_blank\">Berlin<\/a> ins Allende-Center samt Blasrohr und Narkosegewehr gerufen. Doch im verwinkelten Tedi-Markt erwies es sich als nicht m\u00f6glich, das Schwein zu bet\u00e4uben.<\/p>\n<p class=\"text-18 leading-17 user-text-lg:text-22 user-text-xl:text-24\">Polizeibeamte bauten daraufhin einen Fluchttunnel aus Europaletten auf, durch den das Tier durch eine Nebent\u00fcr in den benachbarten Volkspark gescheucht werden sollte. Das Vorhaben gl\u00fcckte: Zwei Beamte trieben das Tier mit Schildern vor sich her und aus dem Zentrum heraus.<\/p>\n<p class=\"text-18 leading-17 user-text-lg:text-22 user-text-xl:text-24\">Um kurz vor 12 Uhr war das Wildschwein wieder in freier Wildbahn: Zur\u00fcck lie\u00df es dem &#8222;Tagesspiegel&#8220; zufolge allerdings einen strengen Geruch \u2013 und Chaos: In seiner Panik habe das Tier auch mehrere Regale leer gefegt, hie\u00df es.<\/p>\n","protected":false},"excerpt":{"rendered":"Wildschwein w\u00fctet in Markt Polizei riegelt Einkaufszentrum ab 13.03.2026Lesedauer: 2 Min. Das Wildschwein im Einkaufszentrum: Die Polizei sperrte&hellip;\n","protected":false},"author":2,"featured_media":1045573,"comment_status":"","ping_status":"","sticky":false,"template":"","format":"standard","meta":{"footnotes":"","_share_on_mastodon":"0"},"categories":[1825],"tags":[1434,1941,1939,296,1937,29,10541,19691,30,31731,1940,1938,121,10395],"class_list":["post-1045572","post","type-post","status-publish","format-standard","has-post-thumbnail","category-berlin","tag-1434","tag-aktuelle-nachrichten-aus-berlin","tag-aktuelle-news-aus-berlin","tag-berlin","tag-berlin-news","tag-deutschland","tag-einkaufszentrum","tag-gefahrenabwehr","tag-germany","tag-koepenick","tag-nachrichten-aus-berlin","tag-news-aus-berlin","tag-polizei","tag-wildschwein"],"share_on_mastodon":{"url":"https:\/\/pubeurope.com\/@de\/116636277466507609","error":""},"_links":{"self":[{"href":"https:\/\/www.europesays.com\/de\/wp-json\/wp\/v2\/posts\/1045572","targetHints":{"allow":["GET"]}}],"collection":[{"href":"https:\/\/www.europesays.com\/de\/wp-json\/wp\/v2\/posts"}],"about":[{"href":"https:\/\/www.europesays.com\/de\/wp-json\/wp\/v2\/types\/post"}],"author":[{"embeddable":true,"href":"https:\/\/www.europesays.com\/de\/wp-json\/wp\/v2\/users\/2"}],"replies":[{"embeddable":true,"href":"https:\/\/www.europesays.com\/de\/wp-json\/wp\/v2\/comments?post=1045572"}],"version-history":[{"count":0,"href":"https:\/\/www.europesays.com\/de\/wp-json\/wp\/v2\/posts\/1045572\/revisions"}],"wp:featuredmedia":[{"embeddable":true,"href":"https:\/\/www.europesays.com\/de\/wp-json\/wp\/v2\/media\/1045573"}],"wp:attachment":[{"href":"https:\/\/www.europesays.com\/de\/wp-json\/wp\/v2\/media?parent=1045572"}],"wp:term":[{"taxonomy":"category","embeddable":true,"href":"https:\/\/www.europesays.com\/de\/wp-json\/wp\/v2\/categories?post=1045572"},{"taxonomy":"post_tag","embeddable":true,"href":"https:\/\/www.europesays.com\/de\/wp-json\/wp\/v2\/tags?post=1045572"}],"curies":[{"name":"wp","href":"https:\/\/api.w.org\/{rel}","templated":true}]}}