{"id":1045576,"date":"2026-05-25T16:59:22","date_gmt":"2026-05-25T16:59:22","guid":{"rendered":"https:\/\/www.europesays.com\/de\/1045576\/"},"modified":"2026-05-25T16:59:22","modified_gmt":"2026-05-25T16:59:22","slug":"vertrag-laeuft-aus-das-sagt-alba-zur-hermannsson-zukunft-sportmix","status":"publish","type":"post","link":"https:\/\/www.europesays.com\/de\/1045576\/","title":{"rendered":"Vertrag l\u00e4uft aus : Das sagt Alba zur Hermannsson-Zukunft | Sportmix"},"content":{"rendered":"<p><a class=\"skip-content skip-content--link\" href=\"#in-content-skip-link-target-v-0-0\">TTS-Player \u00fcberspringen\u21b5<\/a><a id=\"in-content-skip-link-target-v-0-0\" class=\"skip-content--target-link-hidden skip-content skip-content--target-link\" href=\"#in-content-skip-link-target-v-0-0\">Artikel weiterlesen<\/a><\/p>\n<p><b>Es gibt Spiele, es gibt Momente, die bleiben in den Fan-Erinnerungen h\u00e4ngen. Sehr lange h\u00e4ngen. Und die letzten Sekunden des vierten <\/b><a href=\"https:\/\/sportbild.bild.de\/sportmix\/basketball\/basketball\/home-44119656.sport.html\" class=\"text-link\" rel=\"nofollow noopener\" target=\"_blank\"><b>BBL<\/b><\/a><b>-Viertelfinal-Spiels zwischen Rasta Vechta und Alba Berlin (79:85) war genauso ein Moment.<\/b><\/p>\n<p><a class=\"article-image__anchor\" href=\"https:\/\/www.dyn.sport\/sport_basketball\" target=\"_blank\" rel=\"noopener nofollow\"><img decoding=\"async\" width=\"992\" height=\"84\" alt=\"\" src=\"https:\/\/www.europesays.com\/de\/wp-content\/uploads\/2026\/05\/2489bbbe5516505166b883e20652ab37,3aef06e5.png\"   class=\"dynamic\" loading=\"lazy\"\/><\/a><\/p>\n<p>Foto: BILD<\/p>\n<p>Ein Moment, \u00fcber den die Alba-Fans noch in f\u00fcnf oder zehn Jahren reden werden. \u201eWei\u00dft du noch, damals in Vechta, als Martin den Ball klaute &#8230;?\u201c Damals, das war am Pfingstsonntag. In einer dramatischen Schluss-Phase macht Albas Spielmacher Martin Hermannsson (31) den Sieg mit epischen 20 Sekunden perfekt und erzwingt ein f\u00fcnftes Spiel am Mittwoch (live auf Dyn). <\/p>\n<p>Vertrag l\u00e4uft aus: Das sagt Albas Sportdirektor Himar Ojeda zur Zukunft von Martin Hermannsson<\/p>\n<p>4. Viertel, Alba f\u00fchrt 81:79, aber Vechta im Angriff, kann ausgleichen oder per Dreier das Spiel gewinnen. Vechtas Spielmacher Alonzo Verge will Tibor Plei\u00df anspielen, der fast frei unterm Alba Korb steht. Doch Hermannsson riecht den Bodenpass, geht mit langem Arm dazwischen und f\u00e4ngt den Ball ab. Konter, doch der Weg zum Korb ist zu, Hermannsson nimmt das Tempo raus, l\u00e4sst die Uhr runterlaufen. Noch 20 Sekunden, noch 15, noch zw\u00f6lf Sekunden. Dann forciert der Isl\u00e4nder das Tempo, zieht Richtung Korb. Und l\u00e4sst mit einer spektakul\u00e4ren Finte die Vechta-Defense aussteigen. Der Weg ist frei und er legt zehn Sekunden vor Schluss den Ball in den Vechta-Korb zur 83:79 &#8211; die Entscheidung. \u201eF\u00fcr meine starke Defense bin ich doch bekannt\u201c, so Hermannsson augenzwinkernd danach. \u201eIm Ernst: Ich glaube, jeder ist hier in der Schluss-Phase gestorben. Aber wir wollten ein Spiel hier gewinnen. Das haben wir geschafft.\u201c<\/p>\n<p>Bei den Fans hat er mit seiner grandiosen Schluss-Phase eine bleibende Erinnerung geschaffen. Doch bleibt Hermannsson auch in Berlin? Sein Vertrag l\u00e4uft im Sommer aus. Er m\u00f6chte bleiben. Und Alba m\u00f6chte ihn halten. Sportdirektor Himar Ojeda: \u201eMartin ist ein Spieler, der Verantwortung \u00fcbernimmt. Ein Anf\u00fchrer f\u00fcr solche Momente. Im Cup-Finale hatten wir ihn nicht. Und wir haben verloren. In der Champions League war er noch angeschlagen und wir sind rausgeflogen. Ich bin froh, dass wir ihn im letzten Sommer behalten haben. Und hoffentlich bleibt er noch l\u00e4nger bei uns.\u201c<\/p>\n<p>Doch jetzt steht am Mittwoch Spiel f\u00fcnf auf dem Programm. Hermannsson: \u201eDaf\u00fcr haben wir das ganze Jahr gearbeitet, um im entscheidenden f\u00fcnften Spiel den Heim-Vorteil zu haben. Ich freue mich jetzt auf eine ausverkaufte Uber Arena.\u201c Und der Sieg in Vechta w\u00fcrde sicher eher in Vergessenheit geraten, wenn Alba doch noch rausfliegen sollte. F\u00fchlt sich ein bisschen wie das Finale der Fu\u00dfball-WM 2014 an. Da musste Deutschland auch noch das Finale gegen Argentinien gewinnen, nachdem man im Halbfinale Brasilien mit 7:1 abgefertigt hatte &#8230; <\/p>\n","protected":false},"excerpt":{"rendered":"TTS-Player \u00fcberspringen\u21b5Artikel weiterlesen Es gibt Spiele, es gibt Momente, die bleiben in den Fan-Erinnerungen h\u00e4ngen. Sehr lange h\u00e4ngen.&hellip;\n","protected":false},"author":2,"featured_media":1045577,"comment_status":"","ping_status":"","sticky":false,"template":"","format":"standard","meta":{"footnotes":"","_share_on_mastodon":"0"},"categories":[1825],"tags":[2471,2493,2472,296,29,5841,5842,30,5845,5847],"class_list":["post-1045576","post","type-post","status-publish","format-standard","has-post-thumbnail","category-berlin","tag-alba-berlin","tag-basketball","tag-bbl","tag-berlin","tag-deutschland","tag-dyn-basketball","tag-euroleague","tag-germany","tag-knaack-oliver","tag-sc-rasta-vechta"],"share_on_mastodon":{"url":"https:\/\/pubeurope.com\/@de\/116636286172789537","error":""},"_links":{"self":[{"href":"https:\/\/www.europesays.com\/de\/wp-json\/wp\/v2\/posts\/1045576","targetHints":{"allow":["GET"]}}],"collection":[{"href":"https:\/\/www.europesays.com\/de\/wp-json\/wp\/v2\/posts"}],"about":[{"href":"https:\/\/www.europesays.com\/de\/wp-json\/wp\/v2\/types\/post"}],"author":[{"embeddable":true,"href":"https:\/\/www.europesays.com\/de\/wp-json\/wp\/v2\/users\/2"}],"replies":[{"embeddable":true,"href":"https:\/\/www.europesays.com\/de\/wp-json\/wp\/v2\/comments?post=1045576"}],"version-history":[{"count":0,"href":"https:\/\/www.europesays.com\/de\/wp-json\/wp\/v2\/posts\/1045576\/revisions"}],"wp:featuredmedia":[{"embeddable":true,"href":"https:\/\/www.europesays.com\/de\/wp-json\/wp\/v2\/media\/1045577"}],"wp:attachment":[{"href":"https:\/\/www.europesays.com\/de\/wp-json\/wp\/v2\/media?parent=1045576"}],"wp:term":[{"taxonomy":"category","embeddable":true,"href":"https:\/\/www.europesays.com\/de\/wp-json\/wp\/v2\/categories?post=1045576"},{"taxonomy":"post_tag","embeddable":true,"href":"https:\/\/www.europesays.com\/de\/wp-json\/wp\/v2\/tags?post=1045576"}],"curies":[{"name":"wp","href":"https:\/\/api.w.org\/{rel}","templated":true}]}}