{"id":1045691,"date":"2026-05-25T18:20:00","date_gmt":"2026-05-25T18:20:00","guid":{"rendered":"https:\/\/www.europesays.com\/de\/1045691\/"},"modified":"2026-05-25T18:20:00","modified_gmt":"2026-05-25T18:20:00","slug":"sanku-maotsai-in-duesseldorf-wann-ist-eroeffnung","status":"publish","type":"post","link":"https:\/\/www.europesays.com\/de\/1045691\/","title":{"rendered":"Sanku Maots&#8217;ai in D\u00fcsseldorf &#8211; wann ist Er\u00f6ffnung?"},"content":{"rendered":"<p class=\"text_ohne_einzug richtext text-em-55 !leading-serif mx-6 desktop:mx-0\">\u201eComing soon\u201c steht auf den auff\u00e4lligen gelben Plakaten im Schaufenster des Lokals an der Ecke Karlstra\u00dfe\/Bismarckstra\u00dfe. Drinnen sind schon erste M\u00f6bel der Kette zu sehen, die hier bald ihre erste D\u00fcsseldorfer Dependance er\u00f6ffnen will. Wann es genau losgeht, ist noch nicht bekannt. Doch was kulinarisch geboten werden wird, dar\u00fcber kann man sich im Internet ausgiebig informieren.<\/p>\n","protected":false},"excerpt":{"rendered":"\u201eComing soon\u201c steht auf den auff\u00e4lligen gelben Plakaten im Schaufenster des Lokals an der Ecke Karlstra\u00dfe\/Bismarckstra\u00dfe. Drinnen sind&hellip;\n","protected":false},"author":2,"featured_media":1045692,"comment_status":"","ping_status":"","sticky":false,"template":"","format":"standard","meta":{"footnotes":"","_share_on_mastodon":"0"},"categories":[1831],"tags":[223864,3364,29,3405,30,18614,1209,223863],"class_list":["post-1045691","post","type-post","status-publish","format-standard","has-post-thumbnail","category-duesseldorf","tag-bruehe","tag-de","tag-deutschland","tag-duesseldorf","tag-germany","tag-kette","tag-nordrhein-westfalen","tag-szechuan"],"share_on_mastodon":{"url":"https:\/\/pubeurope.com\/@de\/116636603382631506","error":""},"_links":{"self":[{"href":"https:\/\/www.europesays.com\/de\/wp-json\/wp\/v2\/posts\/1045691","targetHints":{"allow":["GET"]}}],"collection":[{"href":"https:\/\/www.europesays.com\/de\/wp-json\/wp\/v2\/posts"}],"about":[{"href":"https:\/\/www.europesays.com\/de\/wp-json\/wp\/v2\/types\/post"}],"author":[{"embeddable":true,"href":"https:\/\/www.europesays.com\/de\/wp-json\/wp\/v2\/users\/2"}],"replies":[{"embeddable":true,"href":"https:\/\/www.europesays.com\/de\/wp-json\/wp\/v2\/comments?post=1045691"}],"version-history":[{"count":0,"href":"https:\/\/www.europesays.com\/de\/wp-json\/wp\/v2\/posts\/1045691\/revisions"}],"wp:featuredmedia":[{"embeddable":true,"href":"https:\/\/www.europesays.com\/de\/wp-json\/wp\/v2\/media\/1045692"}],"wp:attachment":[{"href":"https:\/\/www.europesays.com\/de\/wp-json\/wp\/v2\/media?parent=1045691"}],"wp:term":[{"taxonomy":"category","embeddable":true,"href":"https:\/\/www.europesays.com\/de\/wp-json\/wp\/v2\/categories?post=1045691"},{"taxonomy":"post_tag","embeddable":true,"href":"https:\/\/www.europesays.com\/de\/wp-json\/wp\/v2\/tags?post=1045691"}],"curies":[{"name":"wp","href":"https:\/\/api.w.org\/{rel}","templated":true}]}}