{"id":1045770,"date":"2026-05-25T19:09:05","date_gmt":"2026-05-25T19:09:05","guid":{"rendered":"https:\/\/www.europesays.com\/de\/1045770\/"},"modified":"2026-05-25T19:09:05","modified_gmt":"2026-05-25T19:09:05","slug":"digitales-leben-rechercheportal-zu-rechter-gewalt-online-karlsruhe","status":"publish","type":"post","link":"https:\/\/www.europesays.com\/de\/1045770\/","title":{"rendered":"Digitales Leben: Rechercheportal zu rechter Gewalt online &#8211; Karlsruhe"},"content":{"rendered":"<p class=\"rhp-dpa-teaser\"><b>Rechte Gewalt ist Teil deutscher Geschichte und Gegenwart. Das zeigt ein in Baden-W\u00fcrttemberg entstandenes digitales Rechercheportal. Das Portal w\u00fcrdigt auch dessen Opfer.<\/b><\/p>\n<p> <a class=\"rtr-entity\" data-rtr-entity=\"Bundesarchiv\" data-rtr-id=\"c2d678e5a2441ef1a2e43c36243e5df1457972b5\" data-rtr-score=\"14.97414907367514\" data-rtr-etype=\"organisation\" data-rtr-index=\"6\" href=\"https:\/\/www.rheinpfalz.de\/themen\/bundesarchiv\" rel=\"nofollow noopener\" target=\"_blank\">Bundesarchiv<\/a> und Landesarchiv <a class=\"rtr-entity\" data-rtr-entity=\"Baden-W\u00fcrttemberg\" data-rtr-id=\"0fdc2cc0d57adcb40e552e04b6df79fc5a962279\" data-rtr-score=\"37.68968117190866\" data-rtr-etype=\"location\" data-rtr-index=\"1\" href=\"https:\/\/www.rheinpfalz.de\/themen\/baden-wuerttemberg\" rel=\"nofollow noopener\" target=\"_blank\">Baden-W\u00fcrttemberg<\/a> haben die Plattform www.themenportal-rechtegewalt.de gemeinsam mit dem Leibnitz-Institut f\u00fcr Informationsinfrastruktur  aufgebaut. Das Angebot  dokumentiert Ereignisse rechtsextremer und rechtsterroristischer Gewalt in Deutschland und gibt einen \u00dcberblick \u00fcber relevante Archivunterlagen.<\/p>\n<p>\u201eDas Portal ,Rechte Gewalt\u2019 leistet einen wichtigen Beitrag zur Dokumentation und Aufarbeitung in Deutschland sowie zur Sensibilisierung mit Blick auf fremdenfeindliche und rechtsextremistische Entwicklungen in der Gegenwart\u201c, erkl\u00e4rte Michael Hollmann, Pr\u00e4sident des Bundesarchivs. Mit dem Portal, so sagte der Pr\u00e4sident des Landesarchivs Baden-W\u00fcrttemberg, Gerald Maier, w\u00fcrden die Morde des <a class=\"rtr-entity\" data-rtr-entity=\"NSU\" data-rtr-id=\"228c487b132af6bac5c63a5d2ea715fb27f08f22\" data-rtr-score=\"20.42223179663938\" data-rtr-etype=\"organisation\" data-rtr-index=\"18\" href=\"https:\/\/www.rheinpfalz.de\/themen\/nsu\" rel=\"nofollow noopener\" target=\"_blank\">NSU<\/a> und auch alle anderen Opfer rechter Gewalt Teil der deutschen Erinnerungskultur. \u201eSie sind nicht vergessen.\u201c Gleichzeitig wolle man mit dem Portal die juristische Verfolgung der Taten dokumentieren. <\/p>\n<p>Rechte Gewalt zieht sich durch die Geschichte Deutschlands, sowohl in der Bundesrepublik, als auch in der DDR. Ereignisse wie das Oktoberfestattentat in M\u00fcnchen 1980, die rassistischen Brandanschl\u00e4ge in M\u00f6lln und Solingen und die Pogrome von Erfurt 1975 sowie Hoyerswerda und Rostock Anfang der 1990er-Jahre stehen f\u00fcr Tausende weiterer Ereignisse. In das Bewusstsein einer breiten \u00d6ffentlichkeit waren sie zuletzt mit den Morden, Sprengstoffanschl\u00e4gen und Bank\u00fcberf\u00e4llen des Nationalsozialistischen Untergrunds (NSU) ger\u00fcckt. <\/p>\n<p>Einen inhaltlichen Schwerpunkt bilden in der ersten Ausbaustufe Dossiers als quellenbasierte Aufarbeitung zentraler Ereignisse rechter Gewalt. Das Themenportal verwendet verschiedene Systeme zur Einordnung rechter Gewalt, die von staatlichen Stellen und zivilgesellschaftlichen Initiativen entwickelt wurden. Beim Aufbau war es wichtig, dass die Opfer und deren pers\u00f6nliches Umfeld in angemessener Form Ber\u00fccksichtigung finden. Angestrebt wird eine Dokumentation der Ereignisse und deren Einordnung  in einen Kontext. Ein weiteres wichtiges Ziel ist es, einen \u00dcberblick \u00fcber Unterlagen zu geben, die an verschiedenen Orten, bei staatlichen Stellen sowie zivilgesellschaftlichen Gruppen und Initiativen vorhanden sind. Freie Archive haben die M\u00f6glichkeit, ihre Sammlungen der \u00d6ffentlichkeit auf dem Themenportal zug\u00e4nglich zu machen.<\/p>\n<p><img decoding=\"async\" loading=\"lazy\" src=\"https:\/\/www.europesays.com\/de\/wp-content\/uploads\/2026\/05\/7019930_1_articledetail_9017162.webp\" alt=\"Rechte Gewalt zieht sich durch die Geschichte Deutschlands. Das Portal dokumentiert sie.\" title=\"Rechte Gewalt zieht sich durch die Geschichte Deutschlands. Das Portal dokumentiert sie.\" width=\"753\" height=\"502\" class=\"nfy-mobile-first\"\/> Rechte Gewalt zieht sich durch die Geschichte Deutschlands. Das Portal dokumentiert sie.Foto: picture-alliance\/ dpa<\/p>\n","protected":false},"excerpt":{"rendered":"Rechte Gewalt ist Teil deutscher Geschichte und Gegenwart. Das zeigt ein in Baden-W\u00fcrttemberg entstandenes digitales Rechercheportal. Das Portal&hellip;\n","protected":false},"author":2,"featured_media":1045771,"comment_status":"","ping_status":"","sticky":false,"template":"","format":"standard","meta":{"footnotes":"","_share_on_mastodon":"0"},"categories":[1844],"tags":[1634,171656,3364,29,223912,30,8903,4060,171655,417,223911],"class_list":["post-1045770","post","type-post","status-publish","format-standard","has-post-thumbnail","category-karlsruhe","tag-baden-wuerttemberg","tag-bundesarchiv","tag-de","tag-deutschland","tag-gerald-maier","tag-germany","tag-karlsruhe","tag-lokal","tag-michael-hollmann","tag-nsu","tag-rechercheportal"],"share_on_mastodon":{"url":"","error":""},"_links":{"self":[{"href":"https:\/\/www.europesays.com\/de\/wp-json\/wp\/v2\/posts\/1045770","targetHints":{"allow":["GET"]}}],"collection":[{"href":"https:\/\/www.europesays.com\/de\/wp-json\/wp\/v2\/posts"}],"about":[{"href":"https:\/\/www.europesays.com\/de\/wp-json\/wp\/v2\/types\/post"}],"author":[{"embeddable":true,"href":"https:\/\/www.europesays.com\/de\/wp-json\/wp\/v2\/users\/2"}],"replies":[{"embeddable":true,"href":"https:\/\/www.europesays.com\/de\/wp-json\/wp\/v2\/comments?post=1045770"}],"version-history":[{"count":0,"href":"https:\/\/www.europesays.com\/de\/wp-json\/wp\/v2\/posts\/1045770\/revisions"}],"wp:featuredmedia":[{"embeddable":true,"href":"https:\/\/www.europesays.com\/de\/wp-json\/wp\/v2\/media\/1045771"}],"wp:attachment":[{"href":"https:\/\/www.europesays.com\/de\/wp-json\/wp\/v2\/media?parent=1045770"}],"wp:term":[{"taxonomy":"category","embeddable":true,"href":"https:\/\/www.europesays.com\/de\/wp-json\/wp\/v2\/categories?post=1045770"},{"taxonomy":"post_tag","embeddable":true,"href":"https:\/\/www.europesays.com\/de\/wp-json\/wp\/v2\/tags?post=1045770"}],"curies":[{"name":"wp","href":"https:\/\/api.w.org\/{rel}","templated":true}]}}