{"id":1045883,"date":"2026-05-25T20:35:32","date_gmt":"2026-05-25T20:35:32","guid":{"rendered":"https:\/\/www.europesays.com\/de\/1045883\/"},"modified":"2026-05-25T20:35:32","modified_gmt":"2026-05-25T20:35:32","slug":"tochter-carys-zeta-mit-debuet-familientradition-im-hause-douglas-setzt-sich-fort","status":"publish","type":"post","link":"https:\/\/www.europesays.com\/de\/1045883\/","title":{"rendered":"Tochter Carys Zeta mit Deb\u00fct: Familientradition im Hause Douglas setzt sich fort"},"content":{"rendered":"<p>Tochter Carys Zeta mit Deb\u00fctFamilientradition im Hause Douglas setzt sich fort<\/p>\n<p>25.05.2026, 20:18 Uhr <\/p>\n<p>Artikel anh\u00f6ren(02:56 min)<\/p>\n<p><img decoding=\"async\" class=\"Image_img__fQCi0 Image_Img_16_9__4BLfH widget-picture-inline_maximizable__t_E7h\" loading=\"eager\" fetchpriority=\"high\" src=\"https:\/\/www.europesays.com\/de\/wp-content\/uploads\/2026\/05\/November-21-2025-New-York-Ny-United-States-Carys-Zeta-Douglas-attends-the-New-York-Premiere-of-Hamne.webp\" alt=\"November-21-2025-New-York-Ny-United-States-Carys-Zeta-Douglas-attends-the-New-York-Premiere-of-Hamnet-Held-at-The-Whitby-Hotel-in-New-York-Photo-Image-Press-Zuma-Press-November-21-2025\"\/>Im Jahr 2003 geboren: Carys Zeta Douglas. (Foto: picture alliance \/ ZUMAPRESS.com)TeilenFolgen auf:<a href=\"https:\/\/www.whatsapp.com\/channel\/0029Va5cdVJD8SDp5YZgYF01\" title=\"Auf WhatsApp folgen\" target=\"_blank\" rel=\"nofollow noopener\"><img decoding=\"async\" src=\"https:\/\/www.n-tv.de\/socialIcons\/whatsapp.svg\" alt=\"whatsapp\" class=\"ArticleShare_icon__FsrC2\"\/><\/a><a href=\"https:\/\/www.google.com\/preferences\/source?q=n-tv.de\" title=\"ntv als bevorzugte Quelle auf Google hinzuf\u00fcgen\" target=\"_blank\" rel=\"nofollow noopener\"><img decoding=\"async\" src=\"https:\/\/www.n-tv.de\/socialIcons\/google.svg\" alt=\"whatsapp\" class=\"ArticleShare_icon__FsrC2\"\/><\/a><\/p>\n<p class=\"Typography_text-m__XI0da Typography_weight-bold__uT6mq storyline_lead_text_leadtext__q_wg8\">Vor der Kamera sammelte sie schon Erfahrung &#8211; nun geht es f\u00fcr Carys Zeta Douglas auf die Theaterb\u00fchne. Und da spielt die aufstrebende Schauspielerin eine aufstrebende Schauspielerin. <\/p>\n<p class=\"Typography_text-default__P3otY Typography_weight-normal__pqUbH storyline_paragraph_p__qSR5N\">Neue Rolle f\u00fcr Carys Zeta Douglas: Die Tochter von Catherine Zeta-Jones und Michael Douglas steht vor ihrem professionellen B\u00fchnendeb\u00fct. Die 23-J\u00e4hrige \u00fcbernimmt eine der Hauptrollen in einer Inszenierung von Anton Tschechows &#8222;Die M\u00f6we&#8220;.<\/p>\n<p class=\"Typography_text-default__P3otY Typography_weight-normal__pqUbH storyline_paragraph_p__qSR5N\">Die Produktionsfirma Solid Flesh stellte den Cast\u00a0auf Instagram\u00a0vor. Demnach spielt die 23-J\u00e4hrige die Figur Nina, eine aufstrebende Schauspielerin, die von einer gro\u00dfen Karriere tr\u00e4umt und in ein komplexes Beziehungsgeflecht ger\u00e4t. Zeta Douglas best\u00e4tigte ihre Teilnahme, indem sie den Beitrag in ihrer Instagram-Story teilte. Einem weiteren Instagram-Post zufolge wird sie mit den weiteren Darstellern am 20., 26. und 27. Juni in der St. Lydia&#8217;s Church in Brooklyn, New York City, auf der B\u00fchne stehen.<\/p>\n<p>&#8222;Mit Theater aufgewachsen&#8220;<\/p>\n<p class=\"Typography_text-default__P3otY Typography_weight-normal__pqUbH storyline_paragraph_p__qSR5N\">Carys Zeta Douglas hatte im vergangenen Jahr ihr Studium in Film und internationale Beziehungen an der Brown University abgeschlossen. Den Abschluss hatte ihre Mutter damals\u00a0mit einem Instagram-Foto\u00a0gefeiert, auf dem die 56 Jahre alte Catherine Zeta-Jones und der 81 Jahre alte Michael Douglas ihre Tochter auf die Wange k\u00fcssen. \u00dcber ihre Zukunftspl\u00e4ne nach dem Studium\u00a0sagte Carys dem &#8222;People&#8220;-Magazin: &#8222;Ich bin mit Theater aufgewachsen und habe Schauspiel nicht in der Schule studiert, aber genau deshalb freue ich mich, in so einem lehrreichen k\u00fcnstlerischen Umfeld zu sein &#8211; und hoffentlich noch mehr davon zu lernen.&#8220;<\/p>\n<p class=\"Typography_text-default__P3otY Typography_weight-normal__pqUbH storyline_paragraph_p__qSR5N\">Bereits 2024 sammelte sie erste Erfahrungen vor der Kamera. Sie spielte in dem Kurzfilm &#8222;F*ck That Guy&#8220; mit, ebenso wie in dem Kurzfilm &#8222;Shell&#8220;.<\/p>\n<p class=\"Typography_text-default__P3otY Typography_weight-normal__pqUbH storyline_paragraph_p__qSR5N\">Auch ihr gro\u00dfer Bruder Dylan Michael Douglas verfolgt eine Schauspielkarriere. Der 25-J\u00e4hrige absolvierte ebenfalls ein Studium an der Brown University, allerdings bereits 2022. In dem Psychothriller &#8222;I Will Come to You&#8220; wird er sein Filmdeb\u00fct geben. Und die k\u00fcnstlerischen Wurzeln der Familie reichen noch weiter zur\u00fcck. Ihrer beider Gro\u00dfvater, der 2020 im Alter von 103 Jahren verstorbene Kirk Douglas, z\u00e4hlt zu den gr\u00f6\u00dften Hollywood-Ikonen des 20. Jahrhunderts.<\/p>\n<p class=\"Typography_text-s__wu_cm Typography_weight-normal__pqUbH Typography_color-darkgrey__sZEnP article-detail-footer_source__KslPc\">Quelle: ntv.de, mpe\/spot<\/p>\n","protected":false},"excerpt":{"rendered":"Tochter Carys Zeta mit Deb\u00fctFamilientradition im Hause Douglas setzt sich fort 25.05.2026, 20:18 Uhr Artikel anh\u00f6ren(02:56 min) Im&hellip;\n","protected":false},"author":2,"featured_media":1045884,"comment_status":"","ping_status":"","sticky":false,"template":"","format":"standard","meta":{"footnotes":"","_share_on_mastodon":"0"},"categories":[155],"tags":[140381,29,214,30,683,4449,215],"class_list":["post-1045883","post","type-post","status-publish","format-standard","has-post-thumbnail","category-unterhaltung","tag-catherine-zeta-jones","tag-deutschland","tag-entertainment","tag-germany","tag-hollywood","tag-michael-douglas","tag-unterhaltung"],"share_on_mastodon":{"url":"https:\/\/pubeurope.com\/@de\/116637134245914574","error":""},"_links":{"self":[{"href":"https:\/\/www.europesays.com\/de\/wp-json\/wp\/v2\/posts\/1045883","targetHints":{"allow":["GET"]}}],"collection":[{"href":"https:\/\/www.europesays.com\/de\/wp-json\/wp\/v2\/posts"}],"about":[{"href":"https:\/\/www.europesays.com\/de\/wp-json\/wp\/v2\/types\/post"}],"author":[{"embeddable":true,"href":"https:\/\/www.europesays.com\/de\/wp-json\/wp\/v2\/users\/2"}],"replies":[{"embeddable":true,"href":"https:\/\/www.europesays.com\/de\/wp-json\/wp\/v2\/comments?post=1045883"}],"version-history":[{"count":0,"href":"https:\/\/www.europesays.com\/de\/wp-json\/wp\/v2\/posts\/1045883\/revisions"}],"wp:featuredmedia":[{"embeddable":true,"href":"https:\/\/www.europesays.com\/de\/wp-json\/wp\/v2\/media\/1045884"}],"wp:attachment":[{"href":"https:\/\/www.europesays.com\/de\/wp-json\/wp\/v2\/media?parent=1045883"}],"wp:term":[{"taxonomy":"category","embeddable":true,"href":"https:\/\/www.europesays.com\/de\/wp-json\/wp\/v2\/categories?post=1045883"},{"taxonomy":"post_tag","embeddable":true,"href":"https:\/\/www.europesays.com\/de\/wp-json\/wp\/v2\/tags?post=1045883"}],"curies":[{"name":"wp","href":"https:\/\/api.w.org\/{rel}","templated":true}]}}