{"id":1045909,"date":"2026-05-25T20:50:23","date_gmt":"2026-05-25T20:50:23","guid":{"rendered":"https:\/\/www.europesays.com\/de\/1045909\/"},"modified":"2026-05-25T20:50:23","modified_gmt":"2026-05-25T20:50:23","slug":"rennrad-lockt-hobbysportler-im-landkreis-augsburg-auf-die-strassen","status":"publish","type":"post","link":"https:\/\/www.europesays.com\/de\/1045909\/","title":{"rendered":"Rennrad lockt Hobbysportler im Landkreis Augsburg auf die Stra\u00dfen"},"content":{"rendered":"<p class=\"mb-6 text-xs md:text-m lg:text-l font-serif group-[.font-sans]:font-sans \">\n    Ob auf dem Radweg oder auf der Stra\u00dfe: Im Landkreis Augsburg sind derzeit immer mehr Fahrerinnen und Fahrer auf Rennr\u00e4dern und Gravelbikes unterwegs. Einige drehen allein ihre Trainingsrunden, andere verabreden sich \u00fcber die Sozialen Medien zu gemeinsamen Ausfahrten.\n  <\/p>\n<p class=\"mb-6 text-xs md:text-m lg:text-l font-serif group-[.font-sans]:font-sans \">\n    Radh\u00e4ndler im Landkreis best\u00e4tigen den Trend. \u201eDie Nachfrage nach Gravelbikes war im letzten Jahr konstant sehr hoch\u201c, sagt Peter Scherla von \u201eBikes and More\u201c in <a href=\"https:\/\/www.augsburger-allgemeine.de\/schwabmuenchen\/ort\/koenigsbrunn\" target=\"_self\" class=\"underline \" rel=\"nofollow noopener\">K\u00f6nigsbrunn<\/a>. Eine eher junge und urbane Zielgruppe kaufe diese R\u00e4der. Meist seien das auch keine Einsteiger, sondern bereits erfahrene Sportlerinnen und Sportler.\n  <\/p>\n<p>            Jobrad-Leasing kurbelt Verkauf teurer R\u00e4der an<\/p>\n<p class=\"mb-6 text-xs md:text-m lg:text-l font-serif group-[.font-sans]:font-sans \">\n    Auch Alex Hofer, Fahrradh\u00e4ndler aus <a href=\"https:\/\/augsburger-allgemeine.de\/augsburg-land\/ort\/Gersthofen\" target=\"_self\" class=\"underline \" rel=\"nofollow noopener\">Gersthofen<\/a>, best\u00e4tigt diese Entwicklung: \u201eDer Trend des Gravelbikes ist unaufhaltsam.\u201c Insbesondere Frauen fahren aktuell Gravelbike. \u201eEs gibt dieses Jahr ein paar sch\u00f6ne Modelle, die auch gekauft werden\u201c, sagt Hofer.\n  <\/p>\n<p class=\"mb-6 text-xs md:text-m lg:text-l font-serif group-[.font-sans]:font-sans \">\n    Besonders im hochpreisigen Segment sei die Nachfrage gro\u00df, berichten die H\u00e4ndler. Durch das Jobrad-Leasing spiele der Preis oft eine geringere Rolle. Dabei wird das Rad entweder durch eine Gehaltsumwandlung in Sachleistung oder \u00fcber ein Gehaltsextra vom Arbeitgeber finanziert. R\u00e4der f\u00fcr mehrere tausend Euro seien keine Seltenheit mehr. Hofer berichtet, dass sich Kunden von ihm mit R\u00e4dern im Wert von 12.000 Euro ausstatten lie\u00dfen. Besonders dann, wenn der Arbeitgeber den Preis f\u00fcr das Jobrad nicht deckele. Die teuersten Modelle k\u00f6nnen bei J\u00fcrgen Dorn in Gersthofen sogar bis zu 18.000 Euro kosten.\n  <\/p>\n<p class=\"mb-6 text-xs md:text-m lg:text-l font-serif group-[.font-sans]:font-sans \">\n    Die Beobachtungen der H\u00e4ndler unterstreichen auch die Absatzzahlen. <a href=\"https:\/\/www.augsburger-allgemeine.de\/donauwoerth\/sport\/monheim-sarah-degmayr-meistert-unsupported-ultra-radrace-quer-durch-andalusien-110718871\" target=\"_self\" class=\"underline \" rel=\"nofollow noopener\">Gravelbikes haben im Bereich der unmotorisierten Fahrr\u00e4der 2025 einen Verkaufsanteil von zehn Prozent erreicht<\/a>. Sportliche R\u00e4der, zu denen sowohl das Rennrad als auch das Gravelbike z\u00e4hlen, liegen insgesamt bei einem Marktanteil von \u00fcber vierzehn Prozent. Das sportliche Fahren r\u00fcckt demnach st\u00e4rker in den Mittelpunkt.\n  <\/p>\n<p>      <a href=\"https:\/\/www.augsburger-allgemeine.de\/augsburg\/die-schoensten-radtouren-um-augsburg-tipps-fuer-den-fruehling-113767838\" class=\"hidden  &#010;                md:block md:mr-5 md:min-w-[140px]  aspect-photo md:aspect-tv lg:aspect-tv w-fullXXX relative self-start inline overflow-hidden\" rel=\"nofollow noopener\" target=\"_blank\"><\/p>\n<p>    <img decoding=\"async\" src=\"\" alt=\"Eine der sch\u00f6nsten Radstrecken in Augsburg f\u00fchrt zum Hochablass. Auf der Staumauer selbst muss man allerdings schieben.\" title=\"Eine der sch\u00f6nsten Radstrecken in Augsburg f\u00fchrt zum Hochablass. Auf der Staumauer selbst muss man allerdings schieben.\" loading=\"lazy\" class=\"h-full w-full object-cover\"\/><br \/>\n   <\/a><\/p>\n<p>            Radsport Dorn in Gersthofen sieht weiter steigende Nachfrage nach Rennr\u00e4dern<\/p>\n<p class=\"mb-6 text-xs md:text-m lg:text-l font-serif group-[.font-sans]:font-sans \">\n    Dorn glaubt nicht, dass der Trend ums Rennradfahren bald abnimmt. Seiner Meinung nach boomt der Verkauf von sportlichen R\u00e4dern, weil viele einfach etwas Neues probieren wollten. Gerade wenn Freunde auch schon ein Sportrad h\u00e4tten, w\u00e4re der Wunsch gro\u00df. \u201eViele bleiben dann auch dabei\u201c, sagt er. \u201eIn 28 Jahren hatte ich nur einen Kunden, der gesagt hat, Rennradfahren war nicht seins.\u201c Dorn unterst\u00fctzt mit seinem Laden auch den Rennradtreff <a href=\"https:\/\/www.augsburger-allgemeine.de\/augsburg\/\" target=\"_self\" class=\"underline \" rel=\"nofollow noopener\">Augsburg<\/a>.\n  <\/p>\n<p>    <img decoding=\"async\" src=\"https:\/\/www.europesays.com\/de\/wp-content\/uploads\/2026\/05\/mandichosee.jpg\" alt=\"F\u00fcr eine Radtour ist der Mandichosee ein sch\u00f6nes Ziel oder Zwischenziel.\" title=\"F\u00fcr eine Radtour ist der Mandichosee ein sch\u00f6nes Ziel oder Zwischenziel.\" loading=\"lazy\" class=\"h-full w-full object-cover\"\/><\/p>\n<p>      Icon vergr\u00f6\u00dfern<\/p>\n<p>    F\u00fcr eine Radtour ist der Mandichosee ein sch\u00f6nes Ziel oder Zwischenziel.<br \/>\n    Foto: Christof Paulus<\/p>\n<p>        Schlie\u00dfen <\/p>\n<p>      Icon Schlie\u00dfen<\/p>\n<p>        Icon vergr\u00f6\u00dfern<\/p>\n<p>        Icon verkleinern<\/p>\n<p>      Icon Pfeil bewegen<\/p>\n<p>    F\u00fcr eine Radtour ist der Mandichosee ein sch\u00f6nes Ziel oder Zwischenziel.<br \/>\n    Foto: Christof Paulus<\/p>\n<p class=\"mb-6 text-xs md:text-m lg:text-l font-serif group-[.font-sans]:font-sans \">\n    2017 von Martin Eberhard aus Freude am Radfahren gegr\u00fcndet, erreicht der Stadtberger Club heute mit seinem Mailverteiler ungef\u00e4hr 1000 Radbegeisterte. Drei Ausfahrten die Woche gibt es, die nach Leistungsgruppen gestaffelt sind. Insgesamt 100 Hobbyfahrende sind w\u00f6chentlich dabei. \u201eBeim Rennradtreff steht der Hobbygedanke im Mittelpunkt. Wir fahren gemeinsam los und kommen gemeinsam an\u201c, berichtet Eberhard. Jeder k\u00f6nne kommen, Ausr\u00fcstung, Alter und Geschlecht spielten keine Rolle. Lediglich die Registrierung \u00fcber die Webseite sei Voraussetzung.\n  <\/p>\n<p class=\"mb-6 text-xs md:text-m lg:text-l font-serif group-[.font-sans]:font-sans \">\n    <a href=\"https:\/\/www.augsburger-allgemeine.de\/augsburg-land\/radsport-am-seilerberg-herrscht-tour-atmosphaere-102854197\" target=\"_self\" class=\"underline \" rel=\"nofollow noopener\">Auch besondere Events organisiert der Club regelm\u00e4\u00dfig.<\/a> In der Vergangenheit gab es bereits eine Ausfahrt an den Gardasee oder ein Trainingslager auf Mallorca. Im Landkreis Augsburg habe man in den letzten Jahren \u00fcber 80 verschiedene Routen und Ausfahrten geplant. Die Vorbereitung hierf\u00fcr sei aufwendig. Bei Probefahrten m\u00fcssen die Radwege und Gefahrenstellen evaluiert werden. Nur so sei auch die Sicherheit der Teilnehmenden gew\u00e4hrleistet.\n  <\/p>\n<p>            Innenstadt-Kriterium und Trainingsfahrten \u2013 aber die RSG Augsburg setzt auch auf Jedermann-Rennen<\/p>\n<p class=\"mb-6 text-xs md:text-m lg:text-l font-serif group-[.font-sans]:font-sans \">\n    W\u00e4hrend lose organisierte Gruppen boomen, beobachten auch klassische Vereine ein wachsendes Interesse an niedrigschwelligen Angeboten. Besonders Jedermann-Rennen h\u00e4tten zuletzt starken Zulauf erfahren, sagt Matthias Robert, dritter Vorsitzender der RSG Augsburg. <a href=\"https:\/\/www.augsburger-allgemeine.de\/sport\/radrennen-in-augsburg-1-augsburger-innenstadtkriterium-mit-50-stundenkilometern-durch-die-maxstrasse-id67062341.html\" target=\"_self\" class=\"underline \" rel=\"nofollow noopener\">Das zeige sich auch beim Innenstadt-Kriterium, das die RSG gemeinsam mit der Stadt Augsburg veranstaltet<\/a> und das in diesem Jahr in die dritte Ausgabe geht. Neben den klassischen Lizenzrennen gebe es dort auch ein Jedermann-Rennen ohne Meisterschaftswertung, das regelm\u00e4\u00dfig auf gro\u00dfes Interesse st\u00f6\u00dft. Der Trend gehe weg vom leistungsorientierten Training mit der Mannschaft und hin zu Hobbyausfahrten.\n  <\/p>\n<p class=\"mb-6 text-xs md:text-m lg:text-l font-serif group-[.font-sans]:font-sans \">\n    Der Boom rund um Rennr\u00e4der und Gravelbikes hat mehrere Gr\u00fcnde: Mit Jobrad-Leasing werden teure Sportfahrr\u00e4der erschwinglicher. Gleichzeitig suchen viele nach Outdoor-Hobbys, die Fitness und das Gemeinschaftserlebnis in den Mittelpunkt stellen. \u00dcber die sozialen Medien finden Einsteiger zudem schnell Anschluss und passende Veranstaltungen im Landkreis. Ob bei einer Feierabendrunde durch die Westlichen W\u00e4lder oder l\u00e4ngeren Touren durchs Aichacher Land: Kein Wunder, dass der Trend inzwischen auch die Stra\u00dfen im Landkreis Augsburg pr\u00e4gt.\n  <\/p>\n","protected":false},"excerpt":{"rendered":"Ob auf dem Radweg oder auf der Stra\u00dfe: Im Landkreis Augsburg sind derzeit immer mehr Fahrerinnen und Fahrer&hellip;\n","protected":false},"author":2,"featured_media":1045910,"comment_status":"","ping_status":"","sticky":false,"template":"","format":"standard","meta":{"footnotes":"","_share_on_mastodon":"0"},"categories":[1846],"tags":[223937,680,772,3364,29,548,663,3934,30,60334,13,223936,2225,137026,43912,223938,14,15,8733,14265,12],"class_list":["post-1045909","post","type-post","status-publish","format-standard","has-post-thumbnail","category-augsburg","tag-alex-hofer","tag-augsburg","tag-bayern","tag-de","tag-deutschland","tag-eu","tag-europa","tag-europe","tag-germany","tag-gersthofen","tag-headlines","tag-juergen-dorn","tag-landkreis","tag-landkreis-augsburg","tag-leasing","tag-martin-eberhard","tag-nachrichten","tag-news","tag-radweg","tag-rennrad","tag-schlagzeilen"],"share_on_mastodon":{"url":"https:\/\/pubeurope.com\/@de\/116637193447881657","error":""},"_links":{"self":[{"href":"https:\/\/www.europesays.com\/de\/wp-json\/wp\/v2\/posts\/1045909","targetHints":{"allow":["GET"]}}],"collection":[{"href":"https:\/\/www.europesays.com\/de\/wp-json\/wp\/v2\/posts"}],"about":[{"href":"https:\/\/www.europesays.com\/de\/wp-json\/wp\/v2\/types\/post"}],"author":[{"embeddable":true,"href":"https:\/\/www.europesays.com\/de\/wp-json\/wp\/v2\/users\/2"}],"replies":[{"embeddable":true,"href":"https:\/\/www.europesays.com\/de\/wp-json\/wp\/v2\/comments?post=1045909"}],"version-history":[{"count":0,"href":"https:\/\/www.europesays.com\/de\/wp-json\/wp\/v2\/posts\/1045909\/revisions"}],"wp:featuredmedia":[{"embeddable":true,"href":"https:\/\/www.europesays.com\/de\/wp-json\/wp\/v2\/media\/1045910"}],"wp:attachment":[{"href":"https:\/\/www.europesays.com\/de\/wp-json\/wp\/v2\/media?parent=1045909"}],"wp:term":[{"taxonomy":"category","embeddable":true,"href":"https:\/\/www.europesays.com\/de\/wp-json\/wp\/v2\/categories?post=1045909"},{"taxonomy":"post_tag","embeddable":true,"href":"https:\/\/www.europesays.com\/de\/wp-json\/wp\/v2\/tags?post=1045909"}],"curies":[{"name":"wp","href":"https:\/\/api.w.org\/{rel}","templated":true}]}}